{"id":216804,"date":"2024-01-08T18:14:28","date_gmt":"2024-01-08T17:14:28","guid":{"rendered":"https:\/\/smago.de\/ws2\/?p=216804"},"modified":"2024-01-08T18:14:28","modified_gmt":"2024-01-08T17:14:28","slug":"franz-beckenbauer-heute-08-01-2024-das-erste-ard-beckenbauer","status":"publish","type":"post","link":"https:\/\/smago.de\/ws2\/oldies\/franz-beckenbauer-heute-08-01-2024-das-erste-ard-beckenbauer\/","title":{"rendered":"FRANZ BECKENBAUER <br>Heute, 08.01.2024, Das Erste \/ ARD: &#8222;Beckenbauer&#8220;!"},"content":{"rendered":"<p>20:30 Uhr &#8211; 22:00 Uhr!<br \/>\n<!--more--><\/p>\n<p>&nbsp;<\/p>\n<p style=\"text-align: justify;\">\n<p style=\"text-align: justify;\">FRANZ BECKENBAUER \u2013 Lichtgestalt des deutschen Fu\u00dfballs, Weltmeister als Spieler und Trainer, Vater des Sommerm\u00e4rchens 2006, Werbeikone, Weltstar. Der Mann, den alle nur den &#8222;Kaiser&#8220; nennen, pr\u00e4gt das Bild der Bundesrepublik Deutschland wie sonst kaum jemand. Der &#8222;Kaiser&#8220; Franz Beckenbauer erscheint wie ein nationales Gut, der Mensch Franz Beckenbauer aber ist nur wenigen vorbehalten.<\/p>\n<p style=\"text-align: justify;\">Die Autoren Philipp Gr\u00fcll und Christoph Nahr verweben im Dokumentarfilm &#8222;Beckenbauer&#8220; beide Facetten zu einem Blick auf ein Gesamtlebenswerk mit Licht und Schatten.<\/p>\n<p style=\"text-align: justify;\">Sie sprechen mit Walter Beckenbauer \u00fcber Kindheit und komplexe Beziehungen zu seinem ber\u00fchmten Bruder Franz, mit dessen ehemaliger Lebensgef\u00e4hrtin Diane Sandmann und seiner geschiedenen Frau Sybille \u00fcber den Mann und Lebenspartner Beckenbauer. Die ehemaligen Spitzen-Politiker Wolfgang Sch\u00e4uble, Otto Schily und Joschka Fischer ordnen ihre Begegnungen mit Franz Beckenbauer ein: pers\u00f6nlich, aber auch in die politische und gesellschaftliche Geschichte der Bundesrepublik.<\/p>\n<p style=\"text-align: justify;\">Weggef\u00e4hrten aus allen Phasen seiner sportlichen Karriere wie G\u00fcnter Netzer, Paul Breitner und Lothar Matth\u00e4us erz\u00e4hlen \u00fcber den Mitspieler, begnadeten Fu\u00dfballer, Trainer und Menschen. Bisher unbekanntes Archivmaterial vervollst\u00e4ndigt ein neues Bild vom Leben und Lebenswerk des Menschen und Jahrhundert-Fu\u00dfballers Franz Beckenbauer.<\/p>\n<p>&nbsp;<\/p>\n<p>&nbsp;<\/p>\n<figure id=\"attachment_216805\" aria-describedby=\"caption-attachment-216805\" style=\"width: 800px\" class=\"wp-caption alignnone\"><img decoding=\"async\" loading=\"lazy\" class=\"size-large wp-image-216805\" src=\"https:\/\/smago.de\/ws2\/wp-content\/uploads\/2024\/01\/beckenbauer_BR-800x451.jpeg\" alt=\"\" width=\"800\" height=\"451\" srcset=\"https:\/\/smago.de\/ws2\/wp-content\/uploads\/2024\/01\/beckenbauer_BR-800x451.jpeg 800w, https:\/\/smago.de\/ws2\/wp-content\/uploads\/2024\/01\/beckenbauer_BR-522x294.jpeg 522w, https:\/\/smago.de\/ws2\/wp-content\/uploads\/2024\/01\/beckenbauer_BR-266x150.jpeg 266w, https:\/\/smago.de\/ws2\/wp-content\/uploads\/2024\/01\/beckenbauer_BR-768x433.jpeg 768w, https:\/\/smago.de\/ws2\/wp-content\/uploads\/2024\/01\/beckenbauer_BR-392x221.jpeg 392w, https:\/\/smago.de\/ws2\/wp-content\/uploads\/2024\/01\/beckenbauer_BR-130x73.jpeg 130w, https:\/\/smago.de\/ws2\/wp-content\/uploads\/2024\/01\/beckenbauer_BR-790x445.jpeg 790w, https:\/\/smago.de\/ws2\/wp-content\/uploads\/2024\/01\/beckenbauer_BR-870x489.jpeg 870w, https:\/\/smago.de\/ws2\/wp-content\/uploads\/2024\/01\/beckenbauer_BR-292x164.jpeg 292w, https:\/\/smago.de\/ws2\/wp-content\/uploads\/2024\/01\/beckenbauer_BR-435x245.jpeg 435w, https:\/\/smago.de\/ws2\/wp-content\/uploads\/2024\/01\/beckenbauer_BR-895x503.jpeg 895w, https:\/\/smago.de\/ws2\/wp-content\/uploads\/2024\/01\/beckenbauer_BR.jpeg 1200w\" sizes=\"(max-width: 800px) 100vw, 800px\" \/><figcaption id=\"caption-attachment-216805\" class=\"wp-caption-text\"><em>Foto-Credit: BR<\/em><\/figcaption><\/figure>\n","protected":false},"excerpt":{"rendered":"<p>20:30 Uhr &#8211; 22:00 Uhr!<\/p>\n","protected":false},"author":2,"featured_media":216805,"comment_status":"open","ping_status":"closed","sticky":false,"template":"","format":"standard","meta":{"_FSMCFIC_featured_image_caption":"","_FSMCFIC_featured_image_nocaption":"","_FSMCFIC_featured_image_hide":""},"categories":[24,128],"tags":[2496],"acf":[],"_links":{"self":[{"href":"https:\/\/smago.de\/ws2\/wp-json\/wp\/v2\/posts\/216804"}],"collection":[{"href":"https:\/\/smago.de\/ws2\/wp-json\/wp\/v2\/posts"}],"about":[{"href":"https:\/\/smago.de\/ws2\/wp-json\/wp\/v2\/types\/post"}],"author":[{"embeddable":true,"href":"https:\/\/smago.de\/ws2\/wp-json\/wp\/v2\/users\/2"}],"replies":[{"embeddable":true,"href":"https:\/\/smago.de\/ws2\/wp-json\/wp\/v2\/comments?post=216804"}],"version-history":[{"count":1,"href":"https:\/\/smago.de\/ws2\/wp-json\/wp\/v2\/posts\/216804\/revisions"}],"predecessor-version":[{"id":216806,"href":"https:\/\/smago.de\/ws2\/wp-json\/wp\/v2\/posts\/216804\/revisions\/216806"}],"wp:featuredmedia":[{"embeddable":true,"href":"https:\/\/smago.de\/ws2\/wp-json\/wp\/v2\/media\/216805"}],"wp:attachment":[{"href":"https:\/\/smago.de\/ws2\/wp-json\/wp\/v2\/media?parent=216804"}],"wp:term":[{"taxonomy":"category","embeddable":true,"href":"https:\/\/smago.de\/ws2\/wp-json\/wp\/v2\/categories?post=216804"},{"taxonomy":"post_tag","embeddable":true,"href":"https:\/\/smago.de\/ws2\/wp-json\/wp\/v2\/tags?post=216804"}],"curies":[{"name":"wp","href":"https:\/\/api.w.org\/{rel}","templated":true}]}}