{"id":216564,"date":"2024-01-05T00:00:19","date_gmt":"2024-01-04T23:00:19","guid":{"rendered":"https:\/\/smago.de\/ws2\/?p=216564"},"modified":"2024-01-07T00:14:22","modified_gmt":"2024-01-06T23:14:22","slug":"patrick-lindner-all-meine-farben-patrick-lindner-ueber-die-schlager-blase-und-silbereisen-werbesendungen","status":"publish","type":"post","link":"https:\/\/smago.de\/ws2\/schlager\/patrick-lindner-all-meine-farben-patrick-lindner-ueber-die-schlager-blase-und-silbereisen-werbesendungen\/","title":{"rendered":"PATRICK LINDNER <br>&#8222;All meine Farben&#8220;: Patrick Lindner \u00fcber &#8222;die Schlager Blase&#8220; und &#8222;Silbereisen Werbesendungen&#8220;!"},"content":{"rendered":"<p style=\"text-align: justify;\">Der beliebte Entertainer ver\u00f6ffentlicht heute (05.01.2024) zu seinem 35-j\u00e4hrigen B\u00fchnenjubil\u00e4um eine neue Doppel-CD namens &#8222;All Deine Farben&#8220;!<br \/>\n<!--more--><\/p>\n<p>&nbsp;<\/p>\n<p>&nbsp;<\/p>\n<p>&nbsp;<\/p>\n<div style=\"text-align: justify;\">\n<div><strong>Lieber Patrick, zu Beginn deiner Karriere gab es volkst\u00fcmliche Sendungen en masse, heute fristet SELBST DU ein mediales Schattendasein (Silbereisen, Zarrella &amp; Co.). L\u00e4sst einen das nicht bisweilen verzweifeln? Erst recht dann, wenn man einen Hit wie \u201e(All) Deine Farben\u201c gelandet hat?<\/strong><\/div>\n<div>Mediales Schattendasein: Lach&#8230; das ist eine sch\u00f6ne Beschreibung, wenn man damit die Schlager Blase meint, \u00a0wo eh nur die auftreten, die auch bei Semmel Concerts eine Solo Tournee haben (Silbereisen Werbesendung). \u00a0Was die Sendungen betrifft k\u00f6nnte man das meinen, aber ich bin in der gl\u00fccklichen Lage, dass meine Person und mein Name weit dar\u00fcber hinaus bekannt sind und ich somit in vielen anderen Sendern oder Formaten stattfinde, man nennt es auch glaube ich \u201eCrossover\u201c. \u00a0Zum Beispiel &#8222;Die Herzblut Aufgabe&#8220; auf SAT.1 oder &#8222;Viva La Diva&#8220; auf RTL.<\/div>\n<div>\n<p><strong>Was kannst du zu CD 2 mit ausgew\u00e4hlten Karrieremeilensteinen erz\u00e4hlen?<\/strong><\/p>\n<\/div>\n<\/div>\n<div>Ich bin immer wieder sehr erfreut, dass ganz viele Menschen auch immer wieder nach den \u00e4lteren Titeln fragen, denn das zeigt, dass sie \u00fcber Jahrzehnte Bestand haben, was ja meines Erachtens mit den Schlager-Songs aus den 70ern vergleichbar ist. Und ich wei\u00df nicht, ob das bei manchen Interpreten und ihren Liedern in Zukunft auch noch so sein wird, zumal ja die Titel keine Chance bekommen, etwas l\u00e4nger in den Radiosendern gespielt zu werden. Viele ver\u00f6ffentlichen alle acht Wochen einen neuen Titel.<\/div>\n<div style=\"text-align: justify;\">\n<div><\/div>\n<div><strong>Das Doppelalbum &#8222;All Deine Farben&#8220; ist auch als Limitierte Fanbox erh\u00e4ltlich. Was macht diese Fanbox so besonders?<\/strong><\/div>\n<div><\/div>\n<div>\u00dcber die Fanbox macht man sich im Vorfeld schon sehr viele Gedanken und kommt aber immer wieder dann auf die Dinge, die die Fans einfach sehr lieben. Wie zum Beispiel eine Fan-Tasse mit einem h\u00fcbschen Motiv \u2013 so auch in meinem Fall, es gibt einen Tischkalender mit privaten Fotos, einen wundersch\u00f6nen Magneten, dann ganz klar eine tolle DVD mit ganz vielen neuen Videos und nat\u00fcrlich das neue Album, das auch all die Titel beinhaltet die wir in der letzten Zeit sehr erfolgreich als Singles ver\u00f6ffentlicht hatten und die noch auf keinem Album waren, zus\u00e4tzlich brandneue Songs, die von mir pers\u00f6nlich ganz sorgf\u00e4ltig f\u00fcr alle meine Fans auserw\u00e4hlt wurden.<\/div>\n<\/div>\n<div><\/div>\n<div><\/div>\n<div><\/div>\n<div><\/div>\n<div><img decoding=\"async\" loading=\"lazy\" class=\"alignnone size-large wp-image-213437\" src=\"https:\/\/smago.de\/ws2\/wp-content\/uploads\/2023\/11\/CDVS_Patrick-Lindner_4000x4000-800x800.jpeg\" alt=\"\" width=\"800\" height=\"800\" srcset=\"https:\/\/smago.de\/ws2\/wp-content\/uploads\/2023\/11\/CDVS_Patrick-Lindner_4000x4000-800x800.jpeg 800w, https:\/\/smago.de\/ws2\/wp-content\/uploads\/2023\/11\/CDVS_Patrick-Lindner_4000x4000-522x522.jpeg 522w, https:\/\/smago.de\/ws2\/wp-content\/uploads\/2023\/11\/CDVS_Patrick-Lindner_4000x4000-150x150.jpeg 150w, https:\/\/smago.de\/ws2\/wp-content\/uploads\/2023\/11\/CDVS_Patrick-Lindner_4000x4000-768x768.jpeg 768w, https:\/\/smago.de\/ws2\/wp-content\/uploads\/2023\/11\/CDVS_Patrick-Lindner_4000x4000-1536x1536.jpeg 1536w, https:\/\/smago.de\/ws2\/wp-content\/uploads\/2023\/11\/CDVS_Patrick-Lindner_4000x4000-2048x2048.jpeg 2048w, https:\/\/smago.de\/ws2\/wp-content\/uploads\/2023\/11\/CDVS_Patrick-Lindner_4000x4000-272x272.jpeg 272w, https:\/\/smago.de\/ws2\/wp-content\/uploads\/2023\/11\/CDVS_Patrick-Lindner_4000x4000-600x600.jpeg 600w, https:\/\/smago.de\/ws2\/wp-content\/uploads\/2023\/11\/CDVS_Patrick-Lindner_4000x4000-130x130.jpeg 130w, https:\/\/smago.de\/ws2\/wp-content\/uploads\/2023\/11\/CDVS_Patrick-Lindner_4000x4000-445x445.jpeg 445w, https:\/\/smago.de\/ws2\/wp-content\/uploads\/2023\/11\/CDVS_Patrick-Lindner_4000x4000-190x190.jpeg 190w, https:\/\/smago.de\/ws2\/wp-content\/uploads\/2023\/11\/CDVS_Patrick-Lindner_4000x4000-290x290.jpeg 290w\" sizes=\"(max-width: 800px) 100vw, 800px\" \/><\/div>\n<div><\/div>\n<div><\/div>\n<div><\/div>\n<div><\/div>\n<div><img decoding=\"async\" loading=\"lazy\" class=\"alignnone size-full wp-image-216567\" src=\"https:\/\/smago.de\/ws2\/wp-content\/uploads\/2024\/01\/Lindner_Fanbox.png\" alt=\"\" width=\"600\" height=\"600\" srcset=\"https:\/\/smago.de\/ws2\/wp-content\/uploads\/2024\/01\/Lindner_Fanbox.png 600w, https:\/\/smago.de\/ws2\/wp-content\/uploads\/2024\/01\/Lindner_Fanbox-522x522.png 522w, https:\/\/smago.de\/ws2\/wp-content\/uploads\/2024\/01\/Lindner_Fanbox-150x150.png 150w, https:\/\/smago.de\/ws2\/wp-content\/uploads\/2024\/01\/Lindner_Fanbox-272x272.png 272w, https:\/\/smago.de\/ws2\/wp-content\/uploads\/2024\/01\/Lindner_Fanbox-130x130.png 130w, https:\/\/smago.de\/ws2\/wp-content\/uploads\/2024\/01\/Lindner_Fanbox-445x445.png 445w, https:\/\/smago.de\/ws2\/wp-content\/uploads\/2024\/01\/Lindner_Fanbox-190x190.png 190w, https:\/\/smago.de\/ws2\/wp-content\/uploads\/2024\/01\/Lindner_Fanbox-290x290.png 290w\" sizes=\"(max-width: 600px) 100vw, 600px\" \/><\/div>\n","protected":false},"excerpt":{"rendered":"<p>Der beliebte Entertainer ver\u00f6ffentlicht heute (05.01.2024) zu seinem 35-j\u00e4hrigen B\u00fchnenjubil\u00e4um eine neue Doppel-CD namens &#8222;All Deine Farben&#8220;!<\/p>\n","protected":false},"author":2,"featured_media":216565,"comment_status":"open","ping_status":"closed","sticky":false,"template":"","format":"standard","meta":{"_FSMCFIC_featured_image_caption":"","_FSMCFIC_featured_image_nocaption":"","_FSMCFIC_featured_image_hide":""},"categories":[29,39],"tags":[315],"acf":[],"_links":{"self":[{"href":"https:\/\/smago.de\/ws2\/wp-json\/wp\/v2\/posts\/216564"}],"collection":[{"href":"https:\/\/smago.de\/ws2\/wp-json\/wp\/v2\/posts"}],"about":[{"href":"https:\/\/smago.de\/ws2\/wp-json\/wp\/v2\/types\/post"}],"author":[{"embeddable":true,"href":"https:\/\/smago.de\/ws2\/wp-json\/wp\/v2\/users\/2"}],"replies":[{"embeddable":true,"href":"https:\/\/smago.de\/ws2\/wp-json\/wp\/v2\/comments?post=216564"}],"version-history":[{"count":3,"href":"https:\/\/smago.de\/ws2\/wp-json\/wp\/v2\/posts\/216564\/revisions"}],"predecessor-version":[{"id":216761,"href":"https:\/\/smago.de\/ws2\/wp-json\/wp\/v2\/posts\/216564\/revisions\/216761"}],"wp:featuredmedia":[{"embeddable":true,"href":"https:\/\/smago.de\/ws2\/wp-json\/wp\/v2\/media\/216565"}],"wp:attachment":[{"href":"https:\/\/smago.de\/ws2\/wp-json\/wp\/v2\/media?parent=216564"}],"wp:term":[{"taxonomy":"category","embeddable":true,"href":"https:\/\/smago.de\/ws2\/wp-json\/wp\/v2\/categories?post=216564"},{"taxonomy":"post_tag","embeddable":true,"href":"https:\/\/smago.de\/ws2\/wp-json\/wp\/v2\/tags?post=216564"}],"curies":[{"name":"wp","href":"https:\/\/api.w.org\/{rel}","templated":true}]}}