{"id":216450,"date":"2024-01-03T00:00:01","date_gmt":"2024-01-02T23:00:01","guid":{"rendered":"https:\/\/smago.de\/ws2\/?p=216450"},"modified":"2024-01-02T13:13:20","modified_gmt":"2024-01-02T12:13:20","slug":"marko-abend-mit-horizont-bringt-er-am-12-01-2024-eine-eigene-ballade-heraus","status":"publish","type":"post","link":"https:\/\/smago.de\/ws2\/pop-schlager\/marko-abend-mit-horizont-bringt-er-am-12-01-2024-eine-eigene-ballade-heraus\/","title":{"rendered":"MARKO ABEND <br>Mit &#8222;Horizont&#8220; bringt er am 12.01.2024 eine eigene Ballade heraus!"},"content":{"rendered":"<p style=\"text-align: justify;\">Mit diesem Song hat er sich auch f\u00fcr den deutschen Vorentscheid zum &#8222;Eurovision Song Contest 2024&#8220; beworben &#8230;!<br \/>\n<!--more--><\/p>\n<p>&nbsp;<\/p>\n<p>&nbsp;<\/p>\n<p>&nbsp;<\/p>\n<p style=\"text-align: justify;\">Eine Ballade von MARKO ABEND? Wirklich? Und doch stimmt es! Die raue Stimme des Nordens tat es wirklich und bewarb sich f\u00fcr das deutsche Finale des Eurovision Song Contest 2024.<\/p>\n<p style=\"text-align: justify;\">Unterst\u00fctzt wird Marko Abend neben seinem st\u00e4ndigen Chors\u00e4nger, Udo Biessler, von Angelique Damschen, der ehemaligen Stimme der Gruppe \u201eWIND\u201c.<\/p>\n<p style=\"text-align: justify;\">Die raue Stimme von Marko und die glasklare Stimme von Angelique schaffen einen G\u00e4nsehaut-Moment, der zeigt, dass eine Ballade doch zu Marko Abend passt.<\/p>\n<p style=\"text-align: justify;\">\n<p>&nbsp;<\/p>\n<p>&nbsp;<\/p>\n<p>&nbsp;<\/p>\n<p style=\"text-align: justify;\"><strong>Kurzbiografie MARKO ABEND<\/strong><\/p>\n<p>&nbsp;<\/p>\n<p style=\"text-align: justify;\">\n<p style=\"text-align: justify;\">Der in Kiel lebende S\u00e4nger, Songwriter, Discjockey und Moderator Marko Abend gelangte durch die Streaming Plattform twitch.tv einen deutschlandweiten Bekanntheitsgrad. Die Community seines Twitch Kanals \u201eBalkonparty_im_Wohnzimmer\u201c forderte auf Grund seiner markanten und rauen Stimmfarbe einen eigenen Song. Aus Spa\u00df wurde Ernst und der Cesareo Deejay Mix seiner Pop-Schlager Deb\u00fct-Single \u201eSonnenuntergang\u201c schaffte auf Anhieb den Sprung auf Platz 1 der deutschen \u201eApresSki Lounge Music-Charts\u201c. der zweite Song \u201eGefunden im Nirgendwo\u201c belegte Platz 2 in den gleichen Charts.<\/p>\n<p style=\"text-align: justify;\">Die Erfolge der ersten beiden Songs und die harmonische Zusammenarbeit mit Produzenten wie \u201eTop Seven Musikproduktion\u201c und &#8222;Cesareo Deejay&#8220; treiben Marko Abend weiter an, so dass die Story weitergeht &#8230;<\/p>\n","protected":false},"excerpt":{"rendered":"<p>Mit diesem Song hat er sich auch f\u00fcr den deutschen Vorentscheid zum &#8222;Eurovision Song Contest 2024&#8220; beworben &#8230;!<\/p>\n","protected":false},"author":2,"featured_media":216451,"comment_status":"open","ping_status":"closed","sticky":false,"template":"","format":"standard","meta":{"_FSMCFIC_featured_image_caption":"","_FSMCFIC_featured_image_nocaption":"","_FSMCFIC_featured_image_hide":""},"categories":[28],"tags":[2953],"acf":[],"_links":{"self":[{"href":"https:\/\/smago.de\/ws2\/wp-json\/wp\/v2\/posts\/216450"}],"collection":[{"href":"https:\/\/smago.de\/ws2\/wp-json\/wp\/v2\/posts"}],"about":[{"href":"https:\/\/smago.de\/ws2\/wp-json\/wp\/v2\/types\/post"}],"author":[{"embeddable":true,"href":"https:\/\/smago.de\/ws2\/wp-json\/wp\/v2\/users\/2"}],"replies":[{"embeddable":true,"href":"https:\/\/smago.de\/ws2\/wp-json\/wp\/v2\/comments?post=216450"}],"version-history":[{"count":2,"href":"https:\/\/smago.de\/ws2\/wp-json\/wp\/v2\/posts\/216450\/revisions"}],"predecessor-version":[{"id":216453,"href":"https:\/\/smago.de\/ws2\/wp-json\/wp\/v2\/posts\/216450\/revisions\/216453"}],"wp:featuredmedia":[{"embeddable":true,"href":"https:\/\/smago.de\/ws2\/wp-json\/wp\/v2\/media\/216451"}],"wp:attachment":[{"href":"https:\/\/smago.de\/ws2\/wp-json\/wp\/v2\/media?parent=216450"}],"wp:term":[{"taxonomy":"category","embeddable":true,"href":"https:\/\/smago.de\/ws2\/wp-json\/wp\/v2\/categories?post=216450"},{"taxonomy":"post_tag","embeddable":true,"href":"https:\/\/smago.de\/ws2\/wp-json\/wp\/v2\/tags?post=216450"}],"curies":[{"name":"wp","href":"https:\/\/api.w.org\/{rel}","templated":true}]}}