{"id":216445,"date":"2024-01-02T13:05:47","date_gmt":"2024-01-02T12:05:47","guid":{"rendered":"https:\/\/smago.de\/ws2\/?p=216445"},"modified":"2024-01-02T13:05:47","modified_gmt":"2024-01-02T12:05:47","slug":"rtl-schon-immer-von-allem-etwas-mehr-happy-birthday-rtl","status":"publish","type":"post","link":"https:\/\/smago.de\/ws2\/smago-informiert\/rtl-schon-immer-von-allem-etwas-mehr-happy-birthday-rtl\/","title":{"rendered":"&#8222;RTL&#8220; <br> Schon immer von allem etwas mehr \u2013 Happy Birthday, RTL!"},"content":{"rendered":"<p>RTL l\u00e4sst es mit einer gro\u00dfen Konfetti-Kampagne zum 40. Jubil\u00e4um richtig knallen!<br \/>\n<!--more--><\/p>\n<p>&nbsp;<\/p>\n<p style=\"text-align: justify;\">\n<p style=\"text-align: justify;\">Bunt, laut und immer schon \u00fcberraschend anders: Seit 40 Jahren steht RTL f\u00fcr eine aufregende Programmvielfalt, die sich aus Lieblingsformaten und innovativen TV-Highlights zusammensetzt. Heute, am 2. Januar 2024, wird der Sender RTL Television 40 Jahre alt. Typisch RTL, es mit einer gro\u00dfen Konfetti-Kampagne zum Jubil\u00e4um so richtig knallen zu lassen! Unter dem Motto \u201eSchon immer von allem etwas mehr\u201c startet heute die gro\u00df angelegte Kampagne, die inhouse vom RTL Deutschland-Marketing konzipiert wurde und bis zum 4. Februar l\u00e4uft.<\/p>\n<p>&nbsp;<\/p>\n<p>&nbsp;<\/p>\n<p style=\"text-align: justify;\"><strong>Inga Leschek, Programmgesch\u00e4ftsf\u00fchrerin RTL und RTL+:<\/strong> \u201eDer Startschuss von RTL war der Beginn einer neuen Zeitrechnung f\u00fcr das deutsche Fernsehen. Unser Erfolgsrezept war von jeher ein bisschen lauter, ein bisschen frecher &#8211; einfach von allem ein bisschen mehr zu sein. Dabei ist unser Credo immer zugewandt und klar zu kommunizieren und damit eine gro\u00dfe Breite des Publikums zu erreichen.\u00a0Mit dieser Art Programm zu machen, treffen wir bei unseren Zuschauer:innen seit 40 Jahren ins Schwarze. Heute steht\u00a0RTL f\u00fcr die erfolgreichsten Fernsehmarken Deutschlands, starke Informationsangebote und gro\u00dfartigen Livesport und unserem\u00a0\u201aRTL-igen\u2018 Programmversprechen bleiben wir auch in Zukunft treu.\u201c<\/p>\n<p>&nbsp;<\/p>\n<p>&nbsp;<\/p>\n<p style=\"text-align: justify;\">Mehr als 50 bekannte RTL-Faces zelebrieren 40 Jahre RTL, indem sie den Kampagnenclaim aufs eigene Format beziehen und mit einer Menge Konfetti den Sendergeburtstag feiern. Zu den Gratulant:innen geh\u00f6ren unter anderem Jan K\u00f6ppen, Frauke Ludowig, Katja Burkard, Inka Bause, Daniel Hartwich und Sonja Zietlow. Neben zahlreichen Highlight-Trailern, Werbetrennern und Station ID\u2019s geh\u00f6ren auch die RTL-Social-Kan\u00e4le sowie Beitr\u00e4ge innerhalb der Magazinsendungen bei RTL zu den zentralen Kampagnenbestandteilen. Erg\u00e4nzend sind einige kleine, charmante Aktionen geplant, die sich direkt an die Mitarbeitenden des Unternehmens richten.<\/p>\n<p style=\"text-align: justify;\">Passend zum 40. Jubil\u00e4um r\u00fcckt auch der bekannte RTL-Claim \u201eWillkommen zuhause\u201c wieder ins Zentrum der Aufmerksamkeit und bringt mitten in der kalten Jahreszeit jede Menge Vertrautheit und Zusammengeh\u00f6rigkeitsgef\u00fchl zu den Zuschauer:innen und Nutzer:innen. Das kann nur RTL!<\/p>\n<p>&nbsp;<\/p>\n<p>&nbsp;<\/p>\n<p>&nbsp;<\/p>\n<figure id=\"attachment_216446\" aria-describedby=\"caption-attachment-216446\" style=\"width: 800px\" class=\"wp-caption alignnone\"><img decoding=\"async\" loading=\"lazy\" class=\"size-large wp-image-216446\" src=\"https:\/\/smago.de\/ws2\/wp-content\/uploads\/2024\/01\/meldung_1703681783484.xml_.png-800x450.jpg\" alt=\"\" width=\"800\" height=\"450\" srcset=\"https:\/\/smago.de\/ws2\/wp-content\/uploads\/2024\/01\/meldung_1703681783484.xml_.png-800x450.jpg 800w, https:\/\/smago.de\/ws2\/wp-content\/uploads\/2024\/01\/meldung_1703681783484.xml_.png-522x294.jpg 522w, https:\/\/smago.de\/ws2\/wp-content\/uploads\/2024\/01\/meldung_1703681783484.xml_.png-267x150.jpg 267w, https:\/\/smago.de\/ws2\/wp-content\/uploads\/2024\/01\/meldung_1703681783484.xml_.png-768x432.jpg 768w, https:\/\/smago.de\/ws2\/wp-content\/uploads\/2024\/01\/meldung_1703681783484.xml_.png-392x221.jpg 392w, https:\/\/smago.de\/ws2\/wp-content\/uploads\/2024\/01\/meldung_1703681783484.xml_.png-130x73.jpg 130w, https:\/\/smago.de\/ws2\/wp-content\/uploads\/2024\/01\/meldung_1703681783484.xml_.png-791x445.jpg 791w, https:\/\/smago.de\/ws2\/wp-content\/uploads\/2024\/01\/meldung_1703681783484.xml_.png-870x489.jpg 870w, https:\/\/smago.de\/ws2\/wp-content\/uploads\/2024\/01\/meldung_1703681783484.xml_.png-292x164.jpg 292w, https:\/\/smago.de\/ws2\/wp-content\/uploads\/2024\/01\/meldung_1703681783484.xml_.png-435x245.jpg 435w, https:\/\/smago.de\/ws2\/wp-content\/uploads\/2024\/01\/meldung_1703681783484.xml_.png-895x503.jpg 895w, https:\/\/smago.de\/ws2\/wp-content\/uploads\/2024\/01\/meldung_1703681783484.xml_.png.jpg 1150w\" sizes=\"(max-width: 800px) 100vw, 800px\" \/><figcaption id=\"caption-attachment-216446\" class=\"wp-caption-text\"><\/em> <em>Ulrike von der Groeben und Peter Kloeppel feiern 40 Jahre RTL.<\/em><\/p>\n<p><em>Foto-Credit: RTL \/ Anne Werner<\/em><\/p>\n<p><em>Bitte beachten Sie auch <strong><a href=\"https:\/\/plus.rtl.de\/\">RTL+<\/a><\/strong>!<\/em><\/figcaption><\/figure>\n","protected":false},"excerpt":{"rendered":"<p>RTL l\u00e4sst es mit einer gro\u00dfen Konfetti-Kampagne zum 40. Jubil\u00e4um richtig knallen!<\/p>\n","protected":false},"author":2,"featured_media":216446,"comment_status":"open","ping_status":"closed","sticky":false,"template":"","format":"standard","meta":{"_FSMCFIC_featured_image_caption":"","_FSMCFIC_featured_image_nocaption":"","_FSMCFIC_featured_image_hide":""},"categories":[33,128],"tags":[195],"acf":[],"_links":{"self":[{"href":"https:\/\/smago.de\/ws2\/wp-json\/wp\/v2\/posts\/216445"}],"collection":[{"href":"https:\/\/smago.de\/ws2\/wp-json\/wp\/v2\/posts"}],"about":[{"href":"https:\/\/smago.de\/ws2\/wp-json\/wp\/v2\/types\/post"}],"author":[{"embeddable":true,"href":"https:\/\/smago.de\/ws2\/wp-json\/wp\/v2\/users\/2"}],"replies":[{"embeddable":true,"href":"https:\/\/smago.de\/ws2\/wp-json\/wp\/v2\/comments?post=216445"}],"version-history":[{"count":1,"href":"https:\/\/smago.de\/ws2\/wp-json\/wp\/v2\/posts\/216445\/revisions"}],"predecessor-version":[{"id":216447,"href":"https:\/\/smago.de\/ws2\/wp-json\/wp\/v2\/posts\/216445\/revisions\/216447"}],"wp:featuredmedia":[{"embeddable":true,"href":"https:\/\/smago.de\/ws2\/wp-json\/wp\/v2\/media\/216446"}],"wp:attachment":[{"href":"https:\/\/smago.de\/ws2\/wp-json\/wp\/v2\/media?parent=216445"}],"wp:term":[{"taxonomy":"category","embeddable":true,"href":"https:\/\/smago.de\/ws2\/wp-json\/wp\/v2\/categories?post=216445"},{"taxonomy":"post_tag","embeddable":true,"href":"https:\/\/smago.de\/ws2\/wp-json\/wp\/v2\/tags?post=216445"}],"curies":[{"name":"wp","href":"https:\/\/api.w.org\/{rel}","templated":true}]}}