{"id":215986,"date":"2023-12-26T00:00:22","date_gmt":"2023-12-25T23:00:22","guid":{"rendered":"https:\/\/smago.de\/ws2\/?p=215986"},"modified":"2023-12-25T19:44:29","modified_gmt":"2023-12-25T18:44:29","slug":"florian-silbereisen-wolfgang-fierek-ingolf-lueck-kai-pflaume-harald-schmidt-u-a-heute-26-12-2023-das-traumschiff-utah","status":"publish","type":"post","link":"https:\/\/smago.de\/ws2\/comedy\/florian-silbereisen-wolfgang-fierek-ingolf-lueck-kai-pflaume-harald-schmidt-u-a-heute-26-12-2023-das-traumschiff-utah\/","title":{"rendered":"FLORIAN SILBEREISEN, WOLFGANG FIEREK, INGOLF L\u00dcCK, KAI PFLAUME, HARALD SCHMIDT u.a. <br>Heute (26.12.2023): \u201eDas Traumschiff \u2013 Utah\u201c!"},"content":{"rendered":"<p>ZDF + ORF 2, 20:15 Uhr &#8211; 21:45 Uhr!<br \/>\n<!--more--><\/p>\n<p>&nbsp;<\/p>\n<p>&nbsp;<\/p>\n<p>&nbsp;<\/p>\n<p style=\"text-align: justify;\">Die G\u00e4ste des \u201eTraumschiffs\u201c erwartet eine turbulente und spannende Reise nach Utah, die auch f\u00fcr Max Parger (Florian Silbereisen) und seine Crew unvergessen bleibt. Staff-Kapit\u00e4n Martin Grimm (Daniel Morgenroth) ist mit seinem alten Freund Stefan Fieringer (Wolfgang Fierek) f\u00fcr eine Motorradtour verabredet. Hanna Liebhold (Barbara Wussow) sorgt daf\u00fcr, dass auch der Kapit\u00e4n mit auf Tour geht. Die Fahrt durchs Monument Valley l\u00e4uft aber alles andere als entspannt. Nachdem Annika (Teresa Klamert) ihren Mann Markus (Martin Bruchmann) mit einem Arbeitskollegen betrogen hat, ist die Reise der letzte Versuch, ihre Ehe zu retten. Doch beim Landausflug kommt es zu einem Eklat, auf der Farm von Amy (Michelle Glick) und Mike (Ben Blaskovic) erkennen sie dann aber, worauf es wirklich ankommt. Als ausgewiesener Hypochonder f\u00fchlt sich Jens Kessler (Ingolf L\u00fcck) an Bord des \u201eTraumschiff\u201c sicher, denn die Schiffs\u00e4rztin Dr. Delgado (Collien Ulmen-Fernandes) kennt seinen \u201eTempel\u201c. Doch auf dieser Reise muss er die Aufmerksamkeit der \u00c4rztin mit einem anderen Hypochonder teilen. Oskar Schifferle (Harald Schmidt) stellt dieselben Anspr\u00fcche an sie und so k\u00e4mpfen beide um ihre volle Aufmerksamkeit.<\/p>\n<p>&nbsp;<\/p>\n<p>&nbsp;<\/p>\n<p>&nbsp;<\/p>\n<p><strong>Mit dabei\u00a0u. a.:<\/strong> Florian Silbereisen, Barbara Wussow, Daniel Morgenroth, Collien Ulmen-Fernandes, Harald Schmidt, Teresa Klamert, Martin Bruchmann, Ingolf L\u00fcck, Wolfgang Fierek, Ben Blaskovic, Michelle Glick und Kai Pflaume<\/p>\n<p>&nbsp;<\/p>\n<p>&nbsp;<\/p>\n<p><strong>Regie:<\/strong> Eva Wolf<\/p>\n<p>&nbsp;<\/p>\n<p>&nbsp;<\/p>\n<figure id=\"attachment_215991\" aria-describedby=\"caption-attachment-215991\" style=\"width: 522px\" class=\"wp-caption alignnone\"><img decoding=\"async\" loading=\"lazy\" class=\"size-medium wp-image-215991\" src=\"https:\/\/smago.de\/ws2\/wp-content\/uploads\/2023\/12\/dastraumsc200-522x348.jpeg\" alt=\"\" width=\"522\" height=\"348\" srcset=\"https:\/\/smago.de\/ws2\/wp-content\/uploads\/2023\/12\/dastraumsc200-522x348.jpeg 522w, https:\/\/smago.de\/ws2\/wp-content\/uploads\/2023\/12\/dastraumsc200-800x533.jpeg 800w, https:\/\/smago.de\/ws2\/wp-content\/uploads\/2023\/12\/dastraumsc200-225x150.jpeg 225w, https:\/\/smago.de\/ws2\/wp-content\/uploads\/2023\/12\/dastraumsc200-768x512.jpeg 768w, https:\/\/smago.de\/ws2\/wp-content\/uploads\/2023\/12\/dastraumsc200-1536x1024.jpeg 1536w, https:\/\/smago.de\/ws2\/wp-content\/uploads\/2023\/12\/dastraumsc200-2048x1365.jpeg 2048w, https:\/\/smago.de\/ws2\/wp-content\/uploads\/2023\/12\/dastraumsc200-392x261.jpeg 392w, https:\/\/smago.de\/ws2\/wp-content\/uploads\/2023\/12\/dastraumsc200-130x87.jpeg 130w, https:\/\/smago.de\/ws2\/wp-content\/uploads\/2023\/12\/dastraumsc200-668x445.jpeg 668w, https:\/\/smago.de\/ws2\/wp-content\/uploads\/2023\/12\/dastraumsc200-783x522.jpeg 783w, https:\/\/smago.de\/ws2\/wp-content\/uploads\/2023\/12\/dastraumsc200-285x190.jpeg 285w, https:\/\/smago.de\/ws2\/wp-content\/uploads\/2023\/12\/dastraumsc200-435x290.jpeg 435w, https:\/\/smago.de\/ws2\/wp-content\/uploads\/2023\/12\/dastraumsc200-150x100.jpeg 150w, https:\/\/smago.de\/ws2\/wp-content\/uploads\/2023\/12\/dastraumsc200-370x247.jpeg 370w\" sizes=\"(max-width: 522px) 100vw, 522px\" \/><figcaption id=\"caption-attachment-215991\" class=\"wp-caption-text\"><em>Kapit\u00e4n Max Parger (Florian Silbereisen, l.), Martin Grimm (Daniel Morgenroth, M.) und Hanna Liebhold (Barbara Wussow, r.) steht eine spannende und turbulente Reise nach Utah bevor.<\/em><\/p>\n<p><em>Foto-Credit: ORF &#8211; ZDF \/ Dirk Bartling<\/em><\/figcaption><\/figure>\n<p>&nbsp;<\/p>\n<p>&nbsp;<\/p>\n<p>&nbsp;<\/p>\n<figure id=\"attachment_216001\" aria-describedby=\"caption-attachment-216001\" style=\"width: 522px\" class=\"wp-caption alignnone\"><img decoding=\"async\" loading=\"lazy\" class=\"size-medium wp-image-216001\" src=\"https:\/\/smago.de\/ws2\/wp-content\/uploads\/2023\/12\/dastraumsc198-522x348.jpeg\" alt=\"\" width=\"522\" height=\"348\" srcset=\"https:\/\/smago.de\/ws2\/wp-content\/uploads\/2023\/12\/dastraumsc198-522x348.jpeg 522w, https:\/\/smago.de\/ws2\/wp-content\/uploads\/2023\/12\/dastraumsc198-800x533.jpeg 800w, https:\/\/smago.de\/ws2\/wp-content\/uploads\/2023\/12\/dastraumsc198-225x150.jpeg 225w, https:\/\/smago.de\/ws2\/wp-content\/uploads\/2023\/12\/dastraumsc198-768x512.jpeg 768w, https:\/\/smago.de\/ws2\/wp-content\/uploads\/2023\/12\/dastraumsc198-1536x1024.jpeg 1536w, https:\/\/smago.de\/ws2\/wp-content\/uploads\/2023\/12\/dastraumsc198-2048x1365.jpeg 2048w, https:\/\/smago.de\/ws2\/wp-content\/uploads\/2023\/12\/dastraumsc198-392x261.jpeg 392w, https:\/\/smago.de\/ws2\/wp-content\/uploads\/2023\/12\/dastraumsc198-130x87.jpeg 130w, https:\/\/smago.de\/ws2\/wp-content\/uploads\/2023\/12\/dastraumsc198-668x445.jpeg 668w, https:\/\/smago.de\/ws2\/wp-content\/uploads\/2023\/12\/dastraumsc198-783x522.jpeg 783w, https:\/\/smago.de\/ws2\/wp-content\/uploads\/2023\/12\/dastraumsc198-285x190.jpeg 285w, https:\/\/smago.de\/ws2\/wp-content\/uploads\/2023\/12\/dastraumsc198-435x290.jpeg 435w, https:\/\/smago.de\/ws2\/wp-content\/uploads\/2023\/12\/dastraumsc198-150x100.jpeg 150w, https:\/\/smago.de\/ws2\/wp-content\/uploads\/2023\/12\/dastraumsc198-370x247.jpeg 370w\" sizes=\"(max-width: 522px) 100vw, 522px\" \/><figcaption id=\"caption-attachment-216001\" class=\"wp-caption-text\"><em>Oskar Schifferles (Harald Schmidt, r.) und Jens Kesslers (Ingolf L\u00fcck, l.) Konkurrenzkampf um die Aufmerksamkeit von Dr. Delgado scheint beendet.<\/em><\/p>\n<p><em>Foto-Credit: ORF &#8211; ZDF \/ Dirk Bartling<\/em><\/figcaption><\/figure>\n<p>&nbsp;<\/p>\n<p>&nbsp;<\/p>\n<p>&nbsp;<\/p>\n<figure id=\"attachment_216002\" aria-describedby=\"caption-attachment-216002\" style=\"width: 522px\" class=\"wp-caption alignnone\"><img decoding=\"async\" loading=\"lazy\" class=\"size-medium wp-image-216002\" src=\"https:\/\/smago.de\/ws2\/wp-content\/uploads\/2023\/12\/dastraumsc192-2-522x348.jpeg\" alt=\"\" width=\"522\" height=\"348\" srcset=\"https:\/\/smago.de\/ws2\/wp-content\/uploads\/2023\/12\/dastraumsc192-2-522x348.jpeg 522w, https:\/\/smago.de\/ws2\/wp-content\/uploads\/2023\/12\/dastraumsc192-2-800x533.jpeg 800w, https:\/\/smago.de\/ws2\/wp-content\/uploads\/2023\/12\/dastraumsc192-2-225x150.jpeg 225w, https:\/\/smago.de\/ws2\/wp-content\/uploads\/2023\/12\/dastraumsc192-2-768x512.jpeg 768w, https:\/\/smago.de\/ws2\/wp-content\/uploads\/2023\/12\/dastraumsc192-2-1536x1024.jpeg 1536w, https:\/\/smago.de\/ws2\/wp-content\/uploads\/2023\/12\/dastraumsc192-2-2048x1365.jpeg 2048w, https:\/\/smago.de\/ws2\/wp-content\/uploads\/2023\/12\/dastraumsc192-2-392x261.jpeg 392w, https:\/\/smago.de\/ws2\/wp-content\/uploads\/2023\/12\/dastraumsc192-2-130x87.jpeg 130w, https:\/\/smago.de\/ws2\/wp-content\/uploads\/2023\/12\/dastraumsc192-2-668x445.jpeg 668w, https:\/\/smago.de\/ws2\/wp-content\/uploads\/2023\/12\/dastraumsc192-2-783x522.jpeg 783w, https:\/\/smago.de\/ws2\/wp-content\/uploads\/2023\/12\/dastraumsc192-2-285x190.jpeg 285w, https:\/\/smago.de\/ws2\/wp-content\/uploads\/2023\/12\/dastraumsc192-2-435x290.jpeg 435w, https:\/\/smago.de\/ws2\/wp-content\/uploads\/2023\/12\/dastraumsc192-2-150x100.jpeg 150w, https:\/\/smago.de\/ws2\/wp-content\/uploads\/2023\/12\/dastraumsc192-2-370x247.jpeg 370w\" sizes=\"(max-width: 522px) 100vw, 522px\" \/><figcaption id=\"caption-attachment-216002\" class=\"wp-caption-text\"><em>Gemeinsam mit Stefan Fieringer (Wolfgang Fierek, M.) starten Max Parger (Florian Silbereisen, r.) und Martin Grimm (Daniel Morgenroth, l.) ihre Tour durch Utahs Nationalpark.<\/em><\/p>\n<p><em>Foto-Credit: ORF &#8211; ZDF \/ Dirk Bartling<\/em><\/figcaption><\/figure>\n<p>&nbsp;<\/p>\n<p>&nbsp;<\/p>\n<figure id=\"attachment_215992\" aria-describedby=\"caption-attachment-215992\" style=\"width: 522px\" class=\"wp-caption alignnone\"><img decoding=\"async\" loading=\"lazy\" class=\"size-medium wp-image-215992\" src=\"https:\/\/smago.de\/ws2\/wp-content\/uploads\/2023\/12\/dastraumsc206-522x348.jpeg\" alt=\"\" width=\"522\" height=\"348\" srcset=\"https:\/\/smago.de\/ws2\/wp-content\/uploads\/2023\/12\/dastraumsc206-522x348.jpeg 522w, https:\/\/smago.de\/ws2\/wp-content\/uploads\/2023\/12\/dastraumsc206-800x533.jpeg 800w, https:\/\/smago.de\/ws2\/wp-content\/uploads\/2023\/12\/dastraumsc206-225x150.jpeg 225w, https:\/\/smago.de\/ws2\/wp-content\/uploads\/2023\/12\/dastraumsc206-768x512.jpeg 768w, https:\/\/smago.de\/ws2\/wp-content\/uploads\/2023\/12\/dastraumsc206-1536x1024.jpeg 1536w, https:\/\/smago.de\/ws2\/wp-content\/uploads\/2023\/12\/dastraumsc206-2048x1365.jpeg 2048w, https:\/\/smago.de\/ws2\/wp-content\/uploads\/2023\/12\/dastraumsc206-392x261.jpeg 392w, https:\/\/smago.de\/ws2\/wp-content\/uploads\/2023\/12\/dastraumsc206-130x87.jpeg 130w, https:\/\/smago.de\/ws2\/wp-content\/uploads\/2023\/12\/dastraumsc206-668x445.jpeg 668w, https:\/\/smago.de\/ws2\/wp-content\/uploads\/2023\/12\/dastraumsc206-783x522.jpeg 783w, https:\/\/smago.de\/ws2\/wp-content\/uploads\/2023\/12\/dastraumsc206-285x190.jpeg 285w, https:\/\/smago.de\/ws2\/wp-content\/uploads\/2023\/12\/dastraumsc206-435x290.jpeg 435w, https:\/\/smago.de\/ws2\/wp-content\/uploads\/2023\/12\/dastraumsc206-150x100.jpeg 150w, https:\/\/smago.de\/ws2\/wp-content\/uploads\/2023\/12\/dastraumsc206-370x247.jpeg 370w\" sizes=\"(max-width: 522px) 100vw, 522px\" \/><figcaption id=\"caption-attachment-215992\" class=\"wp-caption-text\"><em>Max Parger (Florian Silbereisen, l.) und Martin Grimm (Daniel Morgenroth, r.) haben ein Problem: Sheriff Steve McCrown (Kai Pflaume, M.) kennt ihre F\u00fchrerscheine nicht an.<\/em><\/p>\n<p><em>Foto-Credit: ORF &#8211; ZDF \/ Dirk Bartling<\/em><\/figcaption><\/figure>\n<p>&nbsp;<\/p>\n<p>&nbsp;<\/p>\n<p>&nbsp;<\/p>\n<p>&nbsp;<\/p>\n<figure id=\"attachment_215989\" aria-describedby=\"caption-attachment-215989\" style=\"width: 522px\" class=\"wp-caption alignnone\"><img decoding=\"async\" loading=\"lazy\" class=\"size-medium wp-image-215989\" src=\"https:\/\/smago.de\/ws2\/wp-content\/uploads\/2023\/12\/dastraumsc194-522x348.jpeg\" alt=\"\" width=\"522\" height=\"348\" srcset=\"https:\/\/smago.de\/ws2\/wp-content\/uploads\/2023\/12\/dastraumsc194-522x348.jpeg 522w, https:\/\/smago.de\/ws2\/wp-content\/uploads\/2023\/12\/dastraumsc194-800x533.jpeg 800w, https:\/\/smago.de\/ws2\/wp-content\/uploads\/2023\/12\/dastraumsc194-225x150.jpeg 225w, https:\/\/smago.de\/ws2\/wp-content\/uploads\/2023\/12\/dastraumsc194-768x512.jpeg 768w, https:\/\/smago.de\/ws2\/wp-content\/uploads\/2023\/12\/dastraumsc194-1536x1024.jpeg 1536w, https:\/\/smago.de\/ws2\/wp-content\/uploads\/2023\/12\/dastraumsc194-2048x1365.jpeg 2048w, https:\/\/smago.de\/ws2\/wp-content\/uploads\/2023\/12\/dastraumsc194-392x261.jpeg 392w, https:\/\/smago.de\/ws2\/wp-content\/uploads\/2023\/12\/dastraumsc194-130x87.jpeg 130w, https:\/\/smago.de\/ws2\/wp-content\/uploads\/2023\/12\/dastraumsc194-668x445.jpeg 668w, https:\/\/smago.de\/ws2\/wp-content\/uploads\/2023\/12\/dastraumsc194-783x522.jpeg 783w, https:\/\/smago.de\/ws2\/wp-content\/uploads\/2023\/12\/dastraumsc194-285x190.jpeg 285w, https:\/\/smago.de\/ws2\/wp-content\/uploads\/2023\/12\/dastraumsc194-435x290.jpeg 435w, https:\/\/smago.de\/ws2\/wp-content\/uploads\/2023\/12\/dastraumsc194-150x100.jpeg 150w, https:\/\/smago.de\/ws2\/wp-content\/uploads\/2023\/12\/dastraumsc194-370x247.jpeg 370w\" sizes=\"(max-width: 522px) 100vw, 522px\" \/><figcaption id=\"caption-attachment-215989\" class=\"wp-caption-text\"><em>Nach der Verhaftung durch Sheriff Steve McCrown (Kai Pflaume, M.) droht Max Parger (Florian Silbereisen, l.) und Martin Grimm (Daniel Morgenroth, r.) eine Nacht in der Gef\u00e4ngniszelle.<\/em><\/p>\n<p><em>Foto-Credit: ORF &#8211; ZDF \/ Dirk Bartling<\/em><\/figcaption><\/figure>\n<div class=\"mceTemp\"><\/div>\n<div class=\"mceTemp\"><\/div>\n","protected":false},"excerpt":{"rendered":"<p>ZDF + ORF 2, 20:15 Uhr &#8211; 21:45 Uhr!<\/p>\n","protected":false},"author":2,"featured_media":215995,"comment_status":"open","ping_status":"closed","sticky":false,"template":"","format":"standard","meta":{"_FSMCFIC_featured_image_caption":"","_FSMCFIC_featured_image_nocaption":"","_FSMCFIC_featured_image_hide":""},"categories":[3,29,39,128],"tags":[793,144,1251,780,1858],"acf":[],"_links":{"self":[{"href":"https:\/\/smago.de\/ws2\/wp-json\/wp\/v2\/posts\/215986"}],"collection":[{"href":"https:\/\/smago.de\/ws2\/wp-json\/wp\/v2\/posts"}],"about":[{"href":"https:\/\/smago.de\/ws2\/wp-json\/wp\/v2\/types\/post"}],"author":[{"embeddable":true,"href":"https:\/\/smago.de\/ws2\/wp-json\/wp\/v2\/users\/2"}],"replies":[{"embeddable":true,"href":"https:\/\/smago.de\/ws2\/wp-json\/wp\/v2\/comments?post=215986"}],"version-history":[{"count":4,"href":"https:\/\/smago.de\/ws2\/wp-json\/wp\/v2\/posts\/215986\/revisions"}],"predecessor-version":[{"id":216003,"href":"https:\/\/smago.de\/ws2\/wp-json\/wp\/v2\/posts\/215986\/revisions\/216003"}],"wp:featuredmedia":[{"embeddable":true,"href":"https:\/\/smago.de\/ws2\/wp-json\/wp\/v2\/media\/215995"}],"wp:attachment":[{"href":"https:\/\/smago.de\/ws2\/wp-json\/wp\/v2\/media?parent=215986"}],"wp:term":[{"taxonomy":"category","embeddable":true,"href":"https:\/\/smago.de\/ws2\/wp-json\/wp\/v2\/categories?post=215986"},{"taxonomy":"post_tag","embeddable":true,"href":"https:\/\/smago.de\/ws2\/wp-json\/wp\/v2\/tags?post=215986"}],"curies":[{"name":"wp","href":"https:\/\/api.w.org\/{rel}","templated":true}]}}