{"id":215677,"date":"2023-12-22T00:00:33","date_gmt":"2023-12-21T23:00:33","guid":{"rendered":"https:\/\/smago.de\/ws2\/?p=215677"},"modified":"2023-12-21T23:26:59","modified_gmt":"2023-12-21T22:26:59","slug":"das-erste-ard-ard-jahresbilanz-2023","status":"publish","type":"post","link":"https:\/\/smago.de\/ws2\/comedy\/das-erste-ard-ard-jahresbilanz-2023\/","title":{"rendered":"&#8222;DAS ERSTE \/ ARD&#8220; <br>ARD Jahresbilanz 2023:"},"content":{"rendered":"<p class=\"einleitung small\">Die ARD Mediathek ist die erfolgreichste TV-Streaming-Plattform! Meistgesehene Dokumentation des Jahres war \u201eLORIOT100\u201c (SWR\/Radio Bremen)!<br \/>\n<!--more--><\/p>\n<p>&nbsp;<\/p>\n<p>&nbsp;<\/p>\n<p>&nbsp;<\/p>\n<p class=\"text small\" style=\"text-align: justify;\">Die ARD Mediathek erzielt auch im Jahr 2023 die gr\u00f6\u00dfte Reichweite unter den TV-Streaming-Plattformen und erreicht t\u00e4glich rund 2,3 Millionen Menschen. Damit liegt sie deutlich vor ihren Mitbewerbern wie der ZDF-Mediathek (1,9 Millionen), RTL+ (0,8 Millionen) oder Joyn (0,4 Millionen). Auch beim j\u00fcngeren Nutzerkreis zwischen 20 und 49 Jahren hat die ARD Mediathek mit einer Tagesreichweite von 0,9 Millionen Usern die Nase vorn.<\/p>\n<div class=\"clearMe\" style=\"text-align: justify;\"><\/div>\n<p class=\"text small\" style=\"text-align: justify;\"><strong>ARD-Programmdirektorin Christine Strobl:<\/strong> \u00a0&#8222;Die ARD Mediathek legt weiter zu und bleibt Spitzenreiter unter den deutschen TV-Streaming-Portalen. Das zeigt uns: Wir sind mit unserer Programmreform auf dem richtigen Weg. Es zahlt sich aus, die Mediathek zu st\u00e4rken und Gelder ins Digitale umzuschichten, ohne unsere klassischen Ausspielwege dabei aus den Augen zu verlieren. Auch im linearen Fernsehen steht die ARD weiterhin gut da: Im Urteil der Zuschauerinnen und Zuschauer bleibt Das Erste mit Abstand der glaubw\u00fcrdigste Sender mit dem qualitativ besten Programmangebot. Mit Serien wie <em>Babylon Berlin<\/em>und crossmedialen Schwerpunkten wie <em>Loriot100<\/em> ist es uns gelungen, Leuchtt\u00fcrme zu setzen und auf allen Ausspielwegen beim Publikum zu punkten. Daran wollen wir ankn\u00fcpfen und k\u00fcnftig noch st\u00e4rker auf herausragende Premium-Produktionen setzen.\u201c<\/p>\n<div class=\"clearMe\" style=\"text-align: justify;\"><\/div>\n<p class=\"text small\" style=\"text-align: justify;\">\nBesonders interessiert sind die Menschen in der ARD Mediathek an Dokumentationen und Doku-Serien sowie an Fiktion.\u00a0So wurden f\u00fcr die vierte Staffel des Erfolgsformats \u201eBabylon Berlin\u201c (ARD Degeto) 21 Millionen Streamviews registriert.\u00a0Zu den beliebtesten Serien in diesem Jahr z\u00e4hlen au\u00dferdem\u201eTage, die es nicht gab\u201c (MDR\/ORF) \u2013 die acht Folgen wurden 13,2 Millionen Mal abgerufen \u2013 und \u201eAsbest\u201c (ARD Degeto). Die f\u00fcnf Folgen der Mediathekserie erzielten 9,4 Millionen Streamviews.<\/p>\n<p class=\"text small\" style=\"text-align: justify;\">Zu den meistaufgerufenen Filmen geh\u00f6rten der \u201eTatort: MagicMom\u201c (WDR) mit 2,3 Millionen und \u201eS\u00f6rensen f\u00e4ngt Feuer\u201c (NDR) mit 2,1 Millionen Streamviews.<\/p>\n<p class=\"text small\" style=\"text-align: justify;\">Bei den Doku-Serien erzielte die sechste Staffel von \u201eFeuer &amp; Flamme\u201c (WDR) fast vier Millionen Abrufe und zeigt, dass Dokumentationen mit regionalem Schwerpunkt bei den Nutzern sehr gefragt sind. Erfolgreich waren auch serielle Formate aus den Bereichen Sport und Kultur: \u201eUNPARTEIISCH \u2013 Deutschlands Elite-Schiedsrichter\u201c (NDR) erzielte 3,1 Millionen Abrufe, \u201eECHT\u2013 Unsere Jugend\u201c (SWR\/ARD Kultur\/MDR\/NDR\/rbb\/BR\/Radio Bremen) 1,7 Millionen. Hervorragend gestartet ist am 14. Dezember \u201eBeing Michael Schumacher\u201c (BR\/NDR): In den ersten Tagen wurden die f\u00fcnf Teile der Serie bereits 1,5 Millionen Mal abgerufen.<\/p>\n<p class=\"text small\" style=\"text-align: justify;\">Meistgesehene Dokumentation des Jahres war \u201eLORIOT100\u201c (SWR\/Radio Bremen) mit knapp 1,5 Millionen Streamviews.<\/p>\n<p class=\"text small\" style=\"text-align: justify;\">In der Gunst des Fernsehpublikums steht der \u201eTatort\u201c ganz oben. Mit 13,928 Millionen Zuschauer:innen (40,5 % Marktanteil) war der \u201eTatort: MagicMom\u201c (WDR) aus M\u00fcnster die meistgesehene Fernsehsendung des Jahres.<\/p>\n<p class=\"text small\" style=\"text-align: justify;\">Bei den Sportgro\u00dfereignissen stach die FIFA Frauen WM 2023 in Neuseeland und Australien besonders heraus. Die meistgesehene Begegnung des Turniers war Deutschland gegen Kolumbien. 10,374 Millionen Fans sahen die Vorrunden-Partie\u00a0live im Ersten, das entspricht einem Marktanteil von 61,3 Prozent.<\/p>\n<p class=\"text small\" style=\"text-align: justify;\">Die \u201eTagesschau\u201c ist weiterhin die am h\u00e4ufigsten gesehene Nachrichtensendung im deutschen Fernsehen und liegt mit durchschnittlich 9,451 Millionen Zuschauer:innen und 38,7 % Marktanteil auch im informationsintensiven Jahr 2023 weit vor ihren Mitbewerbern. Dass die Menschen der ARD in Krisensituationen vertrauen, zeigt die Erfolgsbilanz der \u201eBrennpunkte\u201c: Sie wurden im Schnitt von 5,208 Millionen gesehen und erzielten einen Markanteil von 19,5 %.<\/p>\n<p class=\"text small\" style=\"text-align: justify;\">Im Urteil des Publikums gilt Das Erste auch in diesem Jahr als der Sender, mit dem qualitativ besten Programmangebot; das hat die repr\u00e4sentative Befragung des ARD-Trends gerade wieder best\u00e4tigt: Mit 19 % der Nennungen liegt das ARD Gemeinschaftsprogramm deutlich vor dem ZDF (14 %), RTL (12 %) und Netflix (11 %). 62 % der Befragten bescheinigen dem Ersten zudem eine hohe Glaubw\u00fcrdigkeit \u2013 auch hier f\u00fchrt Das Erste vor dem ZDF (58 %), RTL (26 %) und SAT.1 (20 %).<\/p>\n<p class=\"text small\" style=\"text-align: justify;\">Mit crossmedialen Schwerpunkten im Fernsehen, in der ARD Mediathek, der ARD Audiothek und im H\u00f6rfunk b\u00fcndelte die ARD auch 2023 wieder ihre Kr\u00e4fte. Dazu z\u00e4hlen die Thementage <em>#bahnfahren<\/em>, \u201e<em>100 Jahre Radio \u2013 H\u00f6rt. Nie. Auf.\u201c<\/em> und der Loriot-Thementag zum 100. Geburtstag des gro\u00dfen Humoristen.<\/p>\n<p class=\"text small\" style=\"text-align: justify;\">Viele der genannten Formate sind weiterhin in der ARD Mediathek verf\u00fcgbar. Sie sind auch in der ZDFmediathek zu finden, denn ARD und ZDF kooperieren seit 2021 in einem gemeinsamen Streamingnetzwerk. Dabei treten die Mediatheken der Partner weiter eigenst\u00e4ndig auf, sind aber eng vernetzt.<\/p>\n<div class=\"clearMe\" style=\"text-align: justify;\"><\/div>\n<p class=\"text small\" style=\"text-align: justify;\">\n<div class=\"clearMe\" style=\"text-align: justify;\"><\/div>\n<p class=\"text small\" style=\"text-align: justify;\"><em>Alle genannten TV-Messdaten der AGF\/GfK beziehen sich auf das Gesamtpublikum (ab 3 Jahre). Der Zeitraum der Auswertungen f\u00fcr die TV-Daten erstreckt sich vom 1. Januar bis zum 20. Dezember 2023, f\u00fcr die ZENSUS-Daten vom 1. Januar bis zum 19. Dezember 2023.<\/em><\/p>\n<div class=\"clearMe\"><\/div>\n<div><\/div>\n<div><\/div>\n<div>\n<figure id=\"attachment_197727\" aria-describedby=\"caption-attachment-197727\" style=\"width: 800px\" class=\"wp-caption alignnone\"><img decoding=\"async\" loading=\"lazy\" class=\"size-large wp-image-197727\" src=\"https:\/\/smago.de\/ws2\/wp-content\/uploads\/2023\/02\/1_ARD_Logo_neu_sw_2019-800x448.jpg\" alt=\"\" width=\"800\" height=\"448\" srcset=\"https:\/\/smago.de\/ws2\/wp-content\/uploads\/2023\/02\/1_ARD_Logo_neu_sw_2019-800x448.jpg 800w, https:\/\/smago.de\/ws2\/wp-content\/uploads\/2023\/02\/1_ARD_Logo_neu_sw_2019-522x292.jpg 522w, https:\/\/smago.de\/ws2\/wp-content\/uploads\/2023\/02\/1_ARD_Logo_neu_sw_2019-268x150.jpg 268w, https:\/\/smago.de\/ws2\/wp-content\/uploads\/2023\/02\/1_ARD_Logo_neu_sw_2019-768x430.jpg 768w, https:\/\/smago.de\/ws2\/wp-content\/uploads\/2023\/02\/1_ARD_Logo_neu_sw_2019-1536x860.jpg 1536w, https:\/\/smago.de\/ws2\/wp-content\/uploads\/2023\/02\/1_ARD_Logo_neu_sw_2019-2048x1147.jpg 2048w, https:\/\/smago.de\/ws2\/wp-content\/uploads\/2023\/02\/1_ARD_Logo_neu_sw_2019-392x220.jpg 392w, https:\/\/smago.de\/ws2\/wp-content\/uploads\/2023\/02\/1_ARD_Logo_neu_sw_2019-130x73.jpg 130w, https:\/\/smago.de\/ws2\/wp-content\/uploads\/2023\/02\/1_ARD_Logo_neu_sw_2019-794x445.jpg 794w, https:\/\/smago.de\/ws2\/wp-content\/uploads\/2023\/02\/1_ARD_Logo_neu_sw_2019-870x487.jpg 870w, https:\/\/smago.de\/ws2\/wp-content\/uploads\/2023\/02\/1_ARD_Logo_neu_sw_2019-292x164.jpg 292w, https:\/\/smago.de\/ws2\/wp-content\/uploads\/2023\/02\/1_ARD_Logo_neu_sw_2019-435x244.jpg 435w\" sizes=\"(max-width: 800px) 100vw, 800px\" \/><figcaption id=\"caption-attachment-197727\" class=\"wp-caption-text\">Das neue ARD-Logo wurde zum 01.12.2019 sukzessive \u00fcber mehrere Jahre hinweg eingef\u00fchrt<\/p>\n<p>\u00a9 ARD Design<\/figcaption><\/figure>\n<\/div>\n","protected":false},"excerpt":{"rendered":"<p>Die ARD Mediathek ist die erfolgreichste TV-Streaming-Plattform! Meistgesehene Dokumentation des Jahres war \u201eLORIOT100\u201c (SWR\/Radio Bremen)!<\/p>\n","protected":false},"author":2,"featured_media":197727,"comment_status":"open","ping_status":"closed","sticky":false,"template":"","format":"standard","meta":{"_FSMCFIC_featured_image_caption":"","_FSMCFIC_featured_image_nocaption":"","_FSMCFIC_featured_image_hide":""},"categories":[3,33],"tags":[798],"acf":[],"_links":{"self":[{"href":"https:\/\/smago.de\/ws2\/wp-json\/wp\/v2\/posts\/215677"}],"collection":[{"href":"https:\/\/smago.de\/ws2\/wp-json\/wp\/v2\/posts"}],"about":[{"href":"https:\/\/smago.de\/ws2\/wp-json\/wp\/v2\/types\/post"}],"author":[{"embeddable":true,"href":"https:\/\/smago.de\/ws2\/wp-json\/wp\/v2\/users\/2"}],"replies":[{"embeddable":true,"href":"https:\/\/smago.de\/ws2\/wp-json\/wp\/v2\/comments?post=215677"}],"version-history":[{"count":1,"href":"https:\/\/smago.de\/ws2\/wp-json\/wp\/v2\/posts\/215677\/revisions"}],"predecessor-version":[{"id":215678,"href":"https:\/\/smago.de\/ws2\/wp-json\/wp\/v2\/posts\/215677\/revisions\/215678"}],"wp:featuredmedia":[{"embeddable":true,"href":"https:\/\/smago.de\/ws2\/wp-json\/wp\/v2\/media\/197727"}],"wp:attachment":[{"href":"https:\/\/smago.de\/ws2\/wp-json\/wp\/v2\/media?parent=215677"}],"wp:term":[{"taxonomy":"category","embeddable":true,"href":"https:\/\/smago.de\/ws2\/wp-json\/wp\/v2\/categories?post=215677"},{"taxonomy":"post_tag","embeddable":true,"href":"https:\/\/smago.de\/ws2\/wp-json\/wp\/v2\/tags?post=215677"}],"curies":[{"name":"wp","href":"https:\/\/api.w.org\/{rel}","templated":true}]}}