{"id":215450,"date":"2023-12-19T20:17:03","date_gmt":"2023-12-19T19:17:03","guid":{"rendered":"https:\/\/smago.de\/ws2\/?p=215450"},"modified":"2023-12-19T20:23:09","modified_gmt":"2023-12-19T19:23:09","slug":"matthias-reim-ard-doku-matthias-reim-mein-leben-ist-rock-n-roll-am-13-01-2024-im-ersten-in-der-ard","status":"publish","type":"post","link":"https:\/\/smago.de\/ws2\/pop-schlager\/matthias-reim-ard-doku-matthias-reim-mein-leben-ist-rock-n-roll-am-13-01-2024-im-ersten-in-der-ard\/","title":{"rendered":"MATTHIAS REIM <br>ARD-Doku &#8222;Matthias Reim &#8211; Mein Leben ist Rock &#8217;n&#8216; Roll&#8220; am 13.01.2024 im Ersten \/ in der ARD!"},"content":{"rendered":"<p>Und zwar NACH der Live-Show &#8222;Schlagerchampions \u2013 Das gro\u00dfe Fest der Besten&#8220;, den &#8222;Tagesthemen&#8220; und &#8222;Das Wort zum Sonntag&#8220; &#8230;:<br \/>\n<!--more--><\/p>\n<p>&nbsp;<\/p>\n<p>&nbsp;<\/p>\n<p style=\"text-align: justify;\">Er hat beruflich wie privat schon alle H\u00f6hen und Tiefen durchlebt und denkt trotzdem noch lange nicht ans Aufh\u00f6ren. MATTHIAS REIM will \u2013 mit 66 Jahren \u2013 als Musiker die gro\u00dfen Arenen erobern und spielt das 1.500. Konzert seiner Karriere in der Berliner Wuhlheide im Kreis seiner Familie.<\/p>\n<p style=\"text-align: justify;\">Anders, als fr\u00fcher in seiner Karriere, will er heute \u2013 nach vielen privaten wie gesundheitlichen Krisen &#8211; aber auch f\u00fcr seine Frau und seine Kinder da sein und vor allem auf seine Gesundheit achten.<\/p>\n<p style=\"text-align: justify;\">Die Dokumentation begleitet den Schlagerstar auf Tour, erlebt den Alltag der Familie Reim zuhause am Bodensee und ist dabei, wenn er mit Rapper Finch vor jungen 50.000 Techno-Fans auftritt. Die Zuschauer \u00a0lernen die Musiklegende als Ehemann, Familienvater, Bruder und bester Freund kennen, reisen zur\u00fcck in seine bewegte Vergangenheit und sehen ein Leben voller H\u00f6henfl\u00fcge, Abst\u00fcrze und Comebacks.<\/p>\n<p style=\"text-align: justify;\">Gelingt Matthias Reim mit 66 Jahren zum ersten Mal der Spagat zwischen Rock\u2019n\u2019Roll, Gesundheit und Familienleben, an dem er schon so oft gescheitert ist?<\/p>\n<p>&nbsp;<\/p>\n<p style=\"text-align: justify;\">\n<p style=\"text-align: justify;\"><strong>Das Erste \/ die ARD sendet die Doku &#8222;Matthias Reim &#8211; Mein Leben ist Rock &#8217;n&#8216; Roll&#8220; am 13.\/14.12.2024 nach der Live-Show &#8222;Schlagerchampions \u2013 Das gro\u00dfe Fest der Besten&#8220; (20:15 Uhr &#8211; 23:15 Uhr), den &#8222;Tagesthemen&#8220; (23:15 Uhr &#8211; 23:35 Uhr) und dem Klassiker &#8222;Das Wort zum Sonntag&#8220; (23:35 Uhr &#8211; 23:40 Uhr) von 23:40 Uhr &#8211; 00:25 Uhr.<\/strong><\/p>\n<p>&nbsp;<\/p>\n<p>&nbsp;<\/p>\n<p>&nbsp;<\/p>\n<div class=\"mceTemp\"><\/div>\n<figure id=\"attachment_215456\" aria-describedby=\"caption-attachment-215456\" style=\"width: 800px\" class=\"wp-caption alignnone\"><img decoding=\"async\" loading=\"lazy\" class=\"size-large wp-image-215456\" src=\"https:\/\/smago.de\/ws2\/wp-content\/uploads\/2023\/12\/4_SWR_Portraet_Matthias_Reim-1-800x528.jpg\" alt=\"\" width=\"800\" height=\"528\" srcset=\"https:\/\/smago.de\/ws2\/wp-content\/uploads\/2023\/12\/4_SWR_Portraet_Matthias_Reim-1-800x528.jpg 800w, https:\/\/smago.de\/ws2\/wp-content\/uploads\/2023\/12\/4_SWR_Portraet_Matthias_Reim-1-522x345.jpg 522w, https:\/\/smago.de\/ws2\/wp-content\/uploads\/2023\/12\/4_SWR_Portraet_Matthias_Reim-1-227x150.jpg 227w, https:\/\/smago.de\/ws2\/wp-content\/uploads\/2023\/12\/4_SWR_Portraet_Matthias_Reim-1-768x507.jpg 768w, https:\/\/smago.de\/ws2\/wp-content\/uploads\/2023\/12\/4_SWR_Portraet_Matthias_Reim-1-1536x1014.jpg 1536w, https:\/\/smago.de\/ws2\/wp-content\/uploads\/2023\/12\/4_SWR_Portraet_Matthias_Reim-1-2048x1352.jpg 2048w, https:\/\/smago.de\/ws2\/wp-content\/uploads\/2023\/12\/4_SWR_Portraet_Matthias_Reim-1-392x259.jpg 392w, https:\/\/smago.de\/ws2\/wp-content\/uploads\/2023\/12\/4_SWR_Portraet_Matthias_Reim-1-130x86.jpg 130w, https:\/\/smago.de\/ws2\/wp-content\/uploads\/2023\/12\/4_SWR_Portraet_Matthias_Reim-1-674x445.jpg 674w, https:\/\/smago.de\/ws2\/wp-content\/uploads\/2023\/12\/4_SWR_Portraet_Matthias_Reim-1-791x522.jpg 791w, https:\/\/smago.de\/ws2\/wp-content\/uploads\/2023\/12\/4_SWR_Portraet_Matthias_Reim-1-288x190.jpg 288w, https:\/\/smago.de\/ws2\/wp-content\/uploads\/2023\/12\/4_SWR_Portraet_Matthias_Reim-1-435x287.jpg 435w, https:\/\/smago.de\/ws2\/wp-content\/uploads\/2023\/12\/4_SWR_Portraet_Matthias_Reim-1-150x100.jpg 150w\" sizes=\"(max-width: 800px) 100vw, 800px\" \/><figcaption id=\"caption-attachment-215456\" class=\"wp-caption-text\"><\/em> <em>Matthias Reim mit Tochter Marie (23) am Comer See. Marie ist S\u00e4ngerin und die gemeinsame Tochter von Matthias Reim und Schlagers\u00e4ngerin Michelle.<\/em><\/p>\n<p><em>\u00a9 SWR<\/em><\/figcaption><\/figure>\n<p>&nbsp;<\/p>\n<p>&nbsp;<\/p>\n<p>&nbsp;<\/p>\n<figure id=\"attachment_215454\" aria-describedby=\"caption-attachment-215454\" style=\"width: 800px\" class=\"wp-caption alignnone\"><img decoding=\"async\" loading=\"lazy\" class=\"size-large wp-image-215454\" src=\"https:\/\/smago.de\/ws2\/wp-content\/uploads\/2023\/12\/3_SWR_Portraet_Matthias_Reim-800x531.jpg\" alt=\"\" width=\"800\" height=\"531\" srcset=\"https:\/\/smago.de\/ws2\/wp-content\/uploads\/2023\/12\/3_SWR_Portraet_Matthias_Reim-800x531.jpg 800w, https:\/\/smago.de\/ws2\/wp-content\/uploads\/2023\/12\/3_SWR_Portraet_Matthias_Reim-522x347.jpg 522w, https:\/\/smago.de\/ws2\/wp-content\/uploads\/2023\/12\/3_SWR_Portraet_Matthias_Reim-226x150.jpg 226w, https:\/\/smago.de\/ws2\/wp-content\/uploads\/2023\/12\/3_SWR_Portraet_Matthias_Reim-768x510.jpg 768w, https:\/\/smago.de\/ws2\/wp-content\/uploads\/2023\/12\/3_SWR_Portraet_Matthias_Reim-1536x1020.jpg 1536w, https:\/\/smago.de\/ws2\/wp-content\/uploads\/2023\/12\/3_SWR_Portraet_Matthias_Reim-2048x1360.jpg 2048w, https:\/\/smago.de\/ws2\/wp-content\/uploads\/2023\/12\/3_SWR_Portraet_Matthias_Reim-392x260.jpg 392w, https:\/\/smago.de\/ws2\/wp-content\/uploads\/2023\/12\/3_SWR_Portraet_Matthias_Reim-130x86.jpg 130w, https:\/\/smago.de\/ws2\/wp-content\/uploads\/2023\/12\/3_SWR_Portraet_Matthias_Reim-670x445.jpg 670w, https:\/\/smago.de\/ws2\/wp-content\/uploads\/2023\/12\/3_SWR_Portraet_Matthias_Reim-786x522.jpg 786w, https:\/\/smago.de\/ws2\/wp-content\/uploads\/2023\/12\/3_SWR_Portraet_Matthias_Reim-286x190.jpg 286w, https:\/\/smago.de\/ws2\/wp-content\/uploads\/2023\/12\/3_SWR_Portraet_Matthias_Reim-435x290.jpg 435w, https:\/\/smago.de\/ws2\/wp-content\/uploads\/2023\/12\/3_SWR_Portraet_Matthias_Reim-150x100.jpg 150w, https:\/\/smago.de\/ws2\/wp-content\/uploads\/2023\/12\/3_SWR_Portraet_Matthias_Reim-370x247.jpg 370w\" sizes=\"(max-width: 800px) 100vw, 800px\" \/><figcaption id=\"caption-attachment-215454\" class=\"wp-caption-text\"><em>Matthias Reim (M.) mit Ehefrau Christin Stark und Sohn Julian Reim bei Proben in Berlin f\u00fcr das Konzert in der Wuhlheide.<\/em><\/p>\n<p><em>\u00a9 SWR<\/em><\/figcaption><\/figure>\n<p>&nbsp;<\/p>\n<p>&nbsp;<\/p>\n<p>&nbsp;<\/p>\n<figure id=\"attachment_215457\" aria-describedby=\"caption-attachment-215457\" style=\"width: 800px\" class=\"wp-caption alignnone\"><img decoding=\"async\" loading=\"lazy\" class=\"size-large wp-image-215457\" src=\"https:\/\/smago.de\/ws2\/wp-content\/uploads\/2023\/12\/7_SWR_Portraet_Matthias_Reim-800x528.jpg\" alt=\"\" width=\"800\" height=\"528\" srcset=\"https:\/\/smago.de\/ws2\/wp-content\/uploads\/2023\/12\/7_SWR_Portraet_Matthias_Reim-800x528.jpg 800w, https:\/\/smago.de\/ws2\/wp-content\/uploads\/2023\/12\/7_SWR_Portraet_Matthias_Reim-522x345.jpg 522w, https:\/\/smago.de\/ws2\/wp-content\/uploads\/2023\/12\/7_SWR_Portraet_Matthias_Reim-227x150.jpg 227w, https:\/\/smago.de\/ws2\/wp-content\/uploads\/2023\/12\/7_SWR_Portraet_Matthias_Reim-768x507.jpg 768w, https:\/\/smago.de\/ws2\/wp-content\/uploads\/2023\/12\/7_SWR_Portraet_Matthias_Reim-1536x1014.jpg 1536w, https:\/\/smago.de\/ws2\/wp-content\/uploads\/2023\/12\/7_SWR_Portraet_Matthias_Reim-2048x1352.jpg 2048w, https:\/\/smago.de\/ws2\/wp-content\/uploads\/2023\/12\/7_SWR_Portraet_Matthias_Reim-392x259.jpg 392w, https:\/\/smago.de\/ws2\/wp-content\/uploads\/2023\/12\/7_SWR_Portraet_Matthias_Reim-130x86.jpg 130w, https:\/\/smago.de\/ws2\/wp-content\/uploads\/2023\/12\/7_SWR_Portraet_Matthias_Reim-674x445.jpg 674w, https:\/\/smago.de\/ws2\/wp-content\/uploads\/2023\/12\/7_SWR_Portraet_Matthias_Reim-791x522.jpg 791w, https:\/\/smago.de\/ws2\/wp-content\/uploads\/2023\/12\/7_SWR_Portraet_Matthias_Reim-288x190.jpg 288w, https:\/\/smago.de\/ws2\/wp-content\/uploads\/2023\/12\/7_SWR_Portraet_Matthias_Reim-435x287.jpg 435w, https:\/\/smago.de\/ws2\/wp-content\/uploads\/2023\/12\/7_SWR_Portraet_Matthias_Reim-150x100.jpg 150w\" sizes=\"(max-width: 800px) 100vw, 800px\" \/><figcaption id=\"caption-attachment-215457\" class=\"wp-caption-text\"><em>Matthias Reim (r.) (66) mit seinem j\u00fcngeren Bruder Christoph (63) am Comer See. Christoph lebt und arbeitet als Banker in Mailand und hat Matthias 2010 aus seiner Insolvenz geholfen.<\/em><\/p>\n<p><em>\u00a9 SWR<\/em><\/figcaption><\/figure>\n","protected":false},"excerpt":{"rendered":"<p>Und zwar NACH der Live-Show &#8222;Schlagerchampions \u2013 Das gro\u00dfe Fest der Besten&#8220;, den &#8222;Tagesthemen&#8220; und &#8222;Das Wort zum Sonntag&#8220; &#8230;:<\/p>\n","protected":false},"author":2,"featured_media":215453,"comment_status":"open","ping_status":"closed","sticky":false,"template":"","format":"standard","meta":{"_FSMCFIC_featured_image_caption":"","_FSMCFIC_featured_image_nocaption":"","_FSMCFIC_featured_image_hide":""},"categories":[28,39,128],"tags":[50],"acf":[],"_links":{"self":[{"href":"https:\/\/smago.de\/ws2\/wp-json\/wp\/v2\/posts\/215450"}],"collection":[{"href":"https:\/\/smago.de\/ws2\/wp-json\/wp\/v2\/posts"}],"about":[{"href":"https:\/\/smago.de\/ws2\/wp-json\/wp\/v2\/types\/post"}],"author":[{"embeddable":true,"href":"https:\/\/smago.de\/ws2\/wp-json\/wp\/v2\/users\/2"}],"replies":[{"embeddable":true,"href":"https:\/\/smago.de\/ws2\/wp-json\/wp\/v2\/comments?post=215450"}],"version-history":[{"count":3,"href":"https:\/\/smago.de\/ws2\/wp-json\/wp\/v2\/posts\/215450\/revisions"}],"predecessor-version":[{"id":215458,"href":"https:\/\/smago.de\/ws2\/wp-json\/wp\/v2\/posts\/215450\/revisions\/215458"}],"wp:featuredmedia":[{"embeddable":true,"href":"https:\/\/smago.de\/ws2\/wp-json\/wp\/v2\/media\/215453"}],"wp:attachment":[{"href":"https:\/\/smago.de\/ws2\/wp-json\/wp\/v2\/media?parent=215450"}],"wp:term":[{"taxonomy":"category","embeddable":true,"href":"https:\/\/smago.de\/ws2\/wp-json\/wp\/v2\/categories?post=215450"},{"taxonomy":"post_tag","embeddable":true,"href":"https:\/\/smago.de\/ws2\/wp-json\/wp\/v2\/tags?post=215450"}],"curies":[{"name":"wp","href":"https:\/\/api.w.org\/{rel}","templated":true}]}}