{"id":215447,"date":"2023-12-19T20:09:28","date_gmt":"2023-12-19T19:09:28","guid":{"rendered":"https:\/\/smago.de\/ws2\/?p=215447"},"modified":"2023-12-19T20:09:28","modified_gmt":"2023-12-19T19:09:28","slug":"das-erste-ard-ard-bilanz-2021-22-und-ard-ausblick-2023-24-verabschiedet","status":"publish","type":"post","link":"https:\/\/smago.de\/ws2\/smago-informiert\/das-erste-ard-ard-bilanz-2021-22-und-ard-ausblick-2023-24-verabschiedet\/","title":{"rendered":"&#8222;DAS ERSTE \/ ARD&#8220; <br>ARD-Bilanz 2021\/22 und ARD-Ausblick 2023\/24 verabschiedet!"},"content":{"rendered":"<p class=\"headline small\" style=\"text-align: justify;\">Digitaler Umbau und regionale Vielfalt sind zentrale strategische Ziele der ARD!<br \/>\n<!--more--><\/p>\n<p style=\"text-align: justify;\">\n<p style=\"text-align: justify;\">\n<p class=\"text small\" style=\"text-align: justify;\">Die von den Intendantinnen und Intendanten verabschiedete ARD-Bilanz 2021\/22 und der ARD-Ausblick 2023\/24 sind jetzt \u00f6ffentlich zug\u00e4nglich. Die zweiteilige Selbstverpflichtung dokumentiert den gesellschaftlichen Mehrwert des ARD-Programms und definiert die wichtigsten strategischen und programmlichen Ziele. Sie wurde in Abstimmung mit den zust\u00e4ndigen Rundfunkr\u00e4ten der Landesrundfunkanstalten beschlossen.<\/p>\n<p class=\"text small\" style=\"text-align: justify;\">Digitalisierung und Regionalisierung sind die beiden Kerngedanken, die den gesamten Transformationsprozess leiten. Mit der Selbstverpflichtung soll transparent f\u00fcr alle dargestellt werden, wo die ARD hierbei aktuell steht und welche Ziele sie sich f\u00fcr die n\u00e4chsten Jahre dazu vorgenommen hat. Mit der Weiterentwicklung der Inhalte, der Verbesserung der Auffindbarkeit und Bedienungsfreundlichkeit sowie einer neuen Distributions- und Markenstrategie soll das gemeinsame Streamingnetzwerk von ARD und ZDF zum relevantesten Streamingangebot in Deutschland ausgebaut werden. Die f\u00f6derale Struktur der ARD und ihre Verankerung in den Regionen erm\u00f6glicht es, eine echte N\u00e4he zu den Menschen herzustellen und die Vielfalt der Lebensrealit\u00e4ten programmlich umfassend abzubilden. Digitalisierung und Regionalisierung im Zusammenspiel sollen den gesellschaftlichen Zusammenhalt st\u00e4rken und die Integration zwischen Stadt und Land f\u00f6rdern.<\/p>\n<div class=\"clearMe\" style=\"text-align: justify;\"><\/div>\n<div><\/div>\n<div><\/div>\n<p class=\"text small\" style=\"text-align: justify;\">ARD-Bilanz und ARD-Ausblick sind ab sofort hier<\/p>\n<div class=\"clearMe\" style=\"text-align: justify;\"><\/div>\n<div><\/div>\n<div class=\"linklist articlePageList\" style=\"text-align: justify;\">\n<ul class=\"list\">\n<li><a title=\"Download\" href=\"https:\/\/presse.daserste.de\/pressemappen\/ard-selbstverpflichtung-bilanz-2021-2022-mappe-100.pdf\">ARD-Selbstverpflichtung | Bilanz 2021\/2022\u00a0|\u00a0<strong>pdf\u00a0&#8211;\u00a03,3\u00a0MB<\/strong><\/a><\/li>\n<\/ul>\n<\/div>\n<div class=\"linklist articlePageList\" style=\"text-align: justify;\">\n<ul class=\"list\">\n<li><a title=\"Download\" href=\"https:\/\/presse.daserste.de\/pressemappen\/ard-selbstverpflichtung-ausblick-2023-2024-mappe-100.pdf\">ARD-Selbstverpflichtung | Ausblick 2023\/24\u00a0|\u00a0<strong>pdf\u00a0&#8211;\u00a05,8\u00a0MB<\/strong><\/a><\/li>\n<\/ul>\n<\/div>\n<p>&nbsp;<\/p>\n<p>&nbsp;<\/p>\n<p class=\"text small\" style=\"text-align: justify;\">oder unter <a href=\"https:\/\/www.ard.de\/die-ard\/aufgaben-der-ard\/ARD-Selbstverpflichtung-100\/\">ard.de\/selbstverpflichtung<\/a> abrufbar.<\/p>\n","protected":false},"excerpt":{"rendered":"<p>Digitaler Umbau und regionale Vielfalt sind zentrale strategische Ziele der ARD!<\/p>\n","protected":false},"author":2,"featured_media":215448,"comment_status":"open","ping_status":"closed","sticky":false,"template":"","format":"standard","meta":{"_FSMCFIC_featured_image_caption":"","_FSMCFIC_featured_image_nocaption":"","_FSMCFIC_featured_image_hide":""},"categories":[33,128],"tags":[798],"acf":[],"_links":{"self":[{"href":"https:\/\/smago.de\/ws2\/wp-json\/wp\/v2\/posts\/215447"}],"collection":[{"href":"https:\/\/smago.de\/ws2\/wp-json\/wp\/v2\/posts"}],"about":[{"href":"https:\/\/smago.de\/ws2\/wp-json\/wp\/v2\/types\/post"}],"author":[{"embeddable":true,"href":"https:\/\/smago.de\/ws2\/wp-json\/wp\/v2\/users\/2"}],"replies":[{"embeddable":true,"href":"https:\/\/smago.de\/ws2\/wp-json\/wp\/v2\/comments?post=215447"}],"version-history":[{"count":1,"href":"https:\/\/smago.de\/ws2\/wp-json\/wp\/v2\/posts\/215447\/revisions"}],"predecessor-version":[{"id":215449,"href":"https:\/\/smago.de\/ws2\/wp-json\/wp\/v2\/posts\/215447\/revisions\/215449"}],"wp:featuredmedia":[{"embeddable":true,"href":"https:\/\/smago.de\/ws2\/wp-json\/wp\/v2\/media\/215448"}],"wp:attachment":[{"href":"https:\/\/smago.de\/ws2\/wp-json\/wp\/v2\/media?parent=215447"}],"wp:term":[{"taxonomy":"category","embeddable":true,"href":"https:\/\/smago.de\/ws2\/wp-json\/wp\/v2\/categories?post=215447"},{"taxonomy":"post_tag","embeddable":true,"href":"https:\/\/smago.de\/ws2\/wp-json\/wp\/v2\/tags?post=215447"}],"curies":[{"name":"wp","href":"https:\/\/api.w.org\/{rel}","templated":true}]}}