{"id":215205,"date":"2023-12-14T23:59:08","date_gmt":"2023-12-14T22:59:08","guid":{"rendered":"https:\/\/smago.de\/ws2\/?p=215205"},"modified":"2023-12-14T22:10:28","modified_gmt":"2023-12-14T21:10:28","slug":"max-mutzke-hans-sigl-u-a-fr-sa-15-16-12-2023-in-der-ndr-talk-show-zu-gast","status":"publish","type":"post","link":"https:\/\/smago.de\/ws2\/pop\/max-mutzke-hans-sigl-u-a-fr-sa-15-16-12-2023-in-der-ndr-talk-show-zu-gast\/","title":{"rendered":"MAX MUTZKE, HANS SIGL u.a. <br>Fr.\/Sa., 15.\/16.12.2023, in der &#8222;NDR Talk Show&#8220; zu Gast!"},"content":{"rendered":"<div class=\"row collapse\" style=\"text-align: justify;\"><span class=\"title columns\">NDR Fernsehen + HR Fernsehen, 22:00 Uhr &#8211; 00:10 Uhr!\u00a0<span class=\"subtitle\">Moderation: Hubertus Meyer-Burckhardt und Barbara Sch\u00f6neberger!<br \/>\n<\/span><\/span><!--more--><\/div>\n<div style=\"text-align: justify;\"><\/div>\n<div style=\"text-align: justify;\"><\/div>\n<div style=\"text-align: justify;\"><\/div>\n<div style=\"text-align: justify;\"><\/div>\n<div style=\"text-align: justify;\">\n<p>Barbara Sch\u00f6neberger und Hubertus Meyer-Burckhardt begr\u00fc\u00dfen folgende G\u00e4ste:<\/p>\n<\/div>\n<p>&nbsp;<\/p>\n<p>&nbsp;<\/p>\n<p>&nbsp;<\/p>\n<div style=\"text-align: justify;\">\n<ul>\n<li>Atze Schr\u00f6der, Comedian<\/li>\n<li>Hans Sigl, Schauspieler<\/li>\n<li>Max Mutzke, S\u00e4nger<\/li>\n<li>Ingo Naujoks und Sven Martinek, Schauspieler<\/li>\n<li>Leontine von Schmettow, Journalistin und Adelsexpertin<\/li>\n<li>Gitta Schweigh\u00f6fer, Schauspielerin<\/li>\n<li>Nazan Eckes, Moderatorin und Schauspielerin<\/li>\n<\/ul>\n<\/div>\n<div class=\"left-list-col columns\"><\/div>\n<div><\/div>\n<div><\/div>\n<div><\/div>\n<div><\/div>\n<p>&nbsp;<\/p>\n<div id=\"zlt8dj-accordion\" class=\"accordion-content\" role=\"tabpanel\" data-tab-content=\"\" aria-labelledby=\"zlt8dj-accordion-label\" aria-hidden=\"false\">\n<div class=\"event-detail\">\n<div class=\"detail-top row collapse \">\n<div class=\"row collapse\">\n<ul style=\"text-align: justify;\">\n<li><strong>Atze Schr\u00f6der, Comedian<\/strong><\/li>\n<\/ul>\n<p>&nbsp;<\/p>\n<p style=\"text-align: justify;\">Atze Schr\u00f6der, der Mann mit der &#8222;Minipli&#8220;, dem Ruhrpott-Charme, der Pilotenbrille und den Cowboystiefeln geh\u00f6rt seit \u00fcber 20 Jahren zur deutschen Comedy-Spitzengarde und f\u00fcllt die gr\u00f6\u00dften Hallen Deutschlands. Angefangen hat der Komiker seine Karriere auf diversen Kleinkunstb\u00fchnen und im Schmidt-Theater in Hamburg. Bundesweit bekannt wurde er durch seine Comedyserie &#8222;Alles Atze&#8220;. Mittlerweile ist der 58-J\u00e4hrige auch als Podcaster und Buchautor erfolgreich. Warum er in seinem aktuellen B\u00fchnenprogramm als &#8222;Der Erl\u00f6ser&#8220; vor seine Fans tritt, erz\u00e4hlt der Comedian in der NDR Talk Show.<\/p>\n<\/div>\n<\/div>\n<\/div>\n<\/div>\n<p>&nbsp;<\/p>\n<p>&nbsp;<\/p>\n<p>&nbsp;<\/p>\n<p>&nbsp;<\/p>\n<div id=\"zlt8dj-accordion\" class=\"accordion-content\" role=\"tabpanel\" data-tab-content=\"\" aria-labelledby=\"zlt8dj-accordion-label\" aria-hidden=\"false\">\n<div class=\"event-detail\">\n<div class=\"detail-top row collapse \">\n<div class=\"row collapse\">\n<ul style=\"text-align: justify;\">\n<li><strong>Hans Sigl, Schauspieler<\/strong><\/li>\n<\/ul>\n<p>&nbsp;<\/p>\n<p style=\"text-align: justify;\">Dieser Mann verk\u00f6rpert seine Rolle als &#8222;Bergdoktor&#8220; wirklich glaubhaft, denn immer wieder erz\u00e4hlen ihm Fans v\u00f6llig unaufgefordert ihre Krankheitsgeschichte und bitten ihn um eine Diagnose! Hans Sigl begeistert seit 15 Jahren Millionen Menschen in seiner Rolle als Dr. Martin Gruber und hat sich eine \u00fcberaus treue Zuschauerschaft erspielt. Der begeisterte Golfer schl\u00e4gt sich zun\u00e4chst mit Jura und Lehramt durch, bevor er im Schauspielgesch\u00e4ft den richtigen Treffer landet. Nicht nur als Mediziner in den Tiroler Alpen zieht er sein Publikum in den Bann, sondern auch mit diversen Krimis oder als Moderator der &#8222;Starnacht am W\u00f6rthersee&#8220;. Welche Neuerungen in der 17. Staffel der Serie &#8222;Der Bergdoktor&#8220; anstehen, wen er im Golf besiegen will und warum er sich immer noch den Spitznamen &#8222;Rockstar unter den Fernseh\u00e4rzten&#8220; verdient, erz\u00e4hlt Hans Sigl in der NDR Talk Show.<\/p>\n<\/div>\n<\/div>\n<\/div>\n<\/div>\n<p>&nbsp;<\/p>\n<p>&nbsp;<\/p>\n<p>&nbsp;<\/p>\n<p>&nbsp;<\/p>\n<p>&nbsp;<\/p>\n<div id=\"zlt8dj-accordion\" class=\"accordion-content\" role=\"tabpanel\" data-tab-content=\"\" aria-labelledby=\"zlt8dj-accordion-label\" aria-hidden=\"false\">\n<div class=\"event-detail\">\n<div class=\"detail-top row collapse \">\n<div class=\"row collapse\">\n<ul style=\"text-align: justify;\">\n<li><strong>Max Mutzke, S\u00e4nger<\/strong><\/li>\n<\/ul>\n<p>&nbsp;<\/p>\n<p style=\"text-align: justify;\">Er hat die samtigste Soulstimme, die der Schwarzwald zu bieten hat. Max Mutzke beherrscht alle musikalischen Facetten von Pop, Rock, Soul, Funk bis Jazz. Mit sechs Jahren begann er zu singen, mit elf Jahren gr\u00fcndete er seine erste Band. 2004 trat er f\u00fcr Deutschland beim Eurovision Song Contest an und belegte einen sehr guten achten Platz. Als Sieger ging er 2019 im Astronautenkost\u00fcm bei &#8222;The Masked Singer&#8220; von der B\u00fchne. Im Herbst dieses Jahres hat der vierfache Vater sein erstes Kinderbuch geschrieben: &#8222;Komm mit ins Paradies der Tr\u00e4umer&#8220; ist die perfekte Gutenachtgeschichte. In der NDR Talk Show verr\u00e4t der 42-J\u00e4hrige, wie gut er im Geschichtenerz\u00e4hlen ist. Und er wird das Publikum im Studio und zu Hause musikalisch auf die kommenden Weihnachtstage vorbereiten.<\/p>\n<\/div>\n<\/div>\n<\/div>\n<\/div>\n<p>&nbsp;<\/p>\n<p>&nbsp;<\/p>\n<p>&nbsp;<\/p>\n<p>&nbsp;<\/p>\n<div id=\"zlt8dj-accordion\" class=\"accordion-content\" role=\"tabpanel\" data-tab-content=\"\" aria-labelledby=\"zlt8dj-accordion-label\" aria-hidden=\"false\">\n<div class=\"event-detail\">\n<div class=\"detail-top row collapse \">\n<div class=\"row collapse\">\n<ul style=\"text-align: justify;\">\n<li><strong>Ingo Naujoks und Sven Martinek, Schauspieler<\/strong><\/li>\n<\/ul>\n<p>&nbsp;<\/p>\n<p style=\"text-align: justify;\">Seit 2012 sind sie Kollegen in der ARD Vorabendserie &#8222;Morden im Norden&#8220;: Ingo Naujoks und Sven Martinek. Der geb\u00fcrtige Magdeburger Sven Martinek wurde durch die Actionserie &#8222;Der Clown&#8220; bekannt. Der Bochumer Ingo Naujoks spielte in Filmklassikern wie &#8222;Der bewegte Mann&#8220; und &#8222;Keiner liebt mich&#8220; und war viele Jahre lang an der Seite von Maria Furtw\u00e4ngler im &#8222;Tatort&#8220; zu sehen. Nach 140 Folgen in elf Jahren ist die Krimiserie &#8222;Morden im Norden&#8220; so erfolgreich wie nie zuvor. Jetzt bekommt sie ihren ersten Spielfilm: Am 3. Januar 2024 um 20.15 Uhr wird der 90-min\u00fctige Film &#8222;Morden im Norden &#8211; Am Abgrund&#8220; im Ersten ausgestrahlt. In der NDR Talk Show erz\u00e4hlen die beiden Hauptdarsteller der Vorabendserie, warum die Geschichten aus der L\u00fcbecker Mordkommission so beliebt sind und warum sie sich auch privat bestens verstehen.<\/p>\n<\/div>\n<\/div>\n<\/div>\n<\/div>\n<p>&nbsp;<\/p>\n<p>&nbsp;<\/p>\n<p>&nbsp;<\/p>\n<p>&nbsp;<\/p>\n<div id=\"zlt8dj-accordion\" class=\"accordion-content\" role=\"tabpanel\" data-tab-content=\"\" aria-labelledby=\"zlt8dj-accordion-label\" aria-hidden=\"false\">\n<div class=\"event-detail\">\n<div class=\"detail-top row collapse \">\n<div class=\"row collapse\">\n<ul style=\"text-align: justify;\">\n<li><strong>Leontine von Schmettow, Journalistin und Adelsexpertin<\/strong><\/li>\n<\/ul>\n<p>&nbsp;<\/p>\n<\/div>\n<\/div>\n<div class=\"detail-top row collapse \">\n<div class=\"row collapse\">\n<p style=\"text-align: justify;\">Diese Frau kennt sich in der Welt des Adels aus wie keine zweite: Leontine von Schmettow wird zwar nicht auf einem Schloss geboren und lebt auch nie auf einem, ist durch ihre Familie aber in adeligen Gefilden zu Hause. Bereits seit ihrem Volontariat beim NDR berichtet sie f\u00fcr Fernsehen und H\u00f6rfunk \u00fcber adelige Familien, ihre Herausforderungen und Geschichten. Ihren Ruf als gefragte Adelsexpertin erarbeitet sich die Journalistin durch zahlreiche Filme \u00fcber deutsche und europ\u00e4ische H\u00e4user. Das Jahr 2023 ist in royaler Hinsicht ein ganz besonderes, zum Beispiel wird im Mai K\u00f6nig Charles III. gekr\u00f6nt und K\u00f6nigin Silvia von Schweden feiert im Dezember ihren 80. Geburtstag. \u00dcber diese Feierlichkeiten und was in royaler Hinsicht in den letzten Monaten von weltweiter Bedeutung gewesen ist, berichtet Leontine von Schmettow sowohl in einem royalen Jahresr\u00fcckblick als auch in der NDR Talk Show.<\/p>\n<\/div>\n<\/div>\n<\/div>\n<\/div>\n<p>&nbsp;<\/p>\n<p>&nbsp;<\/p>\n<p>&nbsp;<\/p>\n<p>&nbsp;<\/p>\n<div id=\"zlt8dj-accordion\" class=\"accordion-content\" role=\"tabpanel\" data-tab-content=\"\" aria-labelledby=\"zlt8dj-accordion-label\" aria-hidden=\"false\">\n<div class=\"event-detail\">\n<div class=\"detail-top row collapse \">\n<div class=\"row collapse\">\n<ul style=\"text-align: justify;\">\n<li><strong>Gitta Schweigh\u00f6fer, Schauspielerin<\/strong><\/li>\n<\/ul>\n<p>&nbsp;<\/p>\n<p style=\"text-align: justify;\">Gitta Schweigh\u00f6fer w\u00e4chst im heutigen Mecklenburg-Vorpommern auf und macht ihre ersten Erfahrungen auf der B\u00fchne schon im Kinderschultheater. Seit Anfang der 80er-Jahre arbeitet sie als Schauspielerin landesweit an gro\u00dfen H\u00e4usern und erobert vor 20 Jahren die Film- und Fernsehlandschaft. Oftmals spielt sie auch in Filmen mit, in denen ihr Sohn Matthias Schweigh\u00f6fer als Schauspieler oder Produzent mitwirkt. Beide sind f\u00fcreinander wichtige Ratgeber bei der Rollenwahl, sagt die 69-J\u00e4hrige. In der Weihnachtszeit ist sie in &#8222;Das Weihnachtswunder&#8220; zu sehen. Wie Weihnachten in ihrer Familie gefeiert wird, ob sie selbst an Wunder glaubt und welche Vors\u00e4tze sie sich f\u00fcr 2024 macht, erz\u00e4hlt sie in der NDR Talk Show.<\/p>\n<\/div>\n<\/div>\n<\/div>\n<\/div>\n<p>&nbsp;<\/p>\n<p>&nbsp;<\/p>\n<p>&nbsp;<\/p>\n<p>&nbsp;<\/p>\n<div id=\"zlt8dj-accordion\" class=\"accordion-content\" role=\"tabpanel\" data-tab-content=\"\" aria-labelledby=\"zlt8dj-accordion-label\" aria-hidden=\"false\">\n<div class=\"event-detail\">\n<div class=\"detail-top row collapse \">\n<div class=\"row collapse\">\n<ul style=\"text-align: justify;\">\n<li><strong>Nazan Eckes, Moderatorin und Schauspielerin<\/strong><\/li>\n<\/ul>\n<p>&nbsp;<\/p>\n<p style=\"text-align: justify;\">Nazan Eckes startet ihre erfolgreiche TV-Karriere zun\u00e4chst als Praktikantin, sp\u00e4ter als Redakteurin beim Musiksender VIVA. Schon bald zieht es die heute 47-J\u00e4hrige auch vor die Kamera. 1999 bekommt sie bei &#8222;Guten Abend RTL&#8220; ihren ersten Moderationsjob &#8211; sie darf die Wettervorhersage pr\u00e4sentieren. 2001 machen sie die &#8222;RTL II News&#8220; in ganz Deutschland bekannt. Sp\u00e4testens als sie 2007 &#8222;Explosiv&#8220; moderiert, ist sie zu einer festen Gr\u00f6\u00dfe in der deutschen Fernsehlandschaft geworden. Im April hat Nazan Eckes ihre bisherige exklusive Zusammenarbeit mit RTL beendet und ihre Sendung &#8222;Extra&#8220; abgegeben. Seitdem bricht sie auf zu neuen Ufern, schauspielert und leiht jetzt in dem Familienanimationsfilm &#8222;Raus aus dem Teich&#8220; einer Entenmutter ihre Stimme.<\/p>\n<\/div>\n<\/div>\n<\/div>\n<\/div>\n","protected":false},"excerpt":{"rendered":"<p>NDR Fernsehen + HR Fernsehen, 22:00 Uhr &#8211; 00:10 Uhr!\u00a0Moderation: Hubertus Meyer-Burckhardt und Barbara Sch\u00f6neberger!<\/p>\n","protected":false},"author":2,"featured_media":121799,"comment_status":"open","ping_status":"closed","sticky":false,"template":"","format":"standard","meta":{"_FSMCFIC_featured_image_caption":"","_FSMCFIC_featured_image_nocaption":"","_FSMCFIC_featured_image_hide":""},"categories":[27,29,128],"tags":[254],"acf":[],"_links":{"self":[{"href":"https:\/\/smago.de\/ws2\/wp-json\/wp\/v2\/posts\/215205"}],"collection":[{"href":"https:\/\/smago.de\/ws2\/wp-json\/wp\/v2\/posts"}],"about":[{"href":"https:\/\/smago.de\/ws2\/wp-json\/wp\/v2\/types\/post"}],"author":[{"embeddable":true,"href":"https:\/\/smago.de\/ws2\/wp-json\/wp\/v2\/users\/2"}],"replies":[{"embeddable":true,"href":"https:\/\/smago.de\/ws2\/wp-json\/wp\/v2\/comments?post=215205"}],"version-history":[{"count":2,"href":"https:\/\/smago.de\/ws2\/wp-json\/wp\/v2\/posts\/215205\/revisions"}],"predecessor-version":[{"id":215207,"href":"https:\/\/smago.de\/ws2\/wp-json\/wp\/v2\/posts\/215205\/revisions\/215207"}],"wp:featuredmedia":[{"embeddable":true,"href":"https:\/\/smago.de\/ws2\/wp-json\/wp\/v2\/media\/121799"}],"wp:attachment":[{"href":"https:\/\/smago.de\/ws2\/wp-json\/wp\/v2\/media?parent=215205"}],"wp:term":[{"taxonomy":"category","embeddable":true,"href":"https:\/\/smago.de\/ws2\/wp-json\/wp\/v2\/categories?post=215205"},{"taxonomy":"post_tag","embeddable":true,"href":"https:\/\/smago.de\/ws2\/wp-json\/wp\/v2\/tags?post=215205"}],"curies":[{"name":"wp","href":"https:\/\/api.w.org\/{rel}","templated":true}]}}