{"id":215093,"date":"2023-12-13T00:00:50","date_gmt":"2023-12-12T23:00:50","guid":{"rendered":"https:\/\/smago.de\/ws2\/?p=215093"},"modified":"2023-12-15T11:40:11","modified_gmt":"2023-12-15T10:40:11","slug":"otto-lagerfett-mit-und-ab-und-zu-wein-ich-ganz-leis-legt-er-einen-echten-kuschel-schlager-vor","status":"publish","type":"post","link":"https:\/\/smago.de\/ws2\/schlager\/otto-lagerfett-mit-und-ab-und-zu-wein-ich-ganz-leis-legt-er-einen-echten-kuschel-schlager-vor\/","title":{"rendered":"OTTO LAGERFETT <br>Mit &#8222;Und ab und zu wein ich ganz leis&#8220; legt er einen echten Kuschel-Schlager vor!"},"content":{"rendered":"<p>Hierbei handelt es sich um die deutsche Version des Titels &#8222;Huilen doe ik wel alleen&#8220; des niederl\u00e4ndischen S\u00e4ngers<em> Jannes<\/em>!<br \/>\n<!--more--><\/p>\n<p>&nbsp;<\/p>\n<p>&nbsp;<\/p>\n<p style=\"text-align: justify;\">\n<p style=\"text-align: justify;\">OTTO LAGERFETT ver\u00f6ffentlicht ber\u00fchrende deutsche Version von &#8222;Huilen doe ik wel alleen&#8220;.<\/p>\n<p style=\"text-align: justify;\">Der deutsche Schlager-K\u00fcnstler Otto Lagerfett freut sich die Ver\u00f6ffentlichung seiner emotionalen, deutschen Interpretation des Liedes &#8222;Huilen doe ik wel alleen&#8220; anzuk\u00fcndigen, das urspr\u00fcnglich vom niederl\u00e4ndischen S\u00e4nger <em>Jannes<\/em> gesungen wurde. Dieses wundersch\u00f6ne Lied hat einen tiefen Eindruck bei Otto hinterlassen, und er war fest entschlossen, es aufzunehmen und diese bedeutungsvolle Ballade mit dem Publikum zu teilen. In Zusammenarbeit mit seinem talentierten Autorenteam, bestehend aus Emile Hartkamp und Noris Padidar, wurde eine wunderbare deutsche \u00dcbersetzung erstellt.<\/p>\n<p style=\"text-align: justify;\">&#8222;Und ab und zu wein ich ganz leis&#8220; ist ein Lied, das viele direkt ins Herz treffen wird. Otto hofft, dass dieses Lied die Menschen inspirieren wird, Liebe und Hoffnung zu bewahren, selbst in schwierigen Zeiten. Lasst euch von der Emotion und Leidenschaft mitrei\u00dfen, die Otto in jede Note und jeden Akkord legt, wenn ihr &#8222;Und ab und zu wein ich ganz leis&#8220; h\u00f6rt.<\/p>\n","protected":false},"excerpt":{"rendered":"<p>Hierbei handelt es sich um die deutsche Version des Titels &#8222;Huilen doe ik wel alleen&#8220; des niederl\u00e4ndischen S\u00e4ngers Jannes!<\/p>\n","protected":false},"author":2,"featured_media":215094,"comment_status":"open","ping_status":"closed","sticky":false,"template":"","format":"standard","meta":{"_FSMCFIC_featured_image_caption":"","_FSMCFIC_featured_image_nocaption":"","_FSMCFIC_featured_image_hide":""},"categories":[29],"tags":[2367],"acf":[],"_links":{"self":[{"href":"https:\/\/smago.de\/ws2\/wp-json\/wp\/v2\/posts\/215093"}],"collection":[{"href":"https:\/\/smago.de\/ws2\/wp-json\/wp\/v2\/posts"}],"about":[{"href":"https:\/\/smago.de\/ws2\/wp-json\/wp\/v2\/types\/post"}],"author":[{"embeddable":true,"href":"https:\/\/smago.de\/ws2\/wp-json\/wp\/v2\/users\/2"}],"replies":[{"embeddable":true,"href":"https:\/\/smago.de\/ws2\/wp-json\/wp\/v2\/comments?post=215093"}],"version-history":[{"count":2,"href":"https:\/\/smago.de\/ws2\/wp-json\/wp\/v2\/posts\/215093\/revisions"}],"predecessor-version":[{"id":215272,"href":"https:\/\/smago.de\/ws2\/wp-json\/wp\/v2\/posts\/215093\/revisions\/215272"}],"wp:featuredmedia":[{"embeddable":true,"href":"https:\/\/smago.de\/ws2\/wp-json\/wp\/v2\/media\/215094"}],"wp:attachment":[{"href":"https:\/\/smago.de\/ws2\/wp-json\/wp\/v2\/media?parent=215093"}],"wp:term":[{"taxonomy":"category","embeddable":true,"href":"https:\/\/smago.de\/ws2\/wp-json\/wp\/v2\/categories?post=215093"},{"taxonomy":"post_tag","embeddable":true,"href":"https:\/\/smago.de\/ws2\/wp-json\/wp\/v2\/tags?post=215093"}],"curies":[{"name":"wp","href":"https:\/\/api.w.org\/{rel}","templated":true}]}}