{"id":214884,"date":"2023-12-07T23:59:37","date_gmt":"2023-12-07T22:59:37","guid":{"rendered":"https:\/\/smago.de\/ws2\/?p=214884"},"modified":"2023-12-07T17:01:53","modified_gmt":"2023-12-07T16:01:53","slug":"jeanette-biedermann-guido-cantz-u-a-fr-08-12-2023-in-der-mdr-talkshow-riverboat-zu-gast","status":"publish","type":"post","link":"https:\/\/smago.de\/ws2\/pop\/jeanette-biedermann-guido-cantz-u-a-fr-08-12-2023-in-der-mdr-talkshow-riverboat-zu-gast\/","title":{"rendered":"JEANETTE BIEDERMANN, GUIDO CANTZ u.a. <br>Fr. (08.12.2023) in der MDR-Talkshow &#8222;Riverboat&#8220; zu Gast!"},"content":{"rendered":"<p>MDR Fernsehen, 22:00 Uhr &#8211; 00:15 Uhr!<br \/>\n<!--more--><\/p>\n<p>&nbsp;<\/p>\n<p>&nbsp;<\/p>\n<p>&nbsp;<\/p>\n<p style=\"text-align: justify;\"><strong>Die G\u00e4ste:<\/strong><\/p>\n<p>&nbsp;<\/p>\n<p>&nbsp;<\/p>\n<ul style=\"text-align: justify;\">\n<li>Guido Cantz &#8211; Entertainer und Comedy-Star<\/li>\n<li>Prof. Dr. Michael Tsokos &#8211; Rechtsmediziner<\/li>\n<li>Florian Schroeder &#8211; Ausnahme-Kabarettist<\/li>\n<li>Dr. Gregor Gysi &#8211; Politiker &#8222;Die Linke&#8220; und Rechtsanwalt<\/li>\n<li>Dr. Karl-Theodor zu Guttenberg &#8211; Ex-Politiker und Unternehmer<\/li>\n<li>Jeanette Biedermann &#8211; S\u00e4ngerin und Moderatorin<\/li>\n<li>Beatrice Bierbaum &#8211; Dresdner Stollenb\u00e4ckerin<\/li>\n<li>Andrea Kathrin Loewig &#8211; Schauspielerin<\/li>\n<\/ul>\n<p>&nbsp;<\/p>\n<p>&nbsp;<\/p>\n<p>&nbsp;<\/p>\n<p>&nbsp;<\/p>\n<p>&nbsp;<\/p>\n<ul style=\"text-align: justify;\">\n<li><strong>Dr. Gregor Gysi &amp; Dr. Karl-Theodor zu Guttenberg, Politiker &#8222;Die Linke\u201c und Rechtsanwalt \/ Ex-Politiker und Unternehmer<\/strong><\/li>\n<\/ul>\n<p>&nbsp;<\/p>\n<p style=\"text-align: justify;\">Der eine war der j\u00fcngste Rechtsanwalt der DDR, der andere der j\u00fcngste Verteidigungsminister der Bundesrepublik. W\u00e4hrend Gregor Gysi mit 42 Jahren in den Politikbetrieb trat, endete die Politikkarriere von Karl-Theodor zu Guttenberg mit 39 Jahren. Nach einer Plagiatsaff\u00e4re um seine Doktorarbeit trat er 2011 von allen politischen \u00c4mtern zur\u00fcck. Heute ist er nur noch als CSU-Mitglied politisch aktiv, politisch interessiert ist er immer geblieben. In ihrem gemeinsamen Podcast &#8222;Gysi gegen Guttenberg&#8220; tauschen sich die linke Galionsfigur und der fr\u00fchere CSU-Star seit dem Sommer nun \u00fcber die Themen Deutschlands aus. Wir freuen uns sehr, Gregor Gysi und Karl-Theodor zu Guttenberg zu diesem Anlass exklusiv zu begr\u00fc\u00dfen.<\/p>\n<p>&nbsp;<\/p>\n<p>&nbsp;<\/p>\n<p>&nbsp;<\/p>\n<p>&nbsp;<\/p>\n<ul style=\"text-align: justify;\">\n<li><strong>Andrea Kathrin Loewig, Schauspielerin<\/strong><\/li>\n<\/ul>\n<p>&nbsp;<\/p>\n<p style=\"text-align: justify;\">Was f\u00fcr ein Jahr f\u00fcr die Schauspielerin Andrea Kathrin Loewig. Schon im Januar feiert sie mit den Kolleginnen und Kollegen der beliebten Sachsenklinik die 1000. Folge von &#8222;In aller Freundschaft&#8220;. Mit Thomas R\u00fchmann, bekannt als Dr. Heilmann, ist sie, also ihre Dr. Katrin Globisch, inzwischen sogar verheiratet. Im richtigen Leben tritt sie 2021 mit ihrem Mann Andreas Thiele vor den Altar der Thomaskirche. Im Mai dieses Jahres folgt endlich die langersehnte Hochzeitsreise an einen Traumstrand auf den Malediven. Jetzt freut sich die geb\u00fcrtige Merseburgerin mit ihrer Familie auf das Weihnachtsfest. Wir k\u00f6nnen mit ihr als Stargast in Gunther Emmerlichs Weihnachtssendung schon am 20. Dezember feiern.<\/p>\n<p>&nbsp;<\/p>\n<p>&nbsp;<\/p>\n<p>&nbsp;<\/p>\n<p>&nbsp;<\/p>\n<ul style=\"text-align: justify;\">\n<li><strong>Prof. Dr. Michael Tsokos, Rechtsmediziner<\/strong><\/li>\n<\/ul>\n<p>&nbsp;<\/p>\n<p style=\"text-align: justify;\">Sein Gesch\u00e4ft ist nicht das Leben, sondern das, was danach kommt: Der Tod. Jeden Tag sieht Prof. Dr. Michael Tsokos von Berufswegen Tote. Seit 30 Jahren ist Tsokos Rechtsmediziner und hat bisher mehr als 200.000 Leichen untersucht. Der Leiter des Landesinstituts f\u00fcr gerichtliche und soziale Medizin in Berlin und der Rechtsmedizin der Berliner Charit\u00e9 ist auch international anerkannter Forensik-Experte. Das Gesehene und Erlebte verarbeitet Michael Tsokos in seinen B\u00fcchern: So auch ganz aktuell in dem True Crime Thriller &#8222;Mit kalter Pr\u00e4zision&#8220;.<\/p>\n<p>&nbsp;<\/p>\n<p>&nbsp;<\/p>\n<p>&nbsp;<\/p>\n<p>&nbsp;<\/p>\n<ul style=\"text-align: justify;\">\n<li><strong>Guido Cantz, Entertainer und Comedy-Star<\/strong><\/li>\n<\/ul>\n<p>&nbsp;<\/p>\n<p style=\"text-align: justify;\">Noch blonder als er geht es im deutschen Fernsehen eigentlich fast nicht: Guido Cantz, der ehemalige &#8222;Verstehen Sie Spa\u00df?&#8220;-Moderator feiert dieses Jahr sein 30-j\u00e4hriges Fernsehjubil\u00e4um. Damals begann seine Karriere allerdings als Rotschopf. Seit zwei Jahren erf\u00fchlt sich der platinblonde Komiker selbst langj\u00e4hrige Herzensw\u00fcnsche: Nachdem er zu Fu\u00df die Alpen \u00fcberquerte, bringt der 52-J\u00e4hrige nun ein eigenes Kochbuch heraus.<\/p>\n<p>&nbsp;<\/p>\n<p>&nbsp;<\/p>\n<p>&nbsp;<\/p>\n<p>&nbsp;<\/p>\n<ul style=\"text-align: justify;\">\n<li><strong>Jeanette Biedermann, S\u00e4ngerin, Moderatorin<\/strong><\/li>\n<\/ul>\n<p>&nbsp;<\/p>\n<p style=\"text-align: justify;\">Seit vier Jahren ist sie wieder zur\u00fcck als Solok\u00fcnstlerin und seitdem nicht zu bremsen: Jeanette Biedermann. Die Songs der 43-J\u00e4hrigen lassen meist tief in ihre Seele blicken. Im Riverboat feiert die Berlinerin Premiere mit ihrem neuen Song &#8222;Sing&#8220;. Ihre Botschaft: Wir sollten nicht vergessen, wie sch\u00f6n das Leben eigentlich ist. Gemeinsam mit Gregor Meyle pr\u00e4sentiert Jeanette Biedermann au\u00dferdem die zweite Auflage der ARD-Show &#8222;Your Songs&#8220;, die ab 8. Dezember in der ARD-Mediathek zu sehen ist.<\/p>\n<p>&nbsp;<\/p>\n<p>&nbsp;<\/p>\n<p>&nbsp;<\/p>\n<p>&nbsp;<\/p>\n<ul style=\"text-align: justify;\">\n<li><strong>Florian Schroeder, Kabarettist<\/strong><\/li>\n<\/ul>\n<p>&nbsp;<\/p>\n<p style=\"text-align: justify;\">&#8222;Schroeder darf alles&#8220; &#8211; ist nicht nur seine neue Satire-Show der ARD. Kabarettist Florian Schroeder kommentiert t\u00e4glich und nimmt dabei kein Blatt vor den Mund. F\u00fcr sein neues Buch &#8222;Unter Wahnsinnigen &#8211; warum wir das B\u00f6se brauchen&#8220; setzte er sich mit Straft\u00e4tern, L\u00fcgnern, Rechtsextremen und Klimaklebern an einen Tisch. Wie viel B\u00f6ses in uns allen steckt und warum er Angst vor seinen b\u00f6sen Seiten hat, erz\u00e4hlt der 44-J\u00e4hrige im &#8222;Riverboat&#8220;.<\/p>\n<p>&nbsp;<\/p>\n<p>&nbsp;<\/p>\n<p>&nbsp;<\/p>\n<p>&nbsp;<\/p>\n<ul style=\"text-align: justify;\">\n<li><strong>Beatrice Bierbaum, Dresdner Stollenb\u00e4ckerin<\/strong><\/li>\n<\/ul>\n<p>&nbsp;<\/p>\n<p style=\"text-align: justify;\">Weihnachtszeit ist Dresdner Stollenzeit. Das ber\u00fchmte Geb\u00e4ck kann auf eine fast 600-j\u00e4hrige Geschichte zur\u00fcckblicken. Die Konditorei Bierbaum aus Niedersedlitz am Rande Dresdens fertigt seit 1933 Dresdner Stollen. Beatrice Bierbaum f\u00fchrt den kleinen Familienbetrieb nun in der dritten Generation. Ihre Mutter, ihr Mann und ihr Sohn helfen ebenso flei\u00dfig mit, wenn ab Oktober mit der Produktion der Stollen begonnen wird, der weit \u00fcber die Grenzen Dresdens beliebt ist.<\/p>\n","protected":false},"excerpt":{"rendered":"<p>MDR Fernsehen, 22:00 Uhr &#8211; 00:15 Uhr!<\/p>\n","protected":false},"author":2,"featured_media":52463,"comment_status":"open","ping_status":"closed","sticky":false,"template":"","format":"standard","meta":{"_FSMCFIC_featured_image_caption":"","_FSMCFIC_featured_image_nocaption":"","_FSMCFIC_featured_image_hide":""},"categories":[27,128],"tags":[131],"acf":[],"_links":{"self":[{"href":"https:\/\/smago.de\/ws2\/wp-json\/wp\/v2\/posts\/214884"}],"collection":[{"href":"https:\/\/smago.de\/ws2\/wp-json\/wp\/v2\/posts"}],"about":[{"href":"https:\/\/smago.de\/ws2\/wp-json\/wp\/v2\/types\/post"}],"author":[{"embeddable":true,"href":"https:\/\/smago.de\/ws2\/wp-json\/wp\/v2\/users\/2"}],"replies":[{"embeddable":true,"href":"https:\/\/smago.de\/ws2\/wp-json\/wp\/v2\/comments?post=214884"}],"version-history":[{"count":2,"href":"https:\/\/smago.de\/ws2\/wp-json\/wp\/v2\/posts\/214884\/revisions"}],"predecessor-version":[{"id":214886,"href":"https:\/\/smago.de\/ws2\/wp-json\/wp\/v2\/posts\/214884\/revisions\/214886"}],"wp:featuredmedia":[{"embeddable":true,"href":"https:\/\/smago.de\/ws2\/wp-json\/wp\/v2\/media\/52463"}],"wp:attachment":[{"href":"https:\/\/smago.de\/ws2\/wp-json\/wp\/v2\/media?parent=214884"}],"wp:term":[{"taxonomy":"category","embeddable":true,"href":"https:\/\/smago.de\/ws2\/wp-json\/wp\/v2\/categories?post=214884"},{"taxonomy":"post_tag","embeddable":true,"href":"https:\/\/smago.de\/ws2\/wp-json\/wp\/v2\/tags?post=214884"}],"curies":[{"name":"wp","href":"https:\/\/api.w.org\/{rel}","templated":true}]}}