{"id":214859,"date":"2023-12-07T15:11:24","date_gmt":"2023-12-07T14:11:24","guid":{"rendered":"https:\/\/smago.de\/ws2\/?p=214859"},"modified":"2023-12-07T15:11:38","modified_gmt":"2023-12-07T14:11:38","slug":"das-supertalent-victoria-swarovski-und-knossi-moderieren-das-supertalent-2024","status":"publish","type":"post","link":"https:\/\/smago.de\/ws2\/smago-informiert\/das-supertalent-victoria-swarovski-und-knossi-moderieren-das-supertalent-2024\/","title":{"rendered":"&#8222;DAS SUPERTALENT&#8220; <br>Victoria Swarovski und Knossi moderieren &#8222;Das Supertalent&#8220; 2024!"},"content":{"rendered":"<p style=\"text-align: justify;\">Heute (07.12.2023) beginnen im K\u00f6lner Coloneum die Aufzeichnungen zur neuen Staffel!<br \/>\n<!--more--><\/p>\n<p>&nbsp;<\/p>\n<p>&nbsp;<\/p>\n<p>&nbsp;<\/p>\n<p style=\"text-align: justify;\">Starke Talente, emotionale Geschichten, eine Hammer-Jury und ein bezauberndes Moderationsduo: Victoria Swarovski und Jens &#8222;Knossi&#8220; Knossalla pr\u00e4sentieren das neue &#8222;Supertalent&#8220; 2024 und zeigen uns atemberaubende Top Acts, faszinierende Talente und noch nie dagewesene Performances aus Deutschland und der ganzen Welt. Vier neue Folgen werden im kommenden Jahr bei RTL ausgestrahlt und von UFA Show &amp; Factual produziert.<\/p>\n<p style=\"text-align: justify;\">K\u00f6nnen die Talente unsere Jury \u00fcberzeugen? Die Konkurrenz ist gro\u00df und die Jury knallhart. Denn nur sie entscheidet am Ende, wer ins Finale kommt. Auch in diesem Jahr wird es wieder den &#8222;Golden Buzzer&#8220; geben, den jedes Jurymitglied f\u00fcr ihren\/seinen absoluten Top-Favoriten dr\u00fccken kann. Und nur der garantiert den direkten Einzug ins Finale.<\/p>\n<p style=\"text-align: justify;\">Dieter Bohlen, Bruce Darnell, Anna Ermakova und Ekaterina Leonova stehen vor einer schwierigen Aufgabe bei der Vielzahl an neuen Talenten. Und der Clou in diesem Jahr: So mancher Kandidat erf\u00e4hrt erst in der Show, dass er Teil vom &#8222;Supertalent&#8220; sein wird. Die 16. Staffel wird in vielerlei Hinsicht neu und anders und auch f\u00fcr so manches Jurymitglied die eine oder andere \u00dcberraschung mit sich bringen.<\/p>\n<p style=\"text-align: justify;\">Auch das Studiopublikum hat in diesem Jahr eine besonders verantwortungsvolle Aufgabe. Denn zum ersten Mal in der Geschichte des Supertalents entscheiden sie im Finale, wer das neue Supertalent 2024 wird.<\/p>\n<p style=\"text-align: justify;\">Victoria Swarovski: &#8222;Ich freu mich riesig, zum Supertalent zur\u00fcckzukehren und zusammen mit Knossi an meiner Seite vier Shows moderieren zu d\u00fcrfen. Knossi und ich hatten schon eine tolle Zeit bei &#8218;Let&#8217;s Dance&#8216;, umso sch\u00f6ner wird es, gemeinsam mit ihm und nat\u00fcrlich auch mit Dieter, Bruce, Anna und Ekat auf viele spannende Talente zu treffen. Ich bin schon sehr gespannt und kann es gar nicht erwarten, dass es los geht!&#8220;<\/p>\n<p style=\"text-align: justify;\">Knossi \/ Jens Knossalla: &#8222;Absoluter Wahnsinn. Ich bin mit dabei beim Supertalent. Ich habe das gro\u00dfe Gl\u00fcck, neben Victoria Swarovski moderieren zu d\u00fcrfen und freue mich auf die Jury, auf das Publikum, aber vor allem auf die Kandidaten. Ich werde euch zur Seite stehen. Ich bin da. Ich passe auf. Alles wird gut. Ich freue mich auf vier atemberaubende Shows bei RTL. Das Supertalent ist wieder da und Knossi ist dabei. Ich freue mich so auf euch.&#8220;<strong>\u00a0<\/strong><\/p>\n<p>&nbsp;<\/p>\n<figure id=\"attachment_214860\" aria-describedby=\"caption-attachment-214860\" style=\"width: 800px\" class=\"wp-caption alignnone\"><img decoding=\"async\" loading=\"lazy\" class=\"size-colormag-featured-post-medium wp-image-214860\" src=\"https:\/\/smago.de\/ws2\/wp-content\/uploads\/2023\/12\/meldung_1701689025912.xml_.png-800x450.jpg\" alt=\"\" width=\"800\" height=\"450\" srcset=\"https:\/\/smago.de\/ws2\/wp-content\/uploads\/2023\/12\/meldung_1701689025912.xml_.png-800x450.jpg 800w, https:\/\/smago.de\/ws2\/wp-content\/uploads\/2023\/12\/meldung_1701689025912.xml_.png-522x294.jpg 522w, https:\/\/smago.de\/ws2\/wp-content\/uploads\/2023\/12\/meldung_1701689025912.xml_.png-267x150.jpg 267w, https:\/\/smago.de\/ws2\/wp-content\/uploads\/2023\/12\/meldung_1701689025912.xml_.png-768x432.jpg 768w, https:\/\/smago.de\/ws2\/wp-content\/uploads\/2023\/12\/meldung_1701689025912.xml_.png-392x221.jpg 392w, https:\/\/smago.de\/ws2\/wp-content\/uploads\/2023\/12\/meldung_1701689025912.xml_.png-130x73.jpg 130w, https:\/\/smago.de\/ws2\/wp-content\/uploads\/2023\/12\/meldung_1701689025912.xml_.png-791x445.jpg 791w, https:\/\/smago.de\/ws2\/wp-content\/uploads\/2023\/12\/meldung_1701689025912.xml_.png-870x489.jpg 870w, https:\/\/smago.de\/ws2\/wp-content\/uploads\/2023\/12\/meldung_1701689025912.xml_.png-292x164.jpg 292w, https:\/\/smago.de\/ws2\/wp-content\/uploads\/2023\/12\/meldung_1701689025912.xml_.png-435x245.jpg 435w, https:\/\/smago.de\/ws2\/wp-content\/uploads\/2023\/12\/meldung_1701689025912.xml_.png-895x503.jpg 895w, https:\/\/smago.de\/ws2\/wp-content\/uploads\/2023\/12\/meldung_1701689025912.xml_.png.jpg 1150w\" sizes=\"(max-width: 800px) 100vw, 800px\" \/><figcaption id=\"caption-attachment-214860\" class=\"wp-caption-text\"><em>Victoria Swarovski und Jens &#8222;Knossi&#8220; Knossalla pr\u00e4sentieren das neue &#8222;Supertalent&#8220; 2024.<\/em><\/p>\n<p><em>Foto-Credit: RTL<\/em><\/p>\n<p><em>Bitte beachten Sie auch <strong><a href=\"http:\/\/www.tvnow.de\">RTL+<\/a><\/strong>!<\/em><\/figcaption><\/figure>\n","protected":false},"excerpt":{"rendered":"<p>Heute (07.12.2023) beginnen im K\u00f6lner Coloneum die Aufzeichnungen zur neuen Staffel!<\/p>\n","protected":false},"author":2,"featured_media":214860,"comment_status":"open","ping_status":"closed","sticky":false,"template":"","format":"standard","meta":{"_FSMCFIC_featured_image_caption":"","_FSMCFIC_featured_image_nocaption":"","_FSMCFIC_featured_image_hide":""},"categories":[33,128],"tags":[265],"acf":[],"_links":{"self":[{"href":"https:\/\/smago.de\/ws2\/wp-json\/wp\/v2\/posts\/214859"}],"collection":[{"href":"https:\/\/smago.de\/ws2\/wp-json\/wp\/v2\/posts"}],"about":[{"href":"https:\/\/smago.de\/ws2\/wp-json\/wp\/v2\/types\/post"}],"author":[{"embeddable":true,"href":"https:\/\/smago.de\/ws2\/wp-json\/wp\/v2\/users\/2"}],"replies":[{"embeddable":true,"href":"https:\/\/smago.de\/ws2\/wp-json\/wp\/v2\/comments?post=214859"}],"version-history":[{"count":2,"href":"https:\/\/smago.de\/ws2\/wp-json\/wp\/v2\/posts\/214859\/revisions"}],"predecessor-version":[{"id":214862,"href":"https:\/\/smago.de\/ws2\/wp-json\/wp\/v2\/posts\/214859\/revisions\/214862"}],"wp:featuredmedia":[{"embeddable":true,"href":"https:\/\/smago.de\/ws2\/wp-json\/wp\/v2\/media\/214860"}],"wp:attachment":[{"href":"https:\/\/smago.de\/ws2\/wp-json\/wp\/v2\/media?parent=214859"}],"wp:term":[{"taxonomy":"category","embeddable":true,"href":"https:\/\/smago.de\/ws2\/wp-json\/wp\/v2\/categories?post=214859"},{"taxonomy":"post_tag","embeddable":true,"href":"https:\/\/smago.de\/ws2\/wp-json\/wp\/v2\/tags?post=214859"}],"curies":[{"name":"wp","href":"https:\/\/api.w.org\/{rel}","templated":true}]}}