{"id":214488,"date":"2023-11-30T23:59:26","date_gmt":"2023-11-30T22:59:26","guid":{"rendered":"https:\/\/smago.de\/ws2\/?p=214488"},"modified":"2023-11-30T11:35:47","modified_gmt":"2023-11-30T10:35:47","slug":"max-raabe-fr-01-12-2023-in-der-talk-show-3nach9-zu-gast","status":"publish","type":"post","link":"https:\/\/smago.de\/ws2\/schlager\/max-raabe-fr-01-12-2023-in-der-talk-show-3nach9-zu-gast\/","title":{"rendered":"MAX RAABE <br>Fr. (01.12.2023) in der Talk-Show &#8222;3nach9&#8220; zu Gast!"},"content":{"rendered":"<p style=\"text-align: justify;\">NDR Fernsehen + HR Fernsehen, 22:30 Uhr &#8211; 00:30 Uhr! Moderation: Judith Rakers und Giovanni di Lorenzo!<br \/>\n<!--more--><\/p>\n<p>&nbsp;<\/p>\n<p>&nbsp;<\/p>\n<p>&nbsp;<\/p>\n<p>&nbsp;<\/p>\n<p style=\"text-align: justify;\">Judith Rakers und Giovanni di Lorenzo begr\u00fc\u00dfen folgende G\u00e4ste &#8230;:<\/p>\n<p>&nbsp;<\/p>\n<p>&nbsp;<\/p>\n<p>&nbsp;<\/p>\n<ul style=\"text-align: justify;\">\n<li>Jan Ullrich, Radrennfahrer-Legende<\/li>\n<li>Annalena Baerbock, Bundesministerin des Ausw\u00e4rtigen der Bundesrepublik Deutschland<\/li>\n<li>Max Raabe, S\u00e4nger<\/li>\n<li>Bernhard Ho\u00ebcker, Schauspieler und Komiker<\/li>\n<li>Stella Deetjen und Cosmo Deetjen, Entwicklungshelferin mit ihrem Sohn<\/li>\n<\/ul>\n<p>&nbsp;<\/p>\n<p>&nbsp;<\/p>\n<p>&nbsp;<\/p>\n<p>&nbsp;<\/p>\n<p>&nbsp;<\/p>\n<ul style=\"text-align: justify;\">\n<li><strong>Jan Ullrich<\/strong><\/li>\n<\/ul>\n<p>&nbsp;<\/p>\n<p style=\"text-align: justify;\">Er ist Deutschlands gr\u00f6\u00dfte Radrennfahrer-Legende: Jan Ullrich. Schon als Neunj\u00e4hriger gewinnt er sein erstes Schulrennen. Mit gerade einmal 23 Jahren gelingt dem geb\u00fcrtigen Rostocker mit dem Gewinn der Tour de France der absolute Triumph. Das ist bisher keinem anderen Deutschen gelungen. Olympiasieger, Weltmeister, f\u00fcnfmal Zweiter der Frankreich-Rundfahrt: Ullrich wird zum Helden! Und Radsport zum medialen Gro\u00dfereignis der 1990er- und 2000er-Jahre. 2006 kommt es zum Dopingskandal, Ullrich wird von der Tour de France ausgeschlossen, sein Vertrag fristlos gek\u00fcndigt. Der Internationale Sportgerichtshof spricht ihn des Dopings schuldig und annulliert seine Erfolge seit Mai 2005. Jan Ullrich st\u00fcrzt ab, bet\u00e4ubt sich mit Alkohol und Drogen. Doch er k\u00e4mpft sich von ganz unten zur\u00fcck ins Leben. Jahrelang schweigt er zu den Vorw\u00fcrfen. Jetzt, 16 Jahre nach dem Ende seiner aktiven Sportlerkarriere, nimmt er in einer Dokumentation Stellung zu den Geschehnissen von damals. Am Tag vor seinem 50. Geburtstag \u2013 2. Dezember &#8211; spricht er in &#8222;3nach9&#8220; auch \u00fcber seine Zukunftsw\u00fcnsche.<\/p>\n<p>&nbsp;<\/p>\n<p>&nbsp;<\/p>\n<p>&nbsp;<\/p>\n<p>&nbsp;<\/p>\n<ul style=\"text-align: justify;\">\n<li><strong>Annalena Baerbock<\/strong><\/li>\n<\/ul>\n<p>&nbsp;<\/p>\n<p style=\"text-align: justify;\">Seit knapp zwei Jahren steht sie als erste Frau an der Spitze des Ausw\u00e4rtigen Amtes: Annalena Baerbock. Diese Aufgabe verlangt ihr aktuell viel ab, denn die Politikerin muss an vielen Krisenherden dieser Welt vermitteln. Die 42-J\u00e4hrige setzt sich f\u00fcr eine friedliche Welt ein. Bei den aktuellen Schreckensbildern, die gerade aus der Ukraine und dem Nahen Osten kommen, m\u00fcsse sie jedoch &#8222;manchmal die Stopptaste dr\u00fccken&#8220;, weil sie es nicht mehr ertragen k\u00f6nne. Die geb\u00fcrtige Hannoveranerin braucht Kraft f\u00fcr diplomatische Gespr\u00e4che und mahnt eindr\u00fccklich vor Schwarz-Wei\u00df-Malerei in politischen Debatten. Wie die Bundesau\u00dfenministerin ihren beiden T\u00f6chtern die aktuelle Weltlage erkl\u00e4rt und ob sie f\u00fcr das Weihnachtsfest auch zuversichtliche T\u00f6ne anschlagen kann, berichtet Annalena Baerbock bei &#8222;3nach9&#8220;.<\/p>\n<p>&nbsp;<\/p>\n<p>&nbsp;<\/p>\n<p>&nbsp;<\/p>\n<p>&nbsp;<\/p>\n<ul style=\"text-align: justify;\">\n<li><strong>Max Raabe<\/strong><\/li>\n<\/ul>\n<p>&nbsp;<\/p>\n<p style=\"text-align: justify;\">Max Raabe singt eigentlich schon immer: im Jugendchor, in der Kantorei und auf dem Fahrrad. Nach dem Abitur zieht der ehemalige Internatssch\u00fcler nach Berlin, um Operngesang zu studieren und finanziert mit kleineren Auftritten sein Studium. Vor 37 Jahren gr\u00fcndet er mit Kommilitonen das Palast-Orchester, 1992 folgt der Hit &#8222;Kein Schwein ruft mich an&#8220;. So viel zu den Fakten. Stets adrett gekleidet, begeistert Bariton Raabe sein Publikum seit vielen Jahren mit seiner ureigenen Version von Popmusik. Jetzt pr\u00e4sentiert er mit seinem Palast Orchester die oft sehr heiter-ironischen, bisweilen auch nachdenklichen Lieder der Weimarer Zeit und kehrt damit zur\u00fcck zu seinen tontr\u00e4gerischen Wurzeln. Aktuell kann man ihn in der vierten Staffel der ARD-Erfolgsserie &#8222;Babylon Berlin&#8220; im Pay-TV bewundern. Den Titelsong &#8222;Ein Tag wie Gold&#8220; wird er mit Begleitung des Palast-Orchesters live im Bremer Studio pr\u00e4sentieren.<\/p>\n<p>&nbsp;<\/p>\n<p>&nbsp;<\/p>\n<p>&nbsp;<\/p>\n<p>&nbsp;<\/p>\n<ul style=\"text-align: justify;\">\n<li><strong>Bernhard Ho\u00ebcker<\/strong><\/li>\n<\/ul>\n<p>&nbsp;<\/p>\n<p style=\"text-align: justify;\">Wo auf der Tastatur eines Computers sind eigentlich die beiden Punkte zu finden, die den dritten Buchstaben seines Nachnamens zieren? Eine Frage, die Bernhard Ho\u00ebcker mit Sicherheit sofort beantworten kann. Und auch sonst ist er mit ziemlich viel Wissen gesegnet. Bekannt durch die Parodiesendung &#8222;Switch&#8220; sowie als Mitglied des Rateteams von &#8222;Genial daneben&#8220; beantwortet er bereits seit zehn Jahren im Wettstreit mit Elton lustige, spannende und kuriose Fragen bei &#8222;Wer wei\u00df denn sowas?&#8220;. Durchschnittlich 3,3 Millionen Zuschauerinnen und Zuschauer schalten jeden Abend im Ersten ein. Ob Ho\u00ebcker erkl\u00e4ren kann, was genau ein Katzenhuhn ist, warum ehemalige Messdiener heute oft in der Medienbranche arbeiten und was genau seine H\u00f6hlenfaszination ausmacht, wird in dieser Adventssendung von &#8222;3nach9&#8220; gekl\u00e4rt.<\/p>\n<p>&nbsp;<\/p>\n<p>&nbsp;<\/p>\n<p>&nbsp;<\/p>\n<p>&nbsp;<\/p>\n<ul style=\"text-align: justify;\">\n<li><strong>Stella Deetjen und Cosmo Deetjen<\/strong><\/li>\n<\/ul>\n<p>&nbsp;<\/p>\n<p style=\"text-align: justify;\">Seit fast 30 Jahren setzt sich Stella Deetjen f\u00fcr bessere Lebensumst\u00e4nde f\u00fcr arme, notleidende und stark benachteiligte Menschen ein. Eine Schauspielausbildung gerade abgeschlossen, reist die geb\u00fcrtige Hessin Anfang der 1990er-Jahre mit dem Rucksack durch Indien. Eine Begegnung mit einem Lepraerkrankten ver\u00e4ndert ihr ganzes Leben. Sie gr\u00fcndet einen gemeinn\u00fctzigen Verein und verlagert ihren Wohnsitz nach S\u00fcdasien. Der Umfang ihres Engagements w\u00e4chst und breitet sich auch ins benachbarte Nepal aus. Deetjen gr\u00fcndet mehrere Kinderheime, \u00fcber ein Dutzend Slum-Schulen und viele Geburtsh\u00e4user. Heute profitieren 65.000 Menschen von den Projekten ihres Vereins. 1998 wird sie Mutter ihres Sohnes Cosmo, der haupts\u00e4chlich in Indien und Nepal aufw\u00e4chst. Beide besuchen jetzt erstmals gemeinsam eine Talkshow und erz\u00e4hlen unter anderem, warum der heute 25-j\u00e4hrige Cosmo seinen langen Schulweg mit einer Trillerpfeife absolvieren musste.<\/p>\n<p>&nbsp;<\/p>\n<p>&nbsp;<\/p>\n<p>&nbsp;<\/p>\n<p>&nbsp;<\/p>\n<ul style=\"text-align: justify;\">\n<li><strong>Hannelore Lay<\/strong><\/li>\n<\/ul>\n<p>&nbsp;<\/p>\n<p style=\"text-align: justify;\">&#8222;Ich bin ein Typ, der das Leben selbst anpackt&#8220; &#8211; nach diesem Motto hat die Norddeutsche Hannelore Lay immer gehandelt. Seit fast 20 Jahren setzt sie sich mit ihrem Verein &#8222;Stiftung Kinderjahre&#8220; f\u00fcr gleiche Bildungschancen f\u00fcr Kinder gerade aus benachteiligten Familien ein. Es geht ihr vor allem darum, Kindern in sehr jungen Jahren zu helfen, ihren Weg ins Leben und zu sich selbst zu finden, Freude zu erleben, Gemeinschaftserlebnisse zu teilen sowie Zuversicht und Mut f\u00fcr die Zukunft zu fassen. Nicht immer einfach in diesen Zeiten. Gerade das Lernfach Gl\u00fcck ist der Hamburgerin besonders wichtig, denn die Tr\u00e4gerin des Bundesverdienstkreuzes ist \u00fcberzeugt, dass nur gl\u00fcckliche Kinder eine soziale Kompetenz aufbauen und ihr Leben positiv gestimmt und selbstbestimmt in die Hand nehmen k\u00f6nnen. Sie selber hingegen hat in ihrem Leben schon von Kindheit an mit viel Ungl\u00fcck und Schicksalsschl\u00e4gen umgehen m\u00fcssen, f\u00fcr sich aber immer entschieden, dem Leben etwas Positives abzugewinnen. Wir freuen uns sehr, Hannelore Lay im Dezember bei 3nach9 zu begr\u00fc\u00dfen.<\/p>\n","protected":false},"excerpt":{"rendered":"<p>NDR Fernsehen + HR Fernsehen, 22:30 Uhr &#8211; 00:30 Uhr! Moderation: Judith Rakers und Giovanni di Lorenzo!<\/p>\n","protected":false},"author":2,"featured_media":214489,"comment_status":"open","ping_status":"closed","sticky":false,"template":"","format":"standard","meta":{"_FSMCFIC_featured_image_caption":"","_FSMCFIC_featured_image_nocaption":"","_FSMCFIC_featured_image_hide":""},"categories":[29,128],"tags":[215],"acf":[],"_links":{"self":[{"href":"https:\/\/smago.de\/ws2\/wp-json\/wp\/v2\/posts\/214488"}],"collection":[{"href":"https:\/\/smago.de\/ws2\/wp-json\/wp\/v2\/posts"}],"about":[{"href":"https:\/\/smago.de\/ws2\/wp-json\/wp\/v2\/types\/post"}],"author":[{"embeddable":true,"href":"https:\/\/smago.de\/ws2\/wp-json\/wp\/v2\/users\/2"}],"replies":[{"embeddable":true,"href":"https:\/\/smago.de\/ws2\/wp-json\/wp\/v2\/comments?post=214488"}],"version-history":[{"count":2,"href":"https:\/\/smago.de\/ws2\/wp-json\/wp\/v2\/posts\/214488\/revisions"}],"predecessor-version":[{"id":214491,"href":"https:\/\/smago.de\/ws2\/wp-json\/wp\/v2\/posts\/214488\/revisions\/214491"}],"wp:featuredmedia":[{"embeddable":true,"href":"https:\/\/smago.de\/ws2\/wp-json\/wp\/v2\/media\/214489"}],"wp:attachment":[{"href":"https:\/\/smago.de\/ws2\/wp-json\/wp\/v2\/media?parent=214488"}],"wp:term":[{"taxonomy":"category","embeddable":true,"href":"https:\/\/smago.de\/ws2\/wp-json\/wp\/v2\/categories?post=214488"},{"taxonomy":"post_tag","embeddable":true,"href":"https:\/\/smago.de\/ws2\/wp-json\/wp\/v2\/tags?post=214488"}],"curies":[{"name":"wp","href":"https:\/\/api.w.org\/{rel}","templated":true}]}}