{"id":213993,"date":"2023-11-21T19:45:45","date_gmt":"2023-11-21T18:45:45","guid":{"rendered":"https:\/\/smago.de\/ws2\/?p=213993"},"modified":"2023-11-21T19:45:45","modified_gmt":"2023-11-21T18:45:45","slug":"smago-informiert-40-jahre-rtl-zeit-fuer-eine-grosse-jubilaeums-show","status":"publish","type":"post","link":"https:\/\/smago.de\/ws2\/smago-kolumne\/smago-informiert-40-jahre-rtl-zeit-fuer-eine-grosse-jubilaeums-show\/","title":{"rendered":"smago! INFORMIERT <br>&#8222;40 Jahre RTL&#8220; \u2013 Zeit f\u00fcr eine gro\u00dfe Jubil\u00e4ums-Show!"},"content":{"rendered":"<p>NOCH g\u00e4be es Karten f\u00fcr die gro\u00dfe Jubil\u00e4ums-Show, die am 30.11.2023 in den EMG Germany Studios in H\u00fcrth aufgezeichnet wird &#8230;!<br \/>\n<!--more--><\/p>\n<p>&nbsp;<\/p>\n<p style=\"text-align: justify;\">\n<p style=\"text-align: justify;\">RTL feiert 40. Geburtstag! In einer gro\u00dfen Jubil\u00e4ums-Show, die am 30.11.2023 in den EMG Germany Studios in H\u00fcrth aufgezeichnet wird, quizzen sich prominente RTL-Stars, wie Daniel Hartwich, Frauke Ludowig, Oliver Geissen, Bruce Darnell und Ilka Bessin u.v.m, durch einen Abend voller emotionaler, schr\u00e4ger, informativer und sportlicher Momente.<\/p>\n<p style=\"text-align: justify;\">Ein Wiedersehen mit unvergessenen TV-Highlights wie <strong>\u201c<\/strong>Das Schloss am W\u00f6rthersee\u201c, krassen Dschungelpr\u00fcfungen, sportlichen H\u00f6chstleistungen von Formel 1 bis NFL aber auch journalistischen Meilensteinen ist garantiert. Wer erinnert sich noch an die lustigen Shows aus den 90ern, die ersten Soaps und Let\u00b4s Dance Gewinner? Und wer kann den Quiz-Abend f\u00fcr sich entscheiden?<\/p>\n<p style=\"text-align: justify;\">40 Jahre RTL feiert einen gro\u00dfartigen Sender mit ganz besonderen \u00dcberraschungen: Heimlich aufgenommene Szenen vom allerersten Arbeitstag der Prominenten bei RTL. Wie das gehen soll, bleibt noch ein Geheimnis.<\/p>\n<p style=\"text-align: justify;\">Einen genauen Ausstrahlungstermin der Show bei RTL geben wir rechtzeitig bekannt.<\/p>\n<p style=\"text-align: justify;\"><a href=\"https:\/\/tvtickets.de\/40JAHRERTL.php\">Hier<\/a> geht es zum Ticketing.<\/p>\n<p style=\"text-align: justify;\">\u201e40 Jahre RTL\u201c wird produziert von i&amp;u TV im Auftrag von RTL.<\/p>\n<p>&nbsp;<\/p>\n<p>&nbsp;<\/p>\n<p>&nbsp;<\/p>\n<figure id=\"attachment_213994\" aria-describedby=\"caption-attachment-213994\" style=\"width: 800px\" class=\"wp-caption alignnone\"><img decoding=\"async\" loading=\"lazy\" class=\"size-large wp-image-213994\" src=\"https:\/\/smago.de\/ws2\/wp-content\/uploads\/2023\/11\/1A033-800x450.jpg\" alt=\"\" width=\"800\" height=\"450\" srcset=\"https:\/\/smago.de\/ws2\/wp-content\/uploads\/2023\/11\/1A033-800x450.jpg 800w, https:\/\/smago.de\/ws2\/wp-content\/uploads\/2023\/11\/1A033-522x294.jpg 522w, https:\/\/smago.de\/ws2\/wp-content\/uploads\/2023\/11\/1A033-267x150.jpg 267w, https:\/\/smago.de\/ws2\/wp-content\/uploads\/2023\/11\/1A033-768x432.jpg 768w, https:\/\/smago.de\/ws2\/wp-content\/uploads\/2023\/11\/1A033-1536x864.jpg 1536w, https:\/\/smago.de\/ws2\/wp-content\/uploads\/2023\/11\/1A033-392x221.jpg 392w, https:\/\/smago.de\/ws2\/wp-content\/uploads\/2023\/11\/1A033-130x73.jpg 130w, https:\/\/smago.de\/ws2\/wp-content\/uploads\/2023\/11\/1A033-791x445.jpg 791w, https:\/\/smago.de\/ws2\/wp-content\/uploads\/2023\/11\/1A033-870x489.jpg 870w, https:\/\/smago.de\/ws2\/wp-content\/uploads\/2023\/11\/1A033-292x164.jpg 292w, https:\/\/smago.de\/ws2\/wp-content\/uploads\/2023\/11\/1A033-435x245.jpg 435w, https:\/\/smago.de\/ws2\/wp-content\/uploads\/2023\/11\/1A033-895x503.jpg 895w, https:\/\/smago.de\/ws2\/wp-content\/uploads\/2023\/11\/1A033.jpg 1920w\" sizes=\"(max-width: 800px) 100vw, 800px\" \/><figcaption id=\"caption-attachment-213994\" class=\"wp-caption-text\"><\/em> <em>Das Logo zu &#8222;40 Jahre RTL&#8220;<\/em><\/p>\n<p><em>Foto-Credit: RTL<\/em><\/p>\n<p><em>Bitte beachten Sie auch <strong><a href=\"https:\/\/plus.rtl.de\/\">RTL+<\/a><\/strong>!<\/em><\/figcaption><\/figure>\n","protected":false},"excerpt":{"rendered":"<p>NOCH g\u00e4be es Karten f\u00fcr die gro\u00dfe Jubil\u00e4ums-Show, die am 30.11.2023 in den EMG Germany Studios in H\u00fcrth aufgezeichnet wird<\/p>\n","protected":false},"author":2,"featured_media":213994,"comment_status":"open","ping_status":"closed","sticky":false,"template":"","format":"standard","meta":{"_FSMCFIC_featured_image_caption":"","_FSMCFIC_featured_image_nocaption":"","_FSMCFIC_featured_image_hide":""},"categories":[34,128],"tags":[195],"acf":[],"_links":{"self":[{"href":"https:\/\/smago.de\/ws2\/wp-json\/wp\/v2\/posts\/213993"}],"collection":[{"href":"https:\/\/smago.de\/ws2\/wp-json\/wp\/v2\/posts"}],"about":[{"href":"https:\/\/smago.de\/ws2\/wp-json\/wp\/v2\/types\/post"}],"author":[{"embeddable":true,"href":"https:\/\/smago.de\/ws2\/wp-json\/wp\/v2\/users\/2"}],"replies":[{"embeddable":true,"href":"https:\/\/smago.de\/ws2\/wp-json\/wp\/v2\/comments?post=213993"}],"version-history":[{"count":1,"href":"https:\/\/smago.de\/ws2\/wp-json\/wp\/v2\/posts\/213993\/revisions"}],"predecessor-version":[{"id":213995,"href":"https:\/\/smago.de\/ws2\/wp-json\/wp\/v2\/posts\/213993\/revisions\/213995"}],"wp:featuredmedia":[{"embeddable":true,"href":"https:\/\/smago.de\/ws2\/wp-json\/wp\/v2\/media\/213994"}],"wp:attachment":[{"href":"https:\/\/smago.de\/ws2\/wp-json\/wp\/v2\/media?parent=213993"}],"wp:term":[{"taxonomy":"category","embeddable":true,"href":"https:\/\/smago.de\/ws2\/wp-json\/wp\/v2\/categories?post=213993"},{"taxonomy":"post_tag","embeddable":true,"href":"https:\/\/smago.de\/ws2\/wp-json\/wp\/v2\/tags?post=213993"}],"curies":[{"name":"wp","href":"https:\/\/api.w.org\/{rel}","templated":true}]}}