{"id":213916,"date":"2023-11-21T00:00:12","date_gmt":"2023-11-20T23:00:12","guid":{"rendered":"https:\/\/smago.de\/ws2\/?p=213916"},"modified":"2024-11-20T22:57:30","modified_gmt":"2024-11-20T21:57:30","slug":"smago-informiert-na-bravo-verena-lederer-moechte-ein-schlagerverbot-einfuehren","status":"publish","type":"post","link":"https:\/\/smago.de\/ws2\/schlager\/smago-informiert-na-bravo-verena-lederer-moechte-ein-schlagerverbot-einfuehren\/","title":{"rendered":"smago! INFORMIERT <br>Na bravo! Verena Lederer m\u00f6chte &#8222;ein Schlagerverbot einf\u00fchren&#8220;!"},"content":{"rendered":"<p style=\"text-align: justify;\">Verena Lederer ist seit Mai 2023 bei &#8222;target Concerts&#8220; f\u00fcr &#8222;PR und Marketing Shows und Tourneen&#8220; zust\u00e4ndig!<br \/>\n<!--more--><\/p>\n<p>&nbsp;<\/p>\n<p>&nbsp;<\/p>\n<p style=\"text-align: justify;\">\n<p style=\"text-align: justify;\">Verena Lederer, seit Mai 2023 bei &#8222;target Concerts&#8220; f\u00fcr &#8222;PR und Marketing Shows und Tourneen&#8220; zust\u00e4ndig, ledert in der &#8222;MusikWoche&#8220; (Vol. 46 \u2013 Ausgabe vom 13. November 2023) gegen den Schlager.<\/p>\n<p style=\"text-align: justify;\">Auf die Frage, &#8222;Was w\u00fcrden Sie \u00e4ndern, wenn Sie in Ihrer Branche f\u00fcr einen Tag das Sagen h\u00e4tten?&#8220;, entgegnete sie allen Ernstes: &#8222;Ein Schlagerverbot einf\u00fchren&#8220;. Des Weiteren allerdings auch &#8222;mehr Frauen in F\u00fchrungspositionen setzen und regelm\u00e4\u00dfige kostenlose Shows f\u00fcr Kinder und Jugendliche mit geringen finanziellen Mitteln anbieten&#8220;.<\/p>\n<p style=\"text-align: justify;\">Na bravo &#8230;!<\/p>\n","protected":false},"excerpt":{"rendered":"<p>Verena Lederer ist seit Mai 2023 bei &#8222;target Concerts&#8220; f\u00fcr &#8222;PR und Marketing Shows und Tourneen&#8220; zust\u00e4ndig!<\/p>\n","protected":false},"author":2,"featured_media":51685,"comment_status":"open","ping_status":"closed","sticky":false,"template":"","format":"standard","meta":{"_FSMCFIC_featured_image_caption":"","_FSMCFIC_featured_image_nocaption":"","_FSMCFIC_featured_image_hide":""},"categories":[29,33],"tags":[60],"acf":[],"_links":{"self":[{"href":"https:\/\/smago.de\/ws2\/wp-json\/wp\/v2\/posts\/213916"}],"collection":[{"href":"https:\/\/smago.de\/ws2\/wp-json\/wp\/v2\/posts"}],"about":[{"href":"https:\/\/smago.de\/ws2\/wp-json\/wp\/v2\/types\/post"}],"author":[{"embeddable":true,"href":"https:\/\/smago.de\/ws2\/wp-json\/wp\/v2\/users\/2"}],"replies":[{"embeddable":true,"href":"https:\/\/smago.de\/ws2\/wp-json\/wp\/v2\/comments?post=213916"}],"version-history":[{"count":2,"href":"https:\/\/smago.de\/ws2\/wp-json\/wp\/v2\/posts\/213916\/revisions"}],"predecessor-version":[{"id":233895,"href":"https:\/\/smago.de\/ws2\/wp-json\/wp\/v2\/posts\/213916\/revisions\/233895"}],"wp:featuredmedia":[{"embeddable":true,"href":"https:\/\/smago.de\/ws2\/wp-json\/wp\/v2\/media\/51685"}],"wp:attachment":[{"href":"https:\/\/smago.de\/ws2\/wp-json\/wp\/v2\/media?parent=213916"}],"wp:term":[{"taxonomy":"category","embeddable":true,"href":"https:\/\/smago.de\/ws2\/wp-json\/wp\/v2\/categories?post=213916"},{"taxonomy":"post_tag","embeddable":true,"href":"https:\/\/smago.de\/ws2\/wp-json\/wp\/v2\/tags?post=213916"}],"curies":[{"name":"wp","href":"https:\/\/api.w.org\/{rel}","templated":true}]}}