{"id":213774,"date":"2023-11-20T00:00:49","date_gmt":"2023-11-19T23:00:49","guid":{"rendered":"https:\/\/smago.de\/ws2\/?p=213774"},"modified":"2023-11-18T11:06:58","modified_gmt":"2023-11-18T10:06:58","slug":"nadja-amia-ihr-titel-jaqueline-wurde-von-ralph-siegel-geschrieben","status":"publish","type":"post","link":"https:\/\/smago.de\/ws2\/pop-schlager\/nadja-amia-ihr-titel-jaqueline-wurde-von-ralph-siegel-geschrieben\/","title":{"rendered":"NADJA AMIA <br>Ihr Titel &#8222;Jaqueline&#8220; wurde von Ralph Siegel geschrieben!"},"content":{"rendered":"<p style=\"text-align: justify;\">Frech, erfrischend und anders \u2013 das trifft aber auch ziemlich gut auf die 33-j\u00e4hrige Rheinl\u00e4nderin selbst zu!<br \/>\n<!--more--><\/p>\n<p>&nbsp;<\/p>\n<p>&nbsp;<\/p>\n<p style=\"text-align: justify;\">\n<p style=\"text-align: justify;\">Zwei Namen \u2013 eine Frau. NADJA AMIA hei\u00dft die K\u00fcnstlerin, die \u201es\u00fcchtig nach der Energie des Publikums\u201c ist \u2013 &#8222;Jaqueline&#8220; ihr Song, mit dem sie nicht nur durchstarten m\u00f6chte, sondern der auch die neue Zusammenarbeit mit Komponisten- und Produzenten-Legende Ralph Siegel einl\u00e4utet.<\/p>\n<p style=\"text-align: justify;\">Frech, erfrischend und anders \u2013 so beschreibt Newcomerin Nadja Amia ihre neue Single \u201eJaqueline\u201c.<\/p>\n<p style=\"text-align: justify;\">Frech, erfrischend und anders \u2013 das trifft aber auch ziemlich gut auf die 33-j\u00e4hrige Rheinl\u00e4nderin selbst zu.<\/p>\n<p style=\"text-align: justify;\">Wer Nadja erlebt, kommt in den Genuss einer geballten Ladung Energie, Emotion und erfrischender Direktheit. Schon nach den ersten S\u00e4tzen merkt man, dass die rheinische Frohnatur aus Heinsberg nicht nur ihr Herz auf der Zunge tr\u00e4gt, sondern vor allem auch am rechten Fleck hat. Kein Wunder, dass diese Frau auf die B\u00fchne geht, k\u00f6nnte man denken &#8211; doch das war nicht immer so. Ganz im Gegenteil sogar: Nadja war bis ins hohe Teenageralter eher introvertiert, zur\u00fcckhaltend und sch\u00fcchtern. <em>\u201eIch habe schon als Kind nicht der vermeintlichen &#8218;Norm&#8216; entsprochen\u201c,<\/em> erz\u00e4hlt die 33-J\u00e4hrige \u201e<em>Und da hat man es in einer Klassengemeinschaft nicht immer leicht \u2026\u201c.<\/em><\/p>\n<p style=\"text-align: justify;\">Doch die Musik hat ihr Halt gegeben, war ihre eigene kleine Gef\u00fchlsoase. Die Musik war immer gut zu ihr \u2013 in ihrem Inneren, nur f\u00fcr sie. Bis eines Tages ein Freund mit einer besonderen Bitte zu ihr kam: <em>\u201eIch w\u00fcnsche mir von dir, dass Du auf meiner Hochzeit singst\u201c.<\/em> WOW \u2013 das hatte gesessen. Eigentlich geh\u00f6rte die Musik nur ihr. Aber auf einer B\u00fchne, vor anderen Menschen, f\u00fcr andere Menschen&#8230;? Doch sie konnte dem Freund den Wunsch nicht abschlagen und so fand sie sich mit einem Mikrofon in der Hand vor der Hochzeitsgesellschaft wieder. Ihr erster Auftritt vor ihrem ersten Publikum. Ein voller Erfolg. Das Eis war angeknackst.<\/p>\n<p style=\"text-align: justify;\">Als wenig sp\u00e4ter ein Bekannter, der ebenfalls Musik machte, Nadja dazu \u00fcberreden wollte, ihn bei einem seiner Auftritte zu begleiten, fasste sie, befl\u00fcgelt von der positiven Erfahrung des ersten Mals, allen Mut zusammen und stimmte zu. Wenig sp\u00e4ter sang sie das erste Mal vor \u00fcber 1.000 Menschen. Nun war das Eis endg\u00fcltig gebrochen.<em> \u201eIch habe gemerkt, welche Kraft es mir gibt, wenn ich sehe und sp\u00fcre, was Musik anderen Menschen geben kann und wie andere Menschen auf Musik reagieren k\u00f6nnen. Das gibt mir selber so unheimlich viel Kraft.\u201c<\/em><\/p>\n<p style=\"text-align: justify;\">Doch Nadja Amia mag es auch gerne ruhiger. <em>\u201eIch bin eigentlich ein bodenst\u00e4ndiger Mensch\u201c,<\/em>\u00a0sagt sie. <em>\u201eIch koche gern, ich geh gerne in die Natur, bin neugierig und wissensdurstig. Wenn<\/em>\u00a0<em>mich etwas interessiert, dann mach ich es einfach. Und wenn ich es nicht kann, dann lerne ich es. Aber ich frag nicht zuerst nach Hilfe, sondern versuche es mir erstmal selbst beizubringen \u2013 das geht ja mit dem Internet auch super. Meine Wohnung habe ich zum Beispiel fast komplett eigenh\u00e4ndig renoviert\u201c,<\/em> so die gelernte Medizinische Fachangestellte stolz. Sie mag Tiere (\u201efr\u00fcher sind mir immer Katzen zugelaufen, um die ich mich dann gek\u00fcmmert habe\u201c) und die Gesellschaft von Freunden.<\/p>\n<p style=\"text-align: justify;\">Und Jaqueline? <em>\u201eIch bin mir sicher, wir zwei werden viel Spa\u00df haben!\u201c <\/em>&#8230;<\/p>\n<p style=\"text-align: justify;\">Freuen wir uns auf und \u00fcber Nadja Amia und \u00fcber &#8222;Jaqueline&#8220; !!!<\/p>\n","protected":false},"excerpt":{"rendered":"<p>Frech, erfrischend und anders \u2013 das trifft aber auch ziemlich gut auf die 33-j\u00e4hrige Rheinl\u00e4nderin selbst zu!<\/p>\n","protected":false},"author":2,"featured_media":213775,"comment_status":"open","ping_status":"closed","sticky":false,"template":"","format":"standard","meta":{"_FSMCFIC_featured_image_caption":"","_FSMCFIC_featured_image_nocaption":"","_FSMCFIC_featured_image_hide":""},"categories":[28],"tags":[3455],"acf":[],"_links":{"self":[{"href":"https:\/\/smago.de\/ws2\/wp-json\/wp\/v2\/posts\/213774"}],"collection":[{"href":"https:\/\/smago.de\/ws2\/wp-json\/wp\/v2\/posts"}],"about":[{"href":"https:\/\/smago.de\/ws2\/wp-json\/wp\/v2\/types\/post"}],"author":[{"embeddable":true,"href":"https:\/\/smago.de\/ws2\/wp-json\/wp\/v2\/users\/2"}],"replies":[{"embeddable":true,"href":"https:\/\/smago.de\/ws2\/wp-json\/wp\/v2\/comments?post=213774"}],"version-history":[{"count":2,"href":"https:\/\/smago.de\/ws2\/wp-json\/wp\/v2\/posts\/213774\/revisions"}],"predecessor-version":[{"id":213777,"href":"https:\/\/smago.de\/ws2\/wp-json\/wp\/v2\/posts\/213774\/revisions\/213777"}],"wp:featuredmedia":[{"embeddable":true,"href":"https:\/\/smago.de\/ws2\/wp-json\/wp\/v2\/media\/213775"}],"wp:attachment":[{"href":"https:\/\/smago.de\/ws2\/wp-json\/wp\/v2\/media?parent=213774"}],"wp:term":[{"taxonomy":"category","embeddable":true,"href":"https:\/\/smago.de\/ws2\/wp-json\/wp\/v2\/categories?post=213774"},{"taxonomy":"post_tag","embeddable":true,"href":"https:\/\/smago.de\/ws2\/wp-json\/wp\/v2\/tags?post=213774"}],"curies":[{"name":"wp","href":"https:\/\/api.w.org\/{rel}","templated":true}]}}