{"id":213625,"date":"2023-11-16T17:17:14","date_gmt":"2023-11-16T16:17:14","guid":{"rendered":"https:\/\/smago.de\/ws2\/?p=213625"},"modified":"2023-11-16T18:00:17","modified_gmt":"2023-11-16T17:00:17","slug":"pietro-lombardi-wayne-carpendale-u-a-der-28-rtl-spendenmarathon-mit-wolfram-kons","status":"publish","type":"post","link":"https:\/\/smago.de\/ws2\/pop\/pietro-lombardi-wayne-carpendale-u-a-der-28-rtl-spendenmarathon-mit-wolfram-kons\/","title":{"rendered":"IREEN SHEER, PIETRO LOMBARDI, WAYNE CARPENDALE u.a. <br>Der 28. RTL-Spendenmarathon mit Wolfram Kons:"},"content":{"rendered":"<p>\u201eGEMEINSAM k\u00f6nnen wir sehr, sehr viel bewegen und ganz vielen Kindern helfen!\u201c!<br \/>\n<!--more--><\/p>\n<p>&nbsp;<\/p>\n<p>&nbsp;<\/p>\n<p>&nbsp;<\/p>\n<p style=\"text-align: justify;\">Kriege, Krisen und Naturkatastrophen \u2013 Themen, die die Menschen weltweit seit Monaten stark belasten. Noch nie hat der RTL-Spendenmarathon in einer Zeit stattgefunden, in der es so dramatische Notsituationen f\u00fcr Kinder gab wie heute \u2013 weltweit aber auch bei uns in Deutschland. Die Zahl der Kinder, die hier von Kinderarmut betroffen sind, steigt und steigt. \u201eGerade in solchen Krisenzeiten ist es wichtig, zu zeigen, dass solidarisches Handeln Kindern echte Hoffnung geben kann und geben muss. Und damit meine ich jedes einzelne Kind, dem wir eine bessere Zukunft erm\u00f6glichen m\u00fcssen. F\u00fcr jedes Kind lohnt es sich zu k\u00e4mpfen\u201c, so Wolfram Kons, der am 16. November 2023 zum 28. Mal live um 18.00 Uhr den RTL-Spendenmarathon startet. \u201eViele andere Sender unserer Medien-Familie untersch\u00fctzen uns mit Live-Schalten und Sammelaktionen. Auch der stern ist wieder Partner der Hilfe. Eine solche Allianz der Hilfe f\u00fcr Kinder ist einmalig in Deutschland. So k\u00f6nnen wir gemeinsam sehr, sehr viel bewegen und ganz vielen Kindern helfen!\u201c Mit den gesammelten Spenden werden ausgew\u00e4hlte Kinderhilfsprojekte in Deutschland und der ganzen Welt unterst\u00fctzt. F\u00fcr jedes Projekt steht eine prominente Pers\u00f6nlichkeit als Patin oder Pate.<\/p>\n<p>&nbsp;<\/p>\n<p>&nbsp;<\/p>\n<p>&nbsp;<\/p>\n<p style=\"text-align: justify;\"><strong><span style=\"color: #339966;\">Nach Informationen von <\/span><span style=\"color: #339966;\"><a href=\"http:\/\/www.smago.de\">www.smago.de<\/a><\/span><span style=\"color: #339966;\"> ist Ireen Sheer heute (16.11.2023) von 18:00 Uhr &#8211; 19:00 Uhr live mit dabei.<\/span><\/strong><\/p>\n<p>&nbsp;<\/p>\n<p>&nbsp;<\/p>\n<p>&nbsp;<\/p>\n<p>&nbsp;<\/p>\n<p style=\"text-align: justify;\"><strong>Das sind die Hilfsprojekte des RTL-Spendenmarathon 2023:<\/strong><\/p>\n<p>&nbsp;<\/p>\n<p>&nbsp;<\/p>\n<p>&nbsp;<\/p>\n<p style=\"text-align: justify;\"><strong>Deutschland<\/strong><\/p>\n<p>&nbsp;<\/p>\n<p>&nbsp;<\/p>\n<ul style=\"text-align: justify;\">\n<li>Kampf gegen Kinderarmut in Deutschland: Er\u00f6ffnung des 20. RTL-Kinderhauses in Bremerhaven mit <strong>Nico Santos <\/strong>und Sommercamps mit<strong> Philipp Lahm <\/strong>f\u00fcr benachteiligte Kinder<\/li>\n<\/ul>\n<p>&nbsp;<\/p>\n<ul style=\"text-align: justify;\">\n<li><strong>Annika Lau<\/strong> k\u00e4mpft f\u00fcr mehr Sicherheit und St\u00e4rkung von Kindern in Frauenh\u00e4usern, die h\u00e4usliche Gewalt erfahren haben<\/li>\n<\/ul>\n<p>&nbsp;<\/p>\n<ul style=\"text-align: justify;\">\n<li><strong>Monica Lierhaus<\/strong> setzt sich f\u00fcr tiergest\u00fctzte Therapien f\u00fcr Kinder mit starkem F\u00f6rderbedarf ein<\/li>\n<\/ul>\n<p>&nbsp;<\/p>\n<ul style=\"text-align: justify;\">\n<li>\u201eLachen ist die beste Medizin!\u201c &#8211;<strong> Anna Ermakova <\/strong>k\u00e4mpft f\u00fcr mehr Clownsvisiten in Kinderkliniken<\/li>\n<\/ul>\n<p>&nbsp;<\/p>\n<ul style=\"text-align: justify;\">\n<li><strong>Pietro Lombardi <\/strong>und seine Verlobte<strong> Laura Rypa <\/strong>setzen sich f\u00fcr verbesserte Therapien f\u00fcr fr\u00fchgeborene Kinder ein<\/li>\n<\/ul>\n<p>&nbsp;<\/p>\n<ul style=\"text-align: justify;\">\n<li>Kampf der Klimakrise:<strong> Dirk Steffens <\/strong>bringt Kindern, die unter den Folgen der Unwetterkatastrophe im Ahrtal leiden, mit dem Projekt \u201eBienensommer\u201c ein St\u00fcck Natur zur\u00fcck<\/li>\n<\/ul>\n<p>&nbsp;<\/p>\n<ul style=\"text-align: justify;\">\n<li><strong>Felix Neureuther<\/strong> unterst\u00fctzt die \u201eNaturhelden\u201c, ein nachhaltiges Umweltprojekt f\u00fcr Kinder<\/li>\n<\/ul>\n<p>&nbsp;<\/p>\n<p>&nbsp;<\/p>\n<p>&nbsp;<\/p>\n<p>&nbsp;<\/p>\n<p>&nbsp;<\/p>\n<p style=\"text-align: justify;\"><strong>International<\/strong><\/p>\n<p>&nbsp;<\/p>\n<p>&nbsp;<\/p>\n<ul style=\"text-align: justify;\">\n<li><strong>Isabel Edvardsson <\/strong>k\u00e4mpft f\u00fcr den Bau einer Kinderaugenklinik in Malawi<\/li>\n<\/ul>\n<p>&nbsp;<\/p>\n<ul style=\"text-align: justify;\">\n<li><strong>Wayne Carpendale <\/strong>hilft benachteiligten Kindern und Kindern mit Behinderung in Tansania<\/li>\n<\/ul>\n<p>&nbsp;<\/p>\n<ul style=\"text-align: justify;\">\n<li><strong>Riccardo Simonetti <\/strong>engagiert sich f\u00fcr mehr Sicherheit und Bildung f\u00fcr Stra\u00dfenkinder in Kambodscha<\/li>\n<\/ul>\n<p>&nbsp;<\/p>\n<p>&nbsp;<\/p>\n<p>&nbsp;<\/p>\n<p>&nbsp;<\/p>\n<p>&nbsp;<\/p>\n<p style=\"text-align: justify;\"><strong>Jeder Cent kommt an!<\/strong> S\u00e4mtliche Kosten f\u00fcr Personal, Reisen und Produktion, die rund um den RTL\u2013Spendenmarathon entstehen, tr\u00e4gt RTL Deutschland. So wird jede Spende ohne einen Cent Abzug an die ausgew\u00e4hlten Kinderhilfsprojekte weitergeleitet.<\/p>\n<p>&nbsp;<\/p>\n<p>&nbsp;<\/p>\n<p>&nbsp;<\/p>\n<p>&nbsp;<\/p>\n<p style=\"text-align: justify;\"><strong>\u201e24h-American Football-Challenge\u201c: Mit 4.000 Kilometern zum n\u00e4chsten Weltrekord<\/strong><\/p>\n<p>&nbsp;<\/p>\n<p>&nbsp;<\/p>\n<p style=\"text-align: justify;\">Mit Start des RTL-Spendenmarathon am Donnerstag, 16. November 2023 um 18.00 Uhr geht auch die \u201e24h-American Football-Challenge\u201c los. Gemeinsam mit 17 Firmenteams und einem Team von seinem Sohn Luke versucht Ausdauersportler Joey Kelly nicht nur einen Tag und eine Nacht lang einen rund 200 Meter langen Football-Hindernis-Parcours immer und immer wieder zu durchlaufen, sondern auch einen neuen Weltrekord aufzustellen. Sollten alle Beteiligten innerhalb von 24 Stunden mehr als 4.000 Kilometer schaffen, ist ihnen der Titel \u201eweiteste Staffel-Laufstrecke beim Football-Parcours (24 Std., Team)\u201c &#8211; zertifiziert vom REKORD INSTITUT f\u00fcr DEUTSCHLAND (RID) \u2013 sicher.<\/p>\n<p>&nbsp;<\/p>\n<p>&nbsp;<\/p>\n<p>&nbsp;<\/p>\n<p>&nbsp;<\/p>\n<p style=\"text-align: justify;\"><strong>Der 28. RTL-Spendenmarathon: \u00d6kologisch und nachhaltig<\/strong><\/p>\n<p>&nbsp;<\/p>\n<p>&nbsp;<\/p>\n<p style=\"text-align: justify;\">Der diesj\u00e4hrige RTL-Spendenmarathon ist, wie in den vergangenen Jahren auch, eine klimaschonende Produktion und wird unter Ber\u00fccksichtigung der \u00f6kologischen Standards des Arbeitskreises Green Shooting umgesetzt.<\/p>\n<p>&nbsp;<\/p>\n<p>&nbsp;<\/p>\n<p>&nbsp;<\/p>\n<p>&nbsp;<\/p>\n<p>&nbsp;<\/p>\n<p style=\"text-align: justify;\"><strong>Helfen auch Sie mit und spenden Sie!<\/strong><\/p>\n<p>&nbsp;<\/p>\n<p style=\"text-align: justify;\"><strong>10 Euro Charity-SMS:<\/strong><\/p>\n<p>&nbsp;<\/p>\n<p>&nbsp;<\/p>\n<p style=\"text-align: justify;\">Senden Sie das Kennwort <strong>KINDER<\/strong> an die <strong>44844 <\/strong>(10 Euro \/SMS + ggf. Kosten f\u00fcr den SMS-Versand)<\/p>\n<p>&nbsp;<\/p>\n<p>&nbsp;<\/p>\n<p>&nbsp;<\/p>\n<p style=\"text-align: justify;\"><strong>Hotline f\u00fcr Website<\/strong><\/p>\n<p style=\"text-align: justify;\">Tel. 0180 2 2080 (6 ct. \/ Anruf aus allen deutschen Netzen. Ausland abweichend)<\/p>\n<p style=\"text-align: justify;\"><em>Leitungen vom 16.11.2023 ab 18.00 Uhr bis 17.11.2023 18.30 Uhr ge\u00f6ffnet<\/em><\/p>\n<p>&nbsp;<\/p>\n<p>&nbsp;<\/p>\n<p>&nbsp;<\/p>\n<p>&nbsp;<\/p>\n<p style=\"text-align: justify;\"><strong>Kontoverbindung:<\/strong><\/p>\n<p>&nbsp;<\/p>\n<p>&nbsp;<\/p>\n<p style=\"text-align: justify;\">Empf\u00e4nger: Stiftung RTL<br \/>\nKonto: DE55 370 605 905 605 605 605<br \/>\nBank: Sparda-Bank West<br \/>\nBIC: GENODED1SPK<\/p>\n<p>&nbsp;<\/p>\n<p>&nbsp;<\/p>\n<p>&nbsp;<\/p>\n<p style=\"text-align: justify;\"><strong><br \/>\nOnlinespenden: <a href=\"http:\/\/www.rtlspendenmarathon.de\/\">www.rtlspendenmarathon.de<\/a><\/strong><\/p>\n<p>&nbsp;<\/p>\n<p>&nbsp;<\/p>\n<p>&nbsp;<\/p>\n<figure id=\"attachment_213626\" aria-describedby=\"caption-attachment-213626\" style=\"width: 522px\" class=\"wp-caption alignnone\"><img decoding=\"async\" loading=\"lazy\" class=\"size-medium wp-image-213626\" src=\"https:\/\/smago.de\/ws2\/wp-content\/uploads\/2023\/11\/0D53A-522x294.jpg\" alt=\"\" width=\"522\" height=\"294\" srcset=\"https:\/\/smago.de\/ws2\/wp-content\/uploads\/2023\/11\/0D53A-522x294.jpg 522w, https:\/\/smago.de\/ws2\/wp-content\/uploads\/2023\/11\/0D53A-800x450.jpg 800w, https:\/\/smago.de\/ws2\/wp-content\/uploads\/2023\/11\/0D53A-266x150.jpg 266w, https:\/\/smago.de\/ws2\/wp-content\/uploads\/2023\/11\/0D53A-768x432.jpg 768w, https:\/\/smago.de\/ws2\/wp-content\/uploads\/2023\/11\/0D53A-1536x865.jpg 1536w, https:\/\/smago.de\/ws2\/wp-content\/uploads\/2023\/11\/0D53A-2048x1153.jpg 2048w, https:\/\/smago.de\/ws2\/wp-content\/uploads\/2023\/11\/0D53A-392x221.jpg 392w, https:\/\/smago.de\/ws2\/wp-content\/uploads\/2023\/11\/0D53A-130x73.jpg 130w, https:\/\/smago.de\/ws2\/wp-content\/uploads\/2023\/11\/0D53A-790x445.jpg 790w, https:\/\/smago.de\/ws2\/wp-content\/uploads\/2023\/11\/0D53A-870x489.jpg 870w, https:\/\/smago.de\/ws2\/wp-content\/uploads\/2023\/11\/0D53A-292x164.jpg 292w, https:\/\/smago.de\/ws2\/wp-content\/uploads\/2023\/11\/0D53A-435x245.jpg 435w, https:\/\/smago.de\/ws2\/wp-content\/uploads\/2023\/11\/0D53A-895x503.jpg 895w\" sizes=\"(max-width: 522px) 100vw, 522px\" \/><figcaption id=\"caption-attachment-213626\" class=\"wp-caption-text\"><em>Wolfram Kons startet am 16.11.2023 zum 28. Mal live um 18:00 Uhr den RTL-Spendenmarathon<\/em><\/p>\n<p><em>Foto-Credit: RTL<\/em><\/p>\n<p><em>Bitte beachten Sie auch <strong><a href=\"https:\/\/plus.rtl.de\/\">RTL+<\/a><\/strong>!<\/em><\/figcaption><\/figure>\n","protected":false},"excerpt":{"rendered":"<p>\u201eGEMEINSAM k\u00f6nnen wir sehr, sehr viel bewegen und ganz vielen Kindern helfen!\u201c!<\/p>\n","protected":false},"author":2,"featured_media":213626,"comment_status":"open","ping_status":"closed","sticky":false,"template":"","format":"standard","meta":{"_FSMCFIC_featured_image_caption":"","_FSMCFIC_featured_image_nocaption":"","_FSMCFIC_featured_image_hide":""},"categories":[27,29,128],"tags":[2307],"acf":[],"_links":{"self":[{"href":"https:\/\/smago.de\/ws2\/wp-json\/wp\/v2\/posts\/213625"}],"collection":[{"href":"https:\/\/smago.de\/ws2\/wp-json\/wp\/v2\/posts"}],"about":[{"href":"https:\/\/smago.de\/ws2\/wp-json\/wp\/v2\/types\/post"}],"author":[{"embeddable":true,"href":"https:\/\/smago.de\/ws2\/wp-json\/wp\/v2\/users\/2"}],"replies":[{"embeddable":true,"href":"https:\/\/smago.de\/ws2\/wp-json\/wp\/v2\/comments?post=213625"}],"version-history":[{"count":5,"href":"https:\/\/smago.de\/ws2\/wp-json\/wp\/v2\/posts\/213625\/revisions"}],"predecessor-version":[{"id":213649,"href":"https:\/\/smago.de\/ws2\/wp-json\/wp\/v2\/posts\/213625\/revisions\/213649"}],"wp:featuredmedia":[{"embeddable":true,"href":"https:\/\/smago.de\/ws2\/wp-json\/wp\/v2\/media\/213626"}],"wp:attachment":[{"href":"https:\/\/smago.de\/ws2\/wp-json\/wp\/v2\/media?parent=213625"}],"wp:term":[{"taxonomy":"category","embeddable":true,"href":"https:\/\/smago.de\/ws2\/wp-json\/wp\/v2\/categories?post=213625"},{"taxonomy":"post_tag","embeddable":true,"href":"https:\/\/smago.de\/ws2\/wp-json\/wp\/v2\/tags?post=213625"}],"curies":[{"name":"wp","href":"https:\/\/api.w.org\/{rel}","templated":true}]}}