{"id":213473,"date":"2023-11-14T11:18:28","date_gmt":"2023-11-14T10:18:28","guid":{"rendered":"https:\/\/smago.de\/ws2\/?p=213473"},"modified":"2023-11-14T11:24:27","modified_gmt":"2023-11-14T10:24:27","slug":"smago-informiert-ard-zdf-onlinestudie-2023-normalisierung-der-internetnutzung-nach-den-corona-jahren","status":"publish","type":"post","link":"https:\/\/smago.de\/ws2\/smago-informiert\/smago-informiert-ard-zdf-onlinestudie-2023-normalisierung-der-internetnutzung-nach-den-corona-jahren\/","title":{"rendered":"smago! INFORMIERT <br>ARD\/ZDF-Onlinestudie 2023: Normalisierung der Internetnutzung nach den Corona-Jahren!"},"content":{"rendered":"<p style=\"text-align: justify;\">Die Online-Mediennutzung geht dagegen derzeit sp\u00fcrbar zur\u00fcck, bleibt aber auf hohem Niveau von beispielsweise mehr als vier Stunden t\u00e4glich bei jungen Menschen &#8230;:<br \/>\n<!--more--><\/p>\n<p>&nbsp;<\/p>\n<p>&nbsp;<\/p>\n<p>&nbsp;<\/p>\n<p style=\"text-align: justify;\">Noch nie haben so viele Menschen das Internet unterwegs genutzt wie 2023. Die Online-Mediennutzung geht dagegen derzeit sp\u00fcrbar zur\u00fcck, bleibt aber auf hohem Niveau von beispielsweise mehr als vier Stunden t\u00e4glich bei jungen Menschen. Die Mediatheken von ARD und ZDF erreichen deutlich mehr als die H\u00e4lfte der Bev\u00f6lkerung. Netflix und Amazon Prime f\u00fchren die Liste der Streamingangebote an. Gut jede oder jeder Dritte nutzt an einem normalen Tag Social Media; dabei ist Instagram die meistgenutzte Plattform in Deutschland. Diese und weitere Ergebnisse ver\u00f6ffentlicht die neue ARD\/ZDF-Onlinestudie.<\/p>\n<p style=\"text-align: justify;\">80 Prozent der Menschen in Deutschland ab 14 Jahren nutzen t\u00e4glich das Internet. Bis zum 30. Lebensjahr sind so gut wie alle t\u00e4glich online, um zum Beispiel Videos, Mediatheken, Nachrichten, Musikstreaming, Podcasts, Social Media oder Chats zu nutzen. Lediglich bei den \u00fcber 70-J\u00e4hrigen h\u00e4lt sich mit 54 Prozent eine Mehrheit, die das Internet und Online-Dienste nicht t\u00e4glich nutzt. \u00dcberhaupt nicht wird das Internet in dieser Altersgruppe von 22 Prozent genutzt.<\/p>\n<p style=\"text-align: justify;\">Der Wert f\u00fcr die Internetnutzung unterwegs erreicht 2023 einen neuen H\u00f6chstwert: 71 Prozent der befragten Personen geben an, mindestens einmal w\u00f6chentlich unterwegs online zu sein (+ 3 Prozentpunkte). Dieser Zuwachs l\u00e4sst sich vor allem \u00fcber eine Steigerung bei den 50- bis 69-J\u00e4hrigen (+ 5 Prozentpunkte) erkl\u00e4ren.<\/p>\n<p style=\"text-align: justify;\"><strong>Die Mediennutzung im Internet geht leicht zur\u00fcck<\/strong><\/p>\n<p style=\"text-align: justify;\">Nachdem 2022 die Nutzung von Medien-Inhalten oder Streams im Internet auf einem vorl\u00e4ufigen H\u00f6chstwert stand, belegt die ARD\/ZDF-Onlinestudie in diesem Jahr einen R\u00fcckgang der medialen Internetnutzung auf 139 Minuten pro Tag (- 21 Minuten). In allen Altersgruppen sind hier R\u00fcckg\u00e4nge zu verzeichnen. Noch im vergangenen Jahr gab es zur Zeit der Datenerhebung Corona-Einschr\u00e4nkungen. Der R\u00fcckgang ist auch mit diesem Wegfall zu erkl\u00e4ren, es wird wieder mehr Zeit mit nichtmedialen und au\u00dferh\u00e4usigen T\u00e4tigkeiten verbracht. J\u00fcngere verbringen durchschnittlich mehr als vier Stunden pro Tag mit medialen Internetinhalten, ab 70-J\u00e4hrige nur eine gute halbe Stunde.<\/p>\n<p style=\"text-align: justify;\">Nicht nur die Nutzungsintensit\u00e4t ist in diesem Jahr r\u00fcckl\u00e4ufig, sondern auch die Zahl der Menschen, die \u00fcberhaupt Medien \u00fcber das Internet nutzen. \u00dcber alle Altersgruppen hinweg bleiben die Werte allerdings \u00fcber dem Niveau des Corona-Jahres 2021. Die Tagesreichweite f\u00fcr die mediale Internetnutzung sinkt leicht auf 65 Prozent (- 7 Prozentpunkte). Dabei ist dieser R\u00fcckgang vor allem \u00fcber r\u00fcckl\u00e4ufige Reichweiten bei der Nutzung von Texten im Internet zu erkl\u00e4ren (36 Prozent, &#8211; 8 Prozentpunkte). Videos im Internet werden weiterhin von exakt jeder zweiten Person geschaut (- 1 Prozentpunkt). Bei den 14- bis 29-J\u00e4hrigen sehen sich 82 Prozent an einem normalen Tag Videos im Internet an, bei den 30- bis 49-J\u00e4hrigen sind es 65 Prozent. Die Tagesreichweite von Audio online ist ebenfalls leicht r\u00fcckl\u00e4ufig (37 Prozent, &#8211; 5 Prozentpunkte). Hier ist nach wie vor Musikstreaming die weitverbreitetste Anwendung (41 Prozent nutzen dieses Angebot t\u00e4glich oder w\u00f6chentlich), gefolgt vom Radioh\u00f6ren \u00fcber das Internet (25 Prozent) sowie dem H\u00f6ren von Podcasts oder Radiobeitr\u00e4gen auf Abruf (29 Prozent).<\/p>\n<p style=\"text-align: justify;\">Die Mediatheken von ARD und ZDF k\u00f6nnen ihre Nutzerschaft weiter ausbauen: Mit 54 Prozent (ARD) beziehungsweise 55 Prozent (ZDF) erreichen sie deutlich mehr als die H\u00e4lfte der Bev\u00f6lkerung zumindest selten. Mindestens einmal pro Woche sehen jeweils 22 Prozent (ARD) beziehungsweise 21 Prozent (ZDF) Sendungen und Filme in den beiden \u00f6ffentlich-rechtlichen Mediatheken.<\/p>\n<p style=\"text-align: justify;\">Bei den Videostreaming-Diensten f\u00fchren Netflix und Prime Video den Markt weiterhin deutlich an: 36 Prozent der Menschen nutzen das Angebot von Netflix mindestens einmal in der Woche. Amazon Prime Video liegt bei 26 Prozent und positioniert sich vor Disney+ (13 Prozent) und den digitalen Angeboten von Sky (11 Prozent).<\/p>\n<p style=\"text-align: justify;\"><strong>ZDF-Planungschef Dr. Florian Kumb zu den Ergebnissen der ARD\/ZDF-Onlinestudie:<\/strong> &#8222;Die in der Corona-Zeit gestiegene Internetnutzung hat sich normalisiert. Dadurch wird der Wettbewerb der digitalen Medienanbieter h\u00e4rter. Gleichzeitig erreichen die Mediatheken von ARD und ZDF inzwischen mehr als die H\u00e4lfte der Bev\u00f6lkerung in Deutschland \u2013 Tendenz steigend. Unserem Unternehmensziel &#8218;Ein ZDF f\u00fcr alle&#8216; sind wir dadurch n\u00e4hergekommen.&#8220;<\/p>\n<p style=\"text-align: justify;\"><strong>Benjamin Fischer, Leiter von ARD Online und des ARD Digitalboards:<\/strong> &#8222;Unser Ziel ist es, allen Menschen nahtlos\u00a0und komfortabel Zugang zu allen \u00f6ffentlich-rechtlichen Inhalten zu erm\u00f6glichen. Das haben wir jetzt erreicht. Aus der ARD Mediathek ist gemeinsam mit der ZDF Mediathek ein nutzerorientiertes Streaming-Netzwerk entstanden. F\u00fcr unsere Nutzerinnen und Nutzer\u00a0verbinden\u00a0wir die besten digitalen Angebote und deren Premium-Inhalte mit der Vielfalt der Regionen. So sind wir\u00a0perspektivisch\u00a0\u00fcber alle Altersgruppen hinweg erfolgreich und schaffen mit \u00f6ffentlich-rechtlichen Partnern das relevanteste Angebot f\u00fcr die Menschen in Deutschland.&#8220;<\/p>\n<p style=\"text-align: justify;\"><strong>Social Media und Messenger: Instagram ist 2023 Spitzenreiter<\/strong><\/p>\n<p style=\"text-align: justify;\">52 Prozent der deutschen Bev\u00f6lkerung nutzen in einer normalen Woche Social Media. In der j\u00fcngsten Altersgruppe greifen neun von zehn Personen mindestens einmal in der Woche auf Social-Media-Angebote zur\u00fcck, ab 70 Jahren sind es mittlerweile 14 Prozent. An einem normalen Tag sind es 35 Prozent der Bev\u00f6lkerung, die Social Media nutzen (68 Prozent bei unter 30-J\u00e4hrigen). Bezogen auf die Gesamtbev\u00f6lkerung wird eine Nutzungsdauer von 31 Minuten ermittelt (69 Minuten bei unter 30-J\u00e4hrigen).<\/p>\n<p style=\"text-align: justify;\">Bei der mindestens w\u00f6chentlichen Nutzung haben in diesem Jahr die beiden Spitzenreiter die Pl\u00e4tze getauscht: Instagram f\u00fchrt das Ranking der Social-Media-Nutzung mit 35 Prozent vor Facebook mit 33 Prozent an. Mit Abstand folgen TikTok (15 Prozent) und Snapchat (13 Prozent).<\/p>\n<p style=\"text-align: justify;\">Bei unter 30-J\u00e4hrigen liegt Instagram mit 79 Prozent deutlich vor Snapchat (52 Prozent), TikTok (41 Prozent) und Facebook (34 Prozent). In der mittleren Altersgruppe (30\u201249 Jahre) beh\u00e4lt Facebook noch seine f\u00fchrende Position vor Instagram, TikTok, Pinterest, Twitter und LinkedIn.<\/p>\n<p style=\"text-align: justify;\"><strong>Online-Suchfunktionen und Navigation mit hoher Beliebtheit<\/strong><\/p>\n<p style=\"text-align: justify;\">Vier von f\u00fcnf Personen in Deutschland greifen mindestens einmal in der Woche auf Internet-Suchmaschinen zur\u00fcck. Bei den unter 50-J\u00e4hrigen werden sie von fast allen genutzt. In dieser Altersgruppe ist die Nutzung von Online-Landkarten wie etwa Google Maps ebenfalls weit verbreitet \u2013 65 Prozent nutzen sie. Bezogen auf die Gesamtbev\u00f6lkerung sind es 46 Prozent. Drei von vier Personen schreiben und lesen mindestens einmal pro Woche private E-Mails, besonders die Altersgruppe 30 bis 49 Jahre, aber auch fast im selben Ma\u00df die Altersgruppe 14 bis 29 Jahre. Jeweils circa ein Drittel liest Newsletter und nutzt Online-Nachschlagewerke wie zum Beispiel Wikipedia.<\/p>\n<p style=\"text-align: justify;\"><strong>ChatGPT im Fr\u00fchjahr 2023 erstaunlich verbreitet<\/strong><\/p>\n<p style=\"text-align: justify;\">Die ARD\/ZDF-Onlinestudie hat zus\u00e4tzlich zu den Basisdaten auch erste Bekanntheits- und Nutzungswerte f\u00fcr ChatGPT ermittelt. Zu der Erhebungszeit im Fr\u00fchjahr 2023 war die KI-Anwendung seit ungef\u00e4hr einem halben Jahr frei zug\u00e4nglich. Mehr als die H\u00e4lfte hat schon einmal von Chatbots wie ChatGPT geh\u00f6rt, genau 57 Prozent. 15 Prozent der Gesamtbev\u00f6lkerung haben sie schon genutzt, vornehmlich unter 30-J\u00e4hrige (33 Prozent).<\/p>\n<p style=\"text-align: justify;\"><strong>Methode<\/strong><\/p>\n<p style=\"text-align: justify;\">Die ARD\/ZDF-Onlinestudie 2023 wurde im Auftrag der ARD\/ZDF-Forschungskommission durchgef\u00fchrt. Die Ergebnisse beruhen auf dem fusionierten Datensatz mit den Kerndaten der ARD\/ZDF-Studie Massenkommunikation Trends 2023. Im Jahr 2023 wurden 1.501 repr\u00e4sentativ ausgew\u00e4hlte deutschsprachige Personen ab 14 Jahren zwischen dem 6. M\u00e4rz und dem 9. April befragt: 70 Prozent davon per Telefon auf Basis einer repr\u00e4sentativen Dual-Frame-Stichprobe (Festnetz und Mobilfunk), weitere 30 Prozent \u00fcber ein repr\u00e4sentatives Onlinepanel.<\/p>\n<p style=\"text-align: justify;\">Die Feldarbeitet wurde von GIM Wiesbaden durchgef\u00fchrt, die Datenfusion von ANKORDATA geleistet.<\/p>\n<p style=\"text-align: justify;\">Die detaillierte Beschreibung der Methode und vertiefende Analysen werden auf der Online-Plattform &#8222;Media Perspektiven&#8220; (<a href=\"http:\/\/www.media-perspektiven.de\/\" target=\"_blank\" rel=\"noopener noreferrer\">www.media-perspektiven.de<\/a>) und auf <a href=\"http:\/\/www.ard-zdf-onlinestudie.de\/\" target=\"_blank\" rel=\"noopener noreferrer\">www.ard-zdf-onlinestudie.de<\/a> ver\u00f6ffentlicht.<\/p>\n<p>&nbsp;<\/p>\n<p>&nbsp;<\/p>\n<p>&nbsp;<\/p>\n<figure id=\"attachment_213474\" aria-describedby=\"caption-attachment-213474\" style=\"width: 522px\" class=\"wp-caption alignnone\"><img decoding=\"async\" loading=\"lazy\" class=\"size-medium wp-image-213474\" src=\"https:\/\/smago.de\/ws2\/wp-content\/uploads\/2023\/11\/ARD_ZDF-ARD-ZDF-522x295.jpg\" alt=\"\" width=\"522\" height=\"295\" srcset=\"https:\/\/smago.de\/ws2\/wp-content\/uploads\/2023\/11\/ARD_ZDF-ARD-ZDF-522x295.jpg 522w, https:\/\/smago.de\/ws2\/wp-content\/uploads\/2023\/11\/ARD_ZDF-ARD-ZDF-265x150.jpg 265w, https:\/\/smago.de\/ws2\/wp-content\/uploads\/2023\/11\/ARD_ZDF-ARD-ZDF-392x222.jpg 392w, https:\/\/smago.de\/ws2\/wp-content\/uploads\/2023\/11\/ARD_ZDF-ARD-ZDF-130x73.jpg 130w, https:\/\/smago.de\/ws2\/wp-content\/uploads\/2023\/11\/ARD_ZDF-ARD-ZDF-292x165.jpg 292w, https:\/\/smago.de\/ws2\/wp-content\/uploads\/2023\/11\/ARD_ZDF-ARD-ZDF-435x246.jpg 435w, https:\/\/smago.de\/ws2\/wp-content\/uploads\/2023\/11\/ARD_ZDF-ARD-ZDF.jpg 720w\" sizes=\"(max-width: 522px) 100vw, 522px\" \/><figcaption id=\"caption-attachment-213474\" class=\"wp-caption-text\"><em>Foto-Credit: ARD \/ ZDF<\/em><\/figcaption><\/figure>\n","protected":false},"excerpt":{"rendered":"<p>Die Online-Mediennutzung geht dagegen derzeit sp\u00fcrbar zur\u00fcck, bleibt aber auf hohem Niveau von beispielsweise mehr als vier Stunden t\u00e4glich bei<\/p>\n","protected":false},"author":2,"featured_media":213474,"comment_status":"open","ping_status":"closed","sticky":false,"template":"","format":"standard","meta":{"_FSMCFIC_featured_image_caption":"","_FSMCFIC_featured_image_nocaption":"","_FSMCFIC_featured_image_hide":""},"categories":[33,39],"tags":[798,135],"acf":[],"_links":{"self":[{"href":"https:\/\/smago.de\/ws2\/wp-json\/wp\/v2\/posts\/213473"}],"collection":[{"href":"https:\/\/smago.de\/ws2\/wp-json\/wp\/v2\/posts"}],"about":[{"href":"https:\/\/smago.de\/ws2\/wp-json\/wp\/v2\/types\/post"}],"author":[{"embeddable":true,"href":"https:\/\/smago.de\/ws2\/wp-json\/wp\/v2\/users\/2"}],"replies":[{"embeddable":true,"href":"https:\/\/smago.de\/ws2\/wp-json\/wp\/v2\/comments?post=213473"}],"version-history":[{"count":2,"href":"https:\/\/smago.de\/ws2\/wp-json\/wp\/v2\/posts\/213473\/revisions"}],"predecessor-version":[{"id":213476,"href":"https:\/\/smago.de\/ws2\/wp-json\/wp\/v2\/posts\/213473\/revisions\/213476"}],"wp:featuredmedia":[{"embeddable":true,"href":"https:\/\/smago.de\/ws2\/wp-json\/wp\/v2\/media\/213474"}],"wp:attachment":[{"href":"https:\/\/smago.de\/ws2\/wp-json\/wp\/v2\/media?parent=213473"}],"wp:term":[{"taxonomy":"category","embeddable":true,"href":"https:\/\/smago.de\/ws2\/wp-json\/wp\/v2\/categories?post=213473"},{"taxonomy":"post_tag","embeddable":true,"href":"https:\/\/smago.de\/ws2\/wp-json\/wp\/v2\/tags?post=213473"}],"curies":[{"name":"wp","href":"https:\/\/api.w.org\/{rel}","templated":true}]}}