{"id":213447,"date":"2023-11-13T22:26:18","date_gmt":"2023-11-13T21:26:18","guid":{"rendered":"https:\/\/smago.de\/ws2\/?p=213447"},"modified":"2023-11-13T22:26:18","modified_gmt":"2023-11-13T21:26:18","slug":"ndr-talk-show-johannes-wimmer-verabschiedet-sich","status":"publish","type":"post","link":"https:\/\/smago.de\/ws2\/smago-informiert\/ndr-talk-show-johannes-wimmer-verabschiedet-sich\/","title":{"rendered":"&#8222;NDR TALK SHOW&#8220; <br>Johannes Wimmer verabschiedet sich!"},"content":{"rendered":"<p>Wer gemeinsam mit Bettina Tietjen ab 2024 die \u201eNDR Talk Show\u201c moderieren wird, gibt der NDR zu einem sp\u00e4teren Zeitpunkt bekannt!<br \/>\n<!--more--><\/p>\n<p>&nbsp;<\/p>\n<p style=\"text-align: justify;\">\n<p style=\"text-align: justify;\">Nach eineinhalb Jahren beendet Dr. Johannes Wimmer seine \u201eSprechstunde\u201c bei der \u201eNDR Talk Show\u201c. Am 17. November f\u00fchrt er das letzte Mal, an der Seite von Bettina Tietjen, durch die Sendung im NDR Fernsehen.<\/p>\n<p style=\"text-align: justify;\">Dr. Johannes Wimmer erkl\u00e4rt zu seinem Abschied: \u201eUnterhaltung kann Herzen ber\u00fchren und Verst\u00e4ndnis f\u00f6rdern. Das ist eine Aufgabe, die ich mit gro\u00dfer Freude wahrgenommen habe. Unterhaltung macht Spa\u00df, mein Lebensinhalt und meine Passion ist aber die Medizin\u201c.<\/p>\n<p style=\"text-align: justify;\">Am 29. Dezember wird er noch einmal gemeinsam mit Bettina Tietjen, Barbara Sch\u00f6nberger, Hubertus Meyer-Burckhardt, Judith Rakers und Giovanni di Lorenzo in einem moderierten gemeinsamen Best of: \u201eNDR Talk Show und 3nach9 &#8211; Das Beste aus 2023\u201c zu sehen sein.<\/p>\n<p style=\"text-align: justify;\">Wer gemeinsam mit Bettina Tietjen ab 2024 die \u201eNDR Talk Show\u201c moderieren wird, gibt der NDR sp\u00e4ter bekannt.<\/p>\n<p>&nbsp;<\/p>\n<p>&nbsp;<\/p>\n<figure id=\"attachment_213449\" aria-describedby=\"caption-attachment-213449\" style=\"width: 522px\" class=\"wp-caption alignnone\"><img decoding=\"async\" loading=\"lazy\" class=\"size-medium wp-image-213449\" src=\"https:\/\/smago.de\/ws2\/wp-content\/uploads\/2023\/11\/1_NDR_Talk_Show_Wimmer_Tietjen-1-522x292.jpg\" alt=\"\" width=\"522\" height=\"292\" srcset=\"https:\/\/smago.de\/ws2\/wp-content\/uploads\/2023\/11\/1_NDR_Talk_Show_Wimmer_Tietjen-1-522x292.jpg 522w, https:\/\/smago.de\/ws2\/wp-content\/uploads\/2023\/11\/1_NDR_Talk_Show_Wimmer_Tietjen-1-800x448.jpg 800w, https:\/\/smago.de\/ws2\/wp-content\/uploads\/2023\/11\/1_NDR_Talk_Show_Wimmer_Tietjen-1-268x150.jpg 268w, https:\/\/smago.de\/ws2\/wp-content\/uploads\/2023\/11\/1_NDR_Talk_Show_Wimmer_Tietjen-1-768x430.jpg 768w, https:\/\/smago.de\/ws2\/wp-content\/uploads\/2023\/11\/1_NDR_Talk_Show_Wimmer_Tietjen-1-1536x860.jpg 1536w, https:\/\/smago.de\/ws2\/wp-content\/uploads\/2023\/11\/1_NDR_Talk_Show_Wimmer_Tietjen-1-2048x1147.jpg 2048w, https:\/\/smago.de\/ws2\/wp-content\/uploads\/2023\/11\/1_NDR_Talk_Show_Wimmer_Tietjen-1-392x220.jpg 392w, https:\/\/smago.de\/ws2\/wp-content\/uploads\/2023\/11\/1_NDR_Talk_Show_Wimmer_Tietjen-1-130x73.jpg 130w, https:\/\/smago.de\/ws2\/wp-content\/uploads\/2023\/11\/1_NDR_Talk_Show_Wimmer_Tietjen-1-794x445.jpg 794w, https:\/\/smago.de\/ws2\/wp-content\/uploads\/2023\/11\/1_NDR_Talk_Show_Wimmer_Tietjen-1-870x489.jpg 870w, https:\/\/smago.de\/ws2\/wp-content\/uploads\/2023\/11\/1_NDR_Talk_Show_Wimmer_Tietjen-1-292x164.jpg 292w, https:\/\/smago.de\/ws2\/wp-content\/uploads\/2023\/11\/1_NDR_Talk_Show_Wimmer_Tietjen-1-435x244.jpg 435w, https:\/\/smago.de\/ws2\/wp-content\/uploads\/2023\/11\/1_NDR_Talk_Show_Wimmer_Tietjen-1-895x503.jpg 895w\" sizes=\"(max-width: 522px) 100vw, 522px\" \/><figcaption id=\"caption-attachment-213449\" class=\"wp-caption-text\"><em>Dr. Johannes Wimmer und Bettina Tietjen<\/em><\/p>\n<p><em>\u00a9 NDR \/Hendrik L\u00fcders<\/em><\/figcaption><\/figure>\n","protected":false},"excerpt":{"rendered":"<p>Wer gemeinsam mit Bettina Tietjen ab 2024 die \u201eNDR Talk Show\u201c moderieren wird, gibt der NDR zu einem sp\u00e4teren Zeitpunkt<\/p>\n","protected":false},"author":2,"featured_media":213449,"comment_status":"open","ping_status":"closed","sticky":false,"template":"","format":"standard","meta":{"_FSMCFIC_featured_image_caption":"","_FSMCFIC_featured_image_nocaption":"","_FSMCFIC_featured_image_hide":""},"categories":[33,128],"tags":[254],"acf":[],"_links":{"self":[{"href":"https:\/\/smago.de\/ws2\/wp-json\/wp\/v2\/posts\/213447"}],"collection":[{"href":"https:\/\/smago.de\/ws2\/wp-json\/wp\/v2\/posts"}],"about":[{"href":"https:\/\/smago.de\/ws2\/wp-json\/wp\/v2\/types\/post"}],"author":[{"embeddable":true,"href":"https:\/\/smago.de\/ws2\/wp-json\/wp\/v2\/users\/2"}],"replies":[{"embeddable":true,"href":"https:\/\/smago.de\/ws2\/wp-json\/wp\/v2\/comments?post=213447"}],"version-history":[{"count":1,"href":"https:\/\/smago.de\/ws2\/wp-json\/wp\/v2\/posts\/213447\/revisions"}],"predecessor-version":[{"id":213450,"href":"https:\/\/smago.de\/ws2\/wp-json\/wp\/v2\/posts\/213447\/revisions\/213450"}],"wp:featuredmedia":[{"embeddable":true,"href":"https:\/\/smago.de\/ws2\/wp-json\/wp\/v2\/media\/213449"}],"wp:attachment":[{"href":"https:\/\/smago.de\/ws2\/wp-json\/wp\/v2\/media?parent=213447"}],"wp:term":[{"taxonomy":"category","embeddable":true,"href":"https:\/\/smago.de\/ws2\/wp-json\/wp\/v2\/categories?post=213447"},{"taxonomy":"post_tag","embeddable":true,"href":"https:\/\/smago.de\/ws2\/wp-json\/wp\/v2\/tags?post=213447"}],"curies":[{"name":"wp","href":"https:\/\/api.w.org\/{rel}","templated":true}]}}