{"id":213389,"date":"2023-11-23T00:00:09","date_gmt":"2023-11-22T23:00:09","guid":{"rendered":"https:\/\/smago.de\/ws2\/?p=213389"},"modified":"2023-11-22T22:32:35","modified_gmt":"2023-11-22T21:32:35","slug":"andreas-dorau-2","status":"publish","type":"post","link":"https:\/\/smago.de\/ws2\/ndw\/andreas-dorau-2\/","title":{"rendered":"ANDREAS DORAU <br>&#8222;Ich werde ja zum ersten Mal sechzig!&#8220;"},"content":{"rendered":"<p style=\"text-align: justify;\">Ein Interview mit Andreas Dorau! Von Sophie Holzinger!<br \/>\n<!--more--><\/p>\n<p>&nbsp;<\/p>\n<p>&nbsp;<\/p>\n<p>&nbsp;<\/p>\n<p style=\"text-align: justify;\"><strong>Andreas, wann hast Du Dich das erste Mal in Deinem Leben alt gef\u00fchlt?<\/strong><\/p>\n<p style=\"text-align: justify;\">An meinem drei\u00dfigsten Geburtstag, der war schlimm. Da dachte ich: Jetzt ist das Leben vorbei! Seitdem habe ich keine Angst mehr vor runden Geburtstagen, aber habe auch immer daf\u00fcr gesorgt, dass ich an meinen Geburtstagen viel zu tun habe, damit ich nicht in die Verlegenheit gerate, \u00fcber mich und die Situation des Geburtstages nachdenken zu m\u00fcssen. Aus diesem Grund bringe ich das neue Album auch an meinem Geburtstag raus.<\/p>\n<p style=\"text-align: justify;\"><strong>Kann man das als Flucht nach vorne bezeichnen?<\/strong><\/p>\n<p style=\"text-align: justify;\">Ja. Ich habe Angst vor meinen Gedanken am sechzigsten. Meine Lieblingst\u00e4tigkeit ist es, Platten herauszubringen. Au\u00dferdem werde ich ja zum ersten Mal sechzig.<\/p>\n<p style=\"text-align: justify;\"><strong>Ziehst Du bei dem St\u00fcck \u00bbWas nimmst Du mit?\u00ab Bilanz Deines Lebens?<\/strong><\/p>\n<p style=\"text-align: justify;\">Nein! Da geht es nur darum, was man mitnimmt, wenn es zuhause brennt. Da ist keine Metaebene drin. \u00dcber die Frage, was ich mitnehmen, wenn meine Wohnung brennt, denke ich dagegen seit zig Jahren nach.<\/p>\n<p style=\"text-align: justify;\"><strong>Warum?<\/strong><\/p>\n<p style=\"text-align: justify;\">Weil es jeden Tag passieren k\u00f6nnte.<\/p>\n<p style=\"text-align: justify;\"><strong>Und was nimmst Du nun mit?<\/strong><\/p>\n<p style=\"text-align: justify;\">Es gibt keine Hunde oder Katzen, die ich retten m\u00fcsste. Ich wei\u00df bis heute nicht, was ich mitnehmen w\u00fcrde. Ich habe auch noch kein Testament aufgesetzt und mir \u00fcber mein Ableben keine Gedanken gemacht, wei\u00df auch nicht, wie und ob ich beerdigt werden m\u00f6chte.<\/p>\n<p style=\"text-align: justify;\"><strong>Der Tod besch\u00e4ftigt Dich?<\/strong><\/p>\n<p style=\"text-align: justify;\">Im Gegenteil, auf dieser Platte sterben erstaunlich wenig Leute in meinen Texten, denn sonst lasse ich immer viele Lebewesen sterben. Warum? Keine Ahnung! Vielleicht, weil in der Realit\u00e4t zuletzt so viele Leute gestorben sind.<\/p>\n<p style=\"text-align: justify;\"><strong>Gibt es eigentlich einen Dorau-Sound?<\/strong><\/p>\n<p style=\"text-align: justify;\">Ich fand als Kind Bands, die st\u00e4ndig ihren Sound \u00e4ndern, von Folk zu Progrock oder so, ganz schlimm, weil ich entt\u00e4uscht war. Seit ich Musik mache, hatte ich mir vorgenommen, dass es das bei mir niemals geben soll. Wenn ich mal das Bed\u00fcrfnis h\u00e4tte, etwas anderes zu machen, w\u00fcrde ich tats\u00e4chlich den Namen \u00e4ndern.<\/p>\n<p style=\"text-align: justify;\"><strong>Und gibt es nun einen Dorau-Sound?<\/strong><\/p>\n<p style=\"text-align: justify;\">Ich glaube, dass sich bei mir eine textliche Perspektive manifestiert hat, die man vielleicht als fr\u00f6hliche Traurigkeit beschreiben kann. Japaner haben meine Musik mal \u00bbHappy Sad\u00ab genannt. Die hatte ich von Anfang an.<\/p>\n<p style=\"text-align: justify;\"><strong>Woher kommt die Traurigkeit?<\/strong><\/p>\n<p style=\"text-align: justify;\">Das ist wohl ein Teil meiner Pers\u00f6nlichkeit. Ich mache meine Platten auch nicht f\u00fcr irgendwelche Leute, sondern ich mache meine Platten f\u00fcr mich. Mein Ansatz Musik zu machen war auch, dass ich meine eigene Platte haben wollte. Das ist eigentlich bis heute so: Ich mache meine Platten f\u00fcr mich! Aber nat\u00fcrlich hoffe ich, dass es anderen Leuten auch gef\u00e4llt.<\/p>\n<p style=\"text-align: justify;\"><strong>Ist Deine Musik deutsch?<\/strong><\/p>\n<p style=\"text-align: justify;\">Nein, eher europ\u00e4isch, ich f\u00fchle mich momentan besonders zur franz\u00f6sischen und belgischen Musik hingezogen. Ich wollte, dass diese Platte eher elektronisch wird, aber auch nicht rein elektronisch. Aber es sollten schon m\u00f6glichst viele Jahrzehnte elektronischer Musik gestreift werden, ohne direkt einem Jahrzehnt zu huldigen.<\/p>\n<p style=\"text-align: justify;\"><strong>Wer sind dabei Deine G\u00e4ste?<\/strong><\/p>\n<p style=\"text-align: justify;\">Zwei Musikerinnen: G\u00fcner K\u00fcnier aus Berlin und JJ Weihl, eine Amerikanerin, die unter dem Namen Discovery Zone und bei der Band Fenster Musik macht. Und Brezel G\u00f6ring singt bei einem St\u00fcck. Ansonsten habe ich die Platte mit Zwanie Jonson gemacht und auf drei St\u00fccken mit der Band unhappybirthday zusammengearbeitet.<\/p>\n<p style=\"text-align: justify;\"><strong>Du singst nun auch wieder mal auf Englisch. Warum?<\/strong><\/p>\n<p style=\"text-align: justify;\">Ich habe lange damit gehadert. Aber hey, ich werde sechzig, das kann ich mir mal wieder erlauben. Ich dachte eigentlich, dass die St\u00fccke f\u00fcr ein Zwanie-Album gedacht sind und ich dabei nur Gast bin, aber sie waren f\u00fcr mich geschrieben. Ich habe dann entschieden, das gut zu finden. Mein Englisch ist \u00fcbrigens unterirdisch. Ich w\u00fcrde es eher als Touristen-Englisch bezeichnen: verst\u00e4ndlich aber unsch\u00f6n.<\/p>\n<p style=\"text-align: justify;\"><strong>Du hast zwei autobiografische B\u00fccher mit Sven Regener verfasst. Was f\u00fcr einen Einfluss hatte das auf Deine Musik?<\/strong><\/p>\n<p style=\"text-align: justify;\">Durch die Ereignisse der letzten Jahre hatte ich die Lust am Plattenmachen verloren. Das brauchte da wirklich kein Mensch. Deswegen ist vier Jahre lang nichts erschienen. Umso mehr Freude hatte ich am Entstehen der B\u00fccher. Es gibt auch auf der Platte viele St\u00fccke, bei denen es um mich geht. Ich habe mich wohl zuletzt versehentlich viel mit mir selbst besch\u00e4ftigt.<\/p>\n<p style=\"text-align: justify;\"><strong>Was bedeutet Dir der Begriff des \u201eErwachsenseins\u201c?<\/strong><\/p>\n<p style=\"text-align: justify;\">Ich neige nicht zum Peter-Pan-Syndrom. Jeder ist mal erwachsen oder mal spie\u00dfig, pubert\u00e4r oder kindlich. Bei jedem Menschen hat der Baum andere Zweige.<\/p>\n<p style=\"text-align: justify;\"><strong>Warum hast Du eigentlich keine Falten?<\/strong><\/p>\n<div id=\"c1949\" class=\"frame frame-default frame-type-textmedia frame-layout-0\">\n<div class=\"container\">\n<div class=\"row\">\n<div class=\"col-sm-10 offset-sm-1\">\n<div class=\"row\">\n<div class=\"col-sm-8\">\n<div class=\"ce-textpic ce-center ce-above is_collapsing open\">\n<div class=\"ce-bodytext\" style=\"text-align: justify;\">\n<p>Weil ich so selten lache. Ich glaube sogar, dass ich weniger lache als der Bundesdurchschnitt. Ich bin ja auch der j\u00fcngste Sechzigj\u00e4hrige.<\/p>\n<\/div>\n<\/div>\n<\/div>\n<\/div>\n<p style=\"text-align: justify;\">\n<\/div>\n<\/div>\n<\/div>\n<\/div>\n<div class=\"col-sm-10 offset-sm-1\"><\/div>\n<div><\/div>\n<div><\/div>\n<div><\/div>\n<div>\n<p><img decoding=\"async\" loading=\"lazy\" class=\"size-large wp-image-213393\" src=\"https:\/\/smago.de\/ws2\/wp-content\/uploads\/2023\/11\/AndreasDorau_9991__Credit_So__nke_Held_-800x600.jpg\" alt=\"\" width=\"800\" height=\"600\" srcset=\"https:\/\/smago.de\/ws2\/wp-content\/uploads\/2023\/11\/AndreasDorau_9991__Credit_So__nke_Held_-800x600.jpg 800w, https:\/\/smago.de\/ws2\/wp-content\/uploads\/2023\/11\/AndreasDorau_9991__Credit_So__nke_Held_-522x392.jpg 522w, https:\/\/smago.de\/ws2\/wp-content\/uploads\/2023\/11\/AndreasDorau_9991__Credit_So__nke_Held_-200x150.jpg 200w, https:\/\/smago.de\/ws2\/wp-content\/uploads\/2023\/11\/AndreasDorau_9991__Credit_So__nke_Held_-768x576.jpg 768w, https:\/\/smago.de\/ws2\/wp-content\/uploads\/2023\/11\/AndreasDorau_9991__Credit_So__nke_Held_-1536x1152.jpg 1536w, https:\/\/smago.de\/ws2\/wp-content\/uploads\/2023\/11\/AndreasDorau_9991__Credit_So__nke_Held_-2048x1536.jpg 2048w, https:\/\/smago.de\/ws2\/wp-content\/uploads\/2023\/11\/AndreasDorau_9991__Credit_So__nke_Held_-363x272.jpg 363w, https:\/\/smago.de\/ws2\/wp-content\/uploads\/2023\/11\/AndreasDorau_9991__Credit_So__nke_Held_-130x98.jpg 130w, https:\/\/smago.de\/ws2\/wp-content\/uploads\/2023\/11\/AndreasDorau_9991__Credit_So__nke_Held_-593x445.jpg 593w, https:\/\/smago.de\/ws2\/wp-content\/uploads\/2023\/11\/AndreasDorau_9991__Credit_So__nke_Held_-696x522.jpg 696w, https:\/\/smago.de\/ws2\/wp-content\/uploads\/2023\/11\/AndreasDorau_9991__Credit_So__nke_Held_-253x190.jpg 253w, https:\/\/smago.de\/ws2\/wp-content\/uploads\/2023\/11\/AndreasDorau_9991__Credit_So__nke_Held_-387x290.jpg 387w\" sizes=\"(max-width: 800px) 100vw, 800px\" \/><\/p>\n<\/div>\n","protected":false},"excerpt":{"rendered":"<p>Ein Interview mit Andreas Dorau! Von Sophie Holzinger!<\/p>\n","protected":false},"author":2,"featured_media":213393,"comment_status":"open","ping_status":"closed","sticky":false,"template":"","format":"standard","meta":{"_FSMCFIC_featured_image_caption":"","_FSMCFIC_featured_image_nocaption":"","_FSMCFIC_featured_image_hide":""},"categories":[22,39],"tags":[178],"acf":[],"_links":{"self":[{"href":"https:\/\/smago.de\/ws2\/wp-json\/wp\/v2\/posts\/213389"}],"collection":[{"href":"https:\/\/smago.de\/ws2\/wp-json\/wp\/v2\/posts"}],"about":[{"href":"https:\/\/smago.de\/ws2\/wp-json\/wp\/v2\/types\/post"}],"author":[{"embeddable":true,"href":"https:\/\/smago.de\/ws2\/wp-json\/wp\/v2\/users\/2"}],"replies":[{"embeddable":true,"href":"https:\/\/smago.de\/ws2\/wp-json\/wp\/v2\/comments?post=213389"}],"version-history":[{"count":7,"href":"https:\/\/smago.de\/ws2\/wp-json\/wp\/v2\/posts\/213389\/revisions"}],"predecessor-version":[{"id":214048,"href":"https:\/\/smago.de\/ws2\/wp-json\/wp\/v2\/posts\/213389\/revisions\/214048"}],"wp:featuredmedia":[{"embeddable":true,"href":"https:\/\/smago.de\/ws2\/wp-json\/wp\/v2\/media\/213393"}],"wp:attachment":[{"href":"https:\/\/smago.de\/ws2\/wp-json\/wp\/v2\/media?parent=213389"}],"wp:term":[{"taxonomy":"category","embeddable":true,"href":"https:\/\/smago.de\/ws2\/wp-json\/wp\/v2\/categories?post=213389"},{"taxonomy":"post_tag","embeddable":true,"href":"https:\/\/smago.de\/ws2\/wp-json\/wp\/v2\/tags?post=213389"}],"curies":[{"name":"wp","href":"https:\/\/api.w.org\/{rel}","templated":true}]}}