{"id":213366,"date":"2023-11-11T23:59:14","date_gmt":"2023-11-11T22:59:14","guid":{"rendered":"https:\/\/smago.de\/ws2\/?p=213366"},"modified":"2023-11-11T11:56:33","modified_gmt":"2023-11-11T10:56:33","slug":"loriot-so-12-11-2023-ndr-fernsehen-loriot-zum-65-geburtstag","status":"publish","type":"post","link":"https:\/\/smago.de\/ws2\/comedy\/loriot-so-12-11-2023-ndr-fernsehen-loriot-zum-65-geburtstag\/","title":{"rendered":"LORIOT <br>So., 12.11.2023, NDR Fernsehen: &#8222;Loriot zum 65. Geburtstag&#8220;!"},"content":{"rendered":"<p>22:10 Uhr &#8211; 23:10 Uhr!<br \/>\n<!--more--><\/p>\n<p>&nbsp;<\/p>\n<p>&nbsp;<\/p>\n<p>&nbsp;<\/p>\n<p style=\"text-align: justify;\">LORIOT, Cartoonist und Fernsehhumorist par excellence, feierte am 12. November 1988 den 65. Geburtstag. Ein Alter, in dem man normalerweise in den Ruhestand tritt. Nicht so Loriot: ob als Filmstar oder Opernregisseur, er macht immer von sich reden.<\/p>\n<p style=\"text-align: justify;\">Und nat\u00fcrlich durfte das Fernsehen nicht fehlen. F\u00fcr eine Woche kehrte Loriot damals in das Bremer Studio zur\u00fcck, um zusammen mit Evelyn Hamann das ber\u00fchmte Sofa zu dr\u00fccken und dar\u00fcber hinaus in die verschiedensten Rollen zu schl\u00fcpfen.<\/p>\n<p style=\"text-align: justify;\">Auch an einem halbrunden Geburtstag denkt man gern zur\u00fcck und freut sich \u00fcber den Besuch alter Bekannter. Nat\u00fcrlich muss der Rentner Lindemann dabei sein, ebenso wie der Horrordarsteller Vic Dorn oder die Familie Hoppenstedt mit der jodelnden Mutter. Und wer sich schon auf die zwei Herren in der Badewanne freut, wird bestimmt nicht entt\u00e4uscht.<\/p>\n<p>&nbsp;<\/p>\n<p>&nbsp;<\/p>\n<figure id=\"attachment_213367\" aria-describedby=\"caption-attachment-213367\" style=\"width: 522px\" class=\"wp-caption alignnone\"><img decoding=\"async\" loading=\"lazy\" class=\"size-medium wp-image-213367\" src=\"https:\/\/smago.de\/ws2\/wp-content\/uploads\/2023\/11\/1_Loriot_Sofa_2015-522x348.jpg\" alt=\"\" width=\"522\" height=\"348\" srcset=\"https:\/\/smago.de\/ws2\/wp-content\/uploads\/2023\/11\/1_Loriot_Sofa_2015-522x348.jpg 522w, https:\/\/smago.de\/ws2\/wp-content\/uploads\/2023\/11\/1_Loriot_Sofa_2015-800x534.jpg 800w, https:\/\/smago.de\/ws2\/wp-content\/uploads\/2023\/11\/1_Loriot_Sofa_2015-225x150.jpg 225w, https:\/\/smago.de\/ws2\/wp-content\/uploads\/2023\/11\/1_Loriot_Sofa_2015-768x512.jpg 768w, https:\/\/smago.de\/ws2\/wp-content\/uploads\/2023\/11\/1_Loriot_Sofa_2015-1536x1024.jpg 1536w, https:\/\/smago.de\/ws2\/wp-content\/uploads\/2023\/11\/1_Loriot_Sofa_2015-2048x1366.jpg 2048w, https:\/\/smago.de\/ws2\/wp-content\/uploads\/2023\/11\/1_Loriot_Sofa_2015-392x261.jpg 392w, https:\/\/smago.de\/ws2\/wp-content\/uploads\/2023\/11\/1_Loriot_Sofa_2015-130x87.jpg 130w, https:\/\/smago.de\/ws2\/wp-content\/uploads\/2023\/11\/1_Loriot_Sofa_2015-667x445.jpg 667w, https:\/\/smago.de\/ws2\/wp-content\/uploads\/2023\/11\/1_Loriot_Sofa_2015-783x522.jpg 783w, https:\/\/smago.de\/ws2\/wp-content\/uploads\/2023\/11\/1_Loriot_Sofa_2015-285x190.jpg 285w, https:\/\/smago.de\/ws2\/wp-content\/uploads\/2023\/11\/1_Loriot_Sofa_2015-435x290.jpg 435w, https:\/\/smago.de\/ws2\/wp-content\/uploads\/2023\/11\/1_Loriot_Sofa_2015-150x100.jpg 150w, https:\/\/smago.de\/ws2\/wp-content\/uploads\/2023\/11\/1_Loriot_Sofa_2015-370x247.jpg 370w\" sizes=\"(max-width: 522px) 100vw, 522px\" \/><figcaption id=\"caption-attachment-213367\" class=\"wp-caption-text\"><em>Loriot-Sofa aus Bronze vor dem Funkhaus von Radio Bremen. Eine Bronze-Replik eines ber\u00fchmten gr\u00fcnen Biedermeier-Sofas (Loriot-Sofa) inklusive des obligatorischen Mopses erinnert vor dem Funkhaus an die erfolgreiche Zusammenarbeit von Vicco von B\u00fclow bzw. Loriot und Radio Bremen.<\/em><\/p>\n<p><em>\u00a9 Radio Bremen \/ Martin von Minden<\/em><\/figcaption><\/figure>\n","protected":false},"excerpt":{"rendered":"<p>22:10 Uhr &#8211; 23:10 Uhr!<\/p>\n","protected":false},"author":2,"featured_media":213367,"comment_status":"open","ping_status":"closed","sticky":false,"template":"","format":"standard","meta":{"_FSMCFIC_featured_image_caption":"","_FSMCFIC_featured_image_nocaption":"","_FSMCFIC_featured_image_hide":""},"categories":[3,39],"tags":[810],"acf":[],"_links":{"self":[{"href":"https:\/\/smago.de\/ws2\/wp-json\/wp\/v2\/posts\/213366"}],"collection":[{"href":"https:\/\/smago.de\/ws2\/wp-json\/wp\/v2\/posts"}],"about":[{"href":"https:\/\/smago.de\/ws2\/wp-json\/wp\/v2\/types\/post"}],"author":[{"embeddable":true,"href":"https:\/\/smago.de\/ws2\/wp-json\/wp\/v2\/users\/2"}],"replies":[{"embeddable":true,"href":"https:\/\/smago.de\/ws2\/wp-json\/wp\/v2\/comments?post=213366"}],"version-history":[{"count":2,"href":"https:\/\/smago.de\/ws2\/wp-json\/wp\/v2\/posts\/213366\/revisions"}],"predecessor-version":[{"id":213369,"href":"https:\/\/smago.de\/ws2\/wp-json\/wp\/v2\/posts\/213366\/revisions\/213369"}],"wp:featuredmedia":[{"embeddable":true,"href":"https:\/\/smago.de\/ws2\/wp-json\/wp\/v2\/media\/213367"}],"wp:attachment":[{"href":"https:\/\/smago.de\/ws2\/wp-json\/wp\/v2\/media?parent=213366"}],"wp:term":[{"taxonomy":"category","embeddable":true,"href":"https:\/\/smago.de\/ws2\/wp-json\/wp\/v2\/categories?post=213366"},{"taxonomy":"post_tag","embeddable":true,"href":"https:\/\/smago.de\/ws2\/wp-json\/wp\/v2\/tags?post=213366"}],"curies":[{"name":"wp","href":"https:\/\/api.w.org\/{rel}","templated":true}]}}