{"id":213362,"date":"2023-11-11T23:59:00","date_gmt":"2023-11-11T22:59:00","guid":{"rendered":"https:\/\/smago.de\/ws2\/?p=213362"},"modified":"2023-11-11T11:48:55","modified_gmt":"2023-11-11T10:48:55","slug":"loriot-so-12-11-2023-ndr-fernsehen-loriot-der-70-geburtstag","status":"publish","type":"post","link":"https:\/\/smago.de\/ws2\/comedy\/loriot-so-12-11-2023-ndr-fernsehen-loriot-der-70-geburtstag\/","title":{"rendered":"LORIOT <br>So., 12.11.2023, NDR Fernsehen: &#8222;Loriot&#8220; \u2013 &#8222;Der 70. Geburtstag&#8220;!"},"content":{"rendered":"<p>21:45 Uhr &#8211; 22:10 Uhr!<br \/>\n<!--more--><\/p>\n<p>&nbsp;<\/p>\n<p>&nbsp;<\/p>\n<p>&nbsp;<\/p>\n<p style=\"text-align: justify;\">Die runden Geburtstage haben es in sich, vor allem, wenn man prominent und erfolgreich ist. Und als 70-J\u00e4hriger hat man nicht unbedingt mehr Freude daran, eine ganze Nacht durchzumachen. So kann man LORIOT verstehen, dass er in dem Hotel, in dem ihm zu Ehren gefeiert wird, auf sein Zimmer flieht, um ein bisschen Ruhe zu haben.<\/p>\n<p style=\"text-align: justify;\">Aber f\u00fcr St\u00f6rungen ist gesorgt: Ein aufdringlicher Etagenkellner (ebenfalls von Loriot gespielt), ein betrunkener Freund, eine Jugendliebe und schlie\u00dflich sogar die Polizei lassen es nicht zu, dass der Jubilar zur Besinnung kommt. Bis dann um Mitternacht das Feuerwerk gez\u00fcndet wird als Auftakt f\u00fcr den Tanz in den Morgen.<\/p>\n<p>&nbsp;<\/p>\n<p>&nbsp;<\/p>\n<div class=\"mceTemp\" style=\"text-align: justify;\"><\/div>\n<figure id=\"attachment_213363\" aria-describedby=\"caption-attachment-213363\" style=\"width: 522px\" class=\"wp-caption alignnone\"><img decoding=\"async\" loading=\"lazy\" class=\"size-medium wp-image-213363\" src=\"https:\/\/smago.de\/ws2\/wp-content\/uploads\/2023\/11\/22_70_Jahre_ARD-522x345.jpg\" alt=\"\" width=\"522\" height=\"345\" srcset=\"https:\/\/smago.de\/ws2\/wp-content\/uploads\/2023\/11\/22_70_Jahre_ARD-522x345.jpg 522w, https:\/\/smago.de\/ws2\/wp-content\/uploads\/2023\/11\/22_70_Jahre_ARD-800x528.jpg 800w, https:\/\/smago.de\/ws2\/wp-content\/uploads\/2023\/11\/22_70_Jahre_ARD-227x150.jpg 227w, https:\/\/smago.de\/ws2\/wp-content\/uploads\/2023\/11\/22_70_Jahre_ARD-768x507.jpg 768w, https:\/\/smago.de\/ws2\/wp-content\/uploads\/2023\/11\/22_70_Jahre_ARD-1536x1014.jpg 1536w, https:\/\/smago.de\/ws2\/wp-content\/uploads\/2023\/11\/22_70_Jahre_ARD-2048x1352.jpg 2048w, https:\/\/smago.de\/ws2\/wp-content\/uploads\/2023\/11\/22_70_Jahre_ARD-392x259.jpg 392w, https:\/\/smago.de\/ws2\/wp-content\/uploads\/2023\/11\/22_70_Jahre_ARD-130x86.jpg 130w, https:\/\/smago.de\/ws2\/wp-content\/uploads\/2023\/11\/22_70_Jahre_ARD-674x445.jpg 674w, https:\/\/smago.de\/ws2\/wp-content\/uploads\/2023\/11\/22_70_Jahre_ARD-791x522.jpg 791w, https:\/\/smago.de\/ws2\/wp-content\/uploads\/2023\/11\/22_70_Jahre_ARD-288x190.jpg 288w, https:\/\/smago.de\/ws2\/wp-content\/uploads\/2023\/11\/22_70_Jahre_ARD-435x287.jpg 435w, https:\/\/smago.de\/ws2\/wp-content\/uploads\/2023\/11\/22_70_Jahre_ARD-150x100.jpg 150w\" sizes=\"(max-width: 522px) 100vw, 522px\" \/><figcaption id=\"caption-attachment-213363\" class=\"wp-caption-text\"><em><strong>WDR K\u00f6ln, 05.06.2020:<\/strong> Am 9. Juni 1950 \u2013 vor genau 70 Jahren \u2013 haben sich sechs Radiosender zusammengetan, um eine Arbeitsgemeinschaft zu gr\u00fcnden. Es war die Geburtsstunde der ARD. Sechs unabh\u00e4ngige Sender, darunter der Nordwestdeutsche, der Bayerische und der Hessische Rundfunk, legten den Grundstein f\u00fcr gemeinsame Programme und Sendungen.<\/em><\/p>\n<p><em>Loriot auf dem Biedemeiersofa, der Aristokrat unter Deutschlands Humoristen. Aber trotz seiner ironisch distanzierten Haltung versteht es Loriot wie kein anderer, Komik und Absurdit\u00e4t des b\u00fcrgerlichen und kleinb\u00fcrgerlichen Alltags zu zeigen.<\/em><\/p>\n<p><em>\u00a9 Radio Bremen<\/em><\/figcaption><\/figure>\n","protected":false},"excerpt":{"rendered":"<p>21:45 Uhr &#8211; 22:10 Uhr!<\/p>\n","protected":false},"author":2,"featured_media":213363,"comment_status":"open","ping_status":"closed","sticky":false,"template":"","format":"standard","meta":{"_FSMCFIC_featured_image_caption":"","_FSMCFIC_featured_image_nocaption":"","_FSMCFIC_featured_image_hide":""},"categories":[3,128],"tags":[810],"acf":[],"_links":{"self":[{"href":"https:\/\/smago.de\/ws2\/wp-json\/wp\/v2\/posts\/213362"}],"collection":[{"href":"https:\/\/smago.de\/ws2\/wp-json\/wp\/v2\/posts"}],"about":[{"href":"https:\/\/smago.de\/ws2\/wp-json\/wp\/v2\/types\/post"}],"author":[{"embeddable":true,"href":"https:\/\/smago.de\/ws2\/wp-json\/wp\/v2\/users\/2"}],"replies":[{"embeddable":true,"href":"https:\/\/smago.de\/ws2\/wp-json\/wp\/v2\/comments?post=213362"}],"version-history":[{"count":2,"href":"https:\/\/smago.de\/ws2\/wp-json\/wp\/v2\/posts\/213362\/revisions"}],"predecessor-version":[{"id":213365,"href":"https:\/\/smago.de\/ws2\/wp-json\/wp\/v2\/posts\/213362\/revisions\/213365"}],"wp:featuredmedia":[{"embeddable":true,"href":"https:\/\/smago.de\/ws2\/wp-json\/wp\/v2\/media\/213363"}],"wp:attachment":[{"href":"https:\/\/smago.de\/ws2\/wp-json\/wp\/v2\/media?parent=213362"}],"wp:term":[{"taxonomy":"category","embeddable":true,"href":"https:\/\/smago.de\/ws2\/wp-json\/wp\/v2\/categories?post=213362"},{"taxonomy":"post_tag","embeddable":true,"href":"https:\/\/smago.de\/ws2\/wp-json\/wp\/v2\/tags?post=213362"}],"curies":[{"name":"wp","href":"https:\/\/api.w.org\/{rel}","templated":true}]}}