{"id":212833,"date":"2023-11-03T13:50:24","date_gmt":"2023-11-03T12:50:24","guid":{"rendered":"https:\/\/smago.de\/ws2\/?p=212833"},"modified":"2023-11-03T13:50:24","modified_gmt":"2023-11-03T12:50:24","slug":"francine-jordi-josh-u-a-heute-03-11-2023-orf-1-hier-spielt-die-musik","status":"publish","type":"post","link":"https:\/\/smago.de\/ws2\/pop\/francine-jordi-josh-u-a-heute-03-11-2023-orf-1-hier-spielt-die-musik\/","title":{"rendered":"FRANCINE JORDI, JOSH. u.a. <br>Heute (03.11.2023), ORF 1: &#8222;Hier spielt die Musik&#8220;!"},"content":{"rendered":"<p>20:15 Uhr &#8211; 21:30 Uhr (Wh. in der Nacht auf 04.11., 01:05 Uhr &#8211; 02:20 Uhr)! Moderation: Katharina Stra\u00dfer und Lukas Schweighofer!<br \/>\n<!--more--><\/p>\n<p>&nbsp;<\/p>\n<p style=\"text-align: justify;\">\n<p style=\"text-align: justify;\">Erkennen Sie Ihr Lieblingslied beim dritten Ton, singen Sie zumindest unter der Dusche so gut wie Whitney Houston und wissen Sie, wie die Textzeile des Austropop-Klassikers &#8222;Darauf gib&#8216; I dir mei Wort, wieviel Jahr&#8216; a noch vergeh&#8217;n\u2026&#8220; weitergeht?<\/p>\n<p>Prominente und Talente stellen bei Katharina Stra\u00dfer und Lukas Schweighofer ihr musikalisches Wissen und K\u00f6nnen unter Beweis. Drei Teams treten gegeneinander an. Sie m\u00fcssen bekannte Songs oder Interpreten verschiedenster Genres erraten, Fragen in Zusammenhang mit Musikst\u00fccken oder Bands beantworten und mit k\u00f6rperlichem Einsatz in Aktionsrunden den richtigen Ton treffen. Unterst\u00fctzt werden die Teams, in denen jeweils ein*e Prominente*r gemeinsam mit einem musikalischen Nachwuchstalent spielt, von ihren Fanblocks. Mit diesen Ch\u00f6ren im R\u00fccken wird jede Karaoke Challenge zur stimmgewaltigen Fankurve!<\/p>\n<p>Ihr musikalisches K\u00f6nnen muss aber auch Moderatorin Katharina Stra\u00dfer selbst unter Beweis stellen: Gemeinsam mit einer Live-Band \u00fcbernimmt die ausgebildete S\u00e4ngerin die Gesangseinlagen in der Show.<\/p>\n<p style=\"text-align: justify;\">\n<p style=\"text-align: justify;\">\n<p>&nbsp;<\/p>\n<p>***<\/p>\n<p>&nbsp;<\/p>\n<p>&nbsp;<\/p>\n<p style=\"text-align: justify;\">Singen und Spielen, Raten und Wissen, Ertasten und Quizzen! Ab 3. November 2023 sind Prominente und musikalische Talente freitags in der ORF-1-Hauptabendshow \u201eHier spielt die Musik\u201c mit vollem K\u00f6rpereinsatz dabei. In jeder Show treten drei Zweiterteams bei Katharina Stra\u00dfer und Lukas Schweighofer gegeneinander an und stellen ihr musikalisches Wissen und K\u00f6nnen unter Beweis. Sie erraten Songs und Interpreten verschiedenster Genres, beantworten Fragen zu Liedern und Bands und treffen mit sportlichem Einsatz in Aktionsrunden den richtigen Ton. Unterst\u00fctzt werden sie von ihren jeweiligen Fanbl\u00f6cken, mit deren Hilfe aus jeder Karaoke-Challenge eine stimmgewaltige Fankurve entsteht.<\/p>\n<p style=\"text-align: justify;\">\n<p style=\"text-align: justify;\"><strong>ORF-Programmdirektorin Stefanie Groiss-Horowitz:<\/strong> \u201eORF 1 ist DER Sender f\u00fcr frische \u00f6sterreichische Unterhaltung und mit ,Hier spielt die Musik\u2018 erweitern wir unser Angebot im Freitag Hauptabend um ein neues eigenentwickeltes Gute-Laune-Format. Die Show weckt durch Musik Emotionen und Erinnerungen, sie l\u00e4dt das Publikum zum Mitraten und Mitsingen ein \u2013 sie ist Family-Entertainment vom Feinsten und genau das brauchen wir doch alle in Zeiten wie diesen. Ich danke dem gesamten Team, allen voran Katharina Stra\u00dfer und Lukas Schweighofer. Sie sind mit ihrer Freude, ihrem Witz und ihrer Lockerheit f\u00fcr mich ein neues Traumpaar der TV-Unterhaltung.\u201c<\/p>\n<p style=\"text-align: justify;\">\n<p>&nbsp;<\/p>\n<p style=\"text-align: justify;\"><strong>Katharina Stra\u00dfer:<\/strong> \u201eIch habe f\u00fcr diese Show 96 Songs in k\u00fcrzester Zeit gelernt, teilweise auch noch sehr miteinander vermischt und das war eine gro\u00dfe Herausforderung, von der ich stolz bin, sie so gut gemeistert zu haben!\u201c<\/p>\n<p style=\"text-align: justify;\">\n<p>&nbsp;<\/p>\n<p style=\"text-align: justify;\"><strong>Lukas Schweighofer:<\/strong> \u201eDas Coolste ist, wie schnell Publikum und Kandidaten im Feier-, Sing- und Spielmodus sind. Das hilft beim Moderieren sehr, wenn man sieht, dass die Freude an der Sendung auch auf die Zuschauer:innen und Teams \u00fcberspringt!\u201c<\/p>\n<p style=\"text-align: justify;\">\n<p style=\"text-align: justify;\">\n<p style=\"text-align: justify;\">\n<p style=\"text-align: justify;\">\n<p style=\"text-align: justify;\">\n<p style=\"text-align: justify;\"><strong>Zwei Hosts, vier Shows und zw\u00f6lf Teams<\/strong><\/p>\n<p style=\"text-align: justify;\">\n<p style=\"text-align: justify;\">\n<p style=\"text-align: justify;\">In jeder der vier Shows treten drei Zweierteams \u2013 bestehend aus einem Promi und einem musikalischen Talent \u2013 gegeneinander an. Katharina Stra\u00dfer und Lukas Schweighofer begr\u00fc\u00dfen in der ersten Sendung (3. November) Josh. und die 31-j\u00e4hrige Nieder\u00f6sterreicherin Marlene Wilfing, Francine Jordi und den 28-j\u00e4hrigen Tiroler Daniel Fink sowie Andi Knoll und die 28-j\u00e4hrige Nieder\u00f6sterreicherin Nastja Isabella Zahour. Die Teams der zweiten Sendung (10. November) sind Fiva und der 38-j\u00e4hrige Nieder\u00f6sterreicher Mario Schenkermayr, Semino Rossi und die 25-j\u00e4hrige Wienerin Stella Kranner sowie Nadja Maleh und der 25-j\u00e4hrige Tiroler Marco Spiegl. In der dritten Sendung (17. November) treten Thorsteinn Einarsson und die 28-j\u00e4hrige K\u00e4rntnerin Sarah Zippusch, Missy May und der 28-j\u00e4hrige Ober\u00f6sterreicher Thomas Casata sowie Tobias P\u00f6tzelsberger und die 33-j\u00e4hrige Wienerin Mel Verez gegeneinander an. In der vierten Sendung (24. November) spielen Mark Seibert und die 25-j\u00e4hrige K\u00e4rntnerin Julia Maria Ebner, Michaela Kirchgasser und der 27-j\u00e4hrige Steirer Fred Owusu sowie Paulus von Dr. Bohl und die 24-j\u00e4hrige Wienerin Anna Tropper-Lener um den Sieg.<\/p>\n<p style=\"text-align: justify;\">\n<p style=\"text-align: justify;\">\n<p style=\"text-align: justify;\">\n<p style=\"text-align: justify;\">\n<p style=\"text-align: justify;\">\n<p style=\"text-align: justify;\"><strong>Raten, singen, spielen \u2013 voller K\u00f6rpereinsatz bei den Spielen!<\/strong><\/p>\n<p style=\"text-align: justify;\">\n<p style=\"text-align: justify;\">\n<p style=\"text-align: justify;\">Die Kandidatinnen und Kandidaten stellen sich so mancher Herausforderung \u2013 aber welches Team holt sich den Sieg: Wer brilliert beim \u201eWissensquiz\u201c? Welches Team err\u00e4t beim \u201eHitstop\u201c die Titel der angespielten Songs am schnellsten? Wer kann seine Textsicherheit beim \u201eWeitersingen\u201c unter Beweis stellen und au\u00dferdem Textteile in der richtigen Reihenfolge schneller erbuzzern? Wer erkennt Songtitel anhand von Icons und wer Lieder, die in ein ganz anderes Genre verlegt wurden? Welcher Promi err\u00e4t beim \u201eEin-Wort-Song\u201c Lieder, die nicht mit dem Originaltext, sondern nur mit einem vorgegebenen Wort vorgesungen werden? Welches Team err\u00e4t in \u201eDingsda\u201c anhand von Fotobeschreibungen von Volksschulkindern, welche ber\u00fchmten Bands bzw. S\u00e4ngerinnen und S\u00e4nger gesucht sind? Wer ertastet die Gegenst\u00e4nde, die zum gesuchten Songtitel f\u00fchren und erkennt in der \u201eText\/Lied-Schere\u201c beide miteinander vermischten Songs \u2013 also Melodie und Text? Und welches Team siegt beim \u201eFinalspiel\u201c mit Hilfe seines jeweiligen Publikumsblocks im Studio?<\/p>\n<p style=\"text-align: justify;\">\n<p style=\"text-align: justify;\">\n<p style=\"text-align: justify;\">\n<p style=\"text-align: justify;\">Das musikalische Talent des Siegerteams gewinnt ein \u201eGolden Ticket\u201c: Konzerttickets f\u00fcr ein ganzes Jahr im Wert von 1.500 Euro. Au\u00dferdem k\u00f6nnen sich die beiden anderen Talente \u00fcber Yamaha-Keyboards freuen und jede bzw. jeder im siegreichen Fanblock \u00fcber JBL-Bluetooth-Boxen.<\/p>\n<p style=\"text-align: justify;\">\n<p style=\"text-align: justify;\">\n<p style=\"text-align: justify;\"><em>\u201eHier spielt die Musik\u201c ist in Zusammenarbeit von ORF und Gebhardt Productions entstanden und freitags am 03.11, 10.11, 17.11. und 24.11.2023 um 20.15 Uhr in ORF 1 zu sehen.<\/em><\/p>\n<p>&nbsp;<\/p>\n<p>&nbsp;<\/p>\n<p>&nbsp;<\/p>\n<figure id=\"attachment_212835\" aria-describedby=\"caption-attachment-212835\" style=\"width: 2560px\" class=\"wp-caption alignnone\"><img decoding=\"async\" loading=\"lazy\" class=\"size-full wp-image-212835\" src=\"https:\/\/smago.de\/ws2\/wp-content\/uploads\/2023\/11\/orf_andy-tichler_20231103134648-scaled.jpg\" alt=\"\" width=\"2560\" height=\"1707\" srcset=\"https:\/\/smago.de\/ws2\/wp-content\/uploads\/2023\/11\/orf_andy-tichler_20231103134648-scaled.jpg 2560w, https:\/\/smago.de\/ws2\/wp-content\/uploads\/2023\/11\/orf_andy-tichler_20231103134648-522x348.jpg 522w, https:\/\/smago.de\/ws2\/wp-content\/uploads\/2023\/11\/orf_andy-tichler_20231103134648-800x533.jpg 800w, https:\/\/smago.de\/ws2\/wp-content\/uploads\/2023\/11\/orf_andy-tichler_20231103134648-225x150.jpg 225w, https:\/\/smago.de\/ws2\/wp-content\/uploads\/2023\/11\/orf_andy-tichler_20231103134648-768x512.jpg 768w, https:\/\/smago.de\/ws2\/wp-content\/uploads\/2023\/11\/orf_andy-tichler_20231103134648-1536x1024.jpg 1536w, https:\/\/smago.de\/ws2\/wp-content\/uploads\/2023\/11\/orf_andy-tichler_20231103134648-2048x1365.jpg 2048w, https:\/\/smago.de\/ws2\/wp-content\/uploads\/2023\/11\/orf_andy-tichler_20231103134648-392x261.jpg 392w, https:\/\/smago.de\/ws2\/wp-content\/uploads\/2023\/11\/orf_andy-tichler_20231103134648-130x87.jpg 130w, https:\/\/smago.de\/ws2\/wp-content\/uploads\/2023\/11\/orf_andy-tichler_20231103134648-667x445.jpg 667w, https:\/\/smago.de\/ws2\/wp-content\/uploads\/2023\/11\/orf_andy-tichler_20231103134648-783x522.jpg 783w, https:\/\/smago.de\/ws2\/wp-content\/uploads\/2023\/11\/orf_andy-tichler_20231103134648-285x190.jpg 285w, https:\/\/smago.de\/ws2\/wp-content\/uploads\/2023\/11\/orf_andy-tichler_20231103134648-435x290.jpg 435w, https:\/\/smago.de\/ws2\/wp-content\/uploads\/2023\/11\/orf_andy-tichler_20231103134648-150x100.jpg 150w, https:\/\/smago.de\/ws2\/wp-content\/uploads\/2023\/11\/orf_andy-tichler_20231103134648-370x247.jpg 370w\" sizes=\"(max-width: 2560px) 100vw, 2560px\" \/><figcaption id=\"caption-attachment-212835\" class=\"wp-caption-text\"><em>Daniel Fink und Francine Jordi<\/em><\/p>\n<p><em>Foto-Credit: ORF \/ Hans Leitner<\/em><\/figcaption><\/figure>\n<p>&nbsp;<\/p>\n<p>&nbsp;<\/p>\n<p>&nbsp;<\/p>\n<figure id=\"attachment_212834\" aria-describedby=\"caption-attachment-212834\" style=\"width: 2560px\" class=\"wp-caption alignnone\"><img decoding=\"async\" loading=\"lazy\" class=\"size-full wp-image-212834\" src=\"https:\/\/smago.de\/ws2\/wp-content\/uploads\/2023\/11\/orf_andy-tichler_20231103134639-scaled.jpg\" alt=\"\" width=\"2560\" height=\"1707\" srcset=\"https:\/\/smago.de\/ws2\/wp-content\/uploads\/2023\/11\/orf_andy-tichler_20231103134639-scaled.jpg 2560w, https:\/\/smago.de\/ws2\/wp-content\/uploads\/2023\/11\/orf_andy-tichler_20231103134639-522x348.jpg 522w, https:\/\/smago.de\/ws2\/wp-content\/uploads\/2023\/11\/orf_andy-tichler_20231103134639-800x533.jpg 800w, https:\/\/smago.de\/ws2\/wp-content\/uploads\/2023\/11\/orf_andy-tichler_20231103134639-225x150.jpg 225w, https:\/\/smago.de\/ws2\/wp-content\/uploads\/2023\/11\/orf_andy-tichler_20231103134639-768x512.jpg 768w, https:\/\/smago.de\/ws2\/wp-content\/uploads\/2023\/11\/orf_andy-tichler_20231103134639-1536x1024.jpg 1536w, https:\/\/smago.de\/ws2\/wp-content\/uploads\/2023\/11\/orf_andy-tichler_20231103134639-2048x1366.jpg 2048w, https:\/\/smago.de\/ws2\/wp-content\/uploads\/2023\/11\/orf_andy-tichler_20231103134639-392x261.jpg 392w, https:\/\/smago.de\/ws2\/wp-content\/uploads\/2023\/11\/orf_andy-tichler_20231103134639-130x87.jpg 130w, https:\/\/smago.de\/ws2\/wp-content\/uploads\/2023\/11\/orf_andy-tichler_20231103134639-667x445.jpg 667w, https:\/\/smago.de\/ws2\/wp-content\/uploads\/2023\/11\/orf_andy-tichler_20231103134639-783x522.jpg 783w, https:\/\/smago.de\/ws2\/wp-content\/uploads\/2023\/11\/orf_andy-tichler_20231103134639-285x190.jpg 285w, https:\/\/smago.de\/ws2\/wp-content\/uploads\/2023\/11\/orf_andy-tichler_20231103134639-435x290.jpg 435w, https:\/\/smago.de\/ws2\/wp-content\/uploads\/2023\/11\/orf_andy-tichler_20231103134639-150x100.jpg 150w, https:\/\/smago.de\/ws2\/wp-content\/uploads\/2023\/11\/orf_andy-tichler_20231103134639-370x247.jpg 370w\" sizes=\"(max-width: 2560px) 100vw, 2560px\" \/><figcaption id=\"caption-attachment-212834\" class=\"wp-caption-text\"><em>Das Foto zeigt v.l.n.r.: Marlene Wilfing, Josh., Lukas Schweighofer, Katharina Stra\u00dfer Daniel Fink, Francine Jordi, Nastya Isabella Zahour, Andi Knoll<\/em><\/p>\n<p><em>Foto-Credit: ORF \/ Hans Leitner<\/em><\/figcaption><\/figure>\n","protected":false},"excerpt":{"rendered":"<p>20:15 Uhr &#8211; 21:30 Uhr (Wh. in der Nacht auf 04.11., 01:05 Uhr &#8211; 02:20 Uhr)! Moderation: Katharina Stra\u00dfer und<\/p>\n","protected":false},"author":2,"featured_media":212834,"comment_status":"open","ping_status":"closed","sticky":false,"template":"","format":"standard","meta":{"_FSMCFIC_featured_image_caption":"","_FSMCFIC_featured_image_nocaption":"","_FSMCFIC_featured_image_hide":""},"categories":[27,28,128],"tags":[3423,202],"acf":[],"_links":{"self":[{"href":"https:\/\/smago.de\/ws2\/wp-json\/wp\/v2\/posts\/212833"}],"collection":[{"href":"https:\/\/smago.de\/ws2\/wp-json\/wp\/v2\/posts"}],"about":[{"href":"https:\/\/smago.de\/ws2\/wp-json\/wp\/v2\/types\/post"}],"author":[{"embeddable":true,"href":"https:\/\/smago.de\/ws2\/wp-json\/wp\/v2\/users\/2"}],"replies":[{"embeddable":true,"href":"https:\/\/smago.de\/ws2\/wp-json\/wp\/v2\/comments?post=212833"}],"version-history":[{"count":1,"href":"https:\/\/smago.de\/ws2\/wp-json\/wp\/v2\/posts\/212833\/revisions"}],"predecessor-version":[{"id":212836,"href":"https:\/\/smago.de\/ws2\/wp-json\/wp\/v2\/posts\/212833\/revisions\/212836"}],"wp:featuredmedia":[{"embeddable":true,"href":"https:\/\/smago.de\/ws2\/wp-json\/wp\/v2\/media\/212834"}],"wp:attachment":[{"href":"https:\/\/smago.de\/ws2\/wp-json\/wp\/v2\/media?parent=212833"}],"wp:term":[{"taxonomy":"category","embeddable":true,"href":"https:\/\/smago.de\/ws2\/wp-json\/wp\/v2\/categories?post=212833"},{"taxonomy":"post_tag","embeddable":true,"href":"https:\/\/smago.de\/ws2\/wp-json\/wp\/v2\/tags?post=212833"}],"curies":[{"name":"wp","href":"https:\/\/api.w.org\/{rel}","templated":true}]}}