{"id":212830,"date":"2023-11-03T13:32:30","date_gmt":"2023-11-03T12:32:30","guid":{"rendered":"https:\/\/smago.de\/ws2\/?p=212830"},"modified":"2023-11-03T13:32:30","modified_gmt":"2023-11-03T12:32:30","slug":"smago-informiert-ralf-ludwig-startet-als-neuer-mdr-intendant","status":"publish","type":"post","link":"https:\/\/smago.de\/ws2\/schlager\/smago-informiert-ralf-ludwig-startet-als-neuer-mdr-intendant\/","title":{"rendered":"smago! INFORMIERT <br>Ralf Ludwig startet als neuer MDR-Intendant!"},"content":{"rendered":"<div style=\"text-align: justify;\"><em>\u201eWir wollen auch in Zukunft ein \u201aMDR f\u00fcr alle\u2018 und Vertrauensanker bleiben\u201c<\/em> &#8230;:<br \/>\n<!--more--><\/div>\n<div style=\"text-align: justify;\"><\/div>\n<div style=\"text-align: justify;\"><\/div>\n<div style=\"text-align: justify;\">\n<\/div>\n<div style=\"text-align: justify;\"><\/div>\n<div style=\"text-align: justify;\">Ralf Ludwig ist neuer Intendant des Mitteldeutschen Rundfunks. Heute (03.11.2023) beginnt die sechsj\u00e4hrige Amtszeit des 55-J\u00e4hrigen. Ludwig war bisher Verwaltungsdirektor des MDR. Er wurde im M\u00e4rz 2023 vom MDR-Rundfunkrat gew\u00e4hlt. Ralf Ludwig folgt auf Karola Wille, deren 12-j\u00e4hrige Amtszeit am 31. Oktober 2023 endete.<\/div>\n<div style=\"text-align: justify;\">\n<\/div>\n<div style=\"text-align: justify;\">\n<div class=\"paragraph \">\n<p class=\"text\">Zum Amtsantritt erkl\u00e4rt der neue MDR-Intendant Ralf Ludwig:<em>\u201eIch freue mich sehr auf meine neue Aufgabe. Unsere demokratische Gesellschaft braucht einen starken und unabh\u00e4ngigen \u00f6ffentlich-rechtlichen Rundfunk f\u00fcr eine freie Meinungsbildung. Wir sind f\u00fcr die Menschen da und werden deshalb unseren eingeschlagenen Kurs fortsetzen, mit unseren Angeboten in der digitalen und in der linearen Welt auch in Zukunft ein \u201aMDR f\u00fcr alle\u2018 zu sein. Ich werde mich mit ganzer Kraft gemeinsam mit allen Mitarbeitenden daf\u00fcr einsetzen, dass der MDR als modernes und gemeinwohlorientiertes Medienhaus ein stabiler Vertrauensanker f\u00fcr die Menschen in Mitteldeutschland und dar\u00fcber hinaus bleibt. Uns ist klar, dass wir uns dieses Vertrauen t\u00e4glich neu erarbeiten m\u00fcssen mit vielf\u00e4ltigen und hochwertigen Angeboten und mit gro\u00dfem Verantwortungsbewusstsein in unserem Handeln. Und als Mitglied der ARD-Familie wird der MDR auch weiterhin den begonnenen Reform-Kurs aktiv unterst\u00fctzen und mitgestalten.\u201c<\/em><\/p>\n<\/div>\n<div class=\"paragraph \">\n<p>&nbsp;<\/p>\n<p>&nbsp;<\/p>\n<p class=\"text\">Ludwig bedankt sich au\u00dferdem sehr herzlich bei der ehemaligen Intendantin Karola Wille: <em>\u201eKarola Wille hat den MDR seit 2011 als Intendantin neu aufgestellt und ins digitale Zeitalter gef\u00fchrt. Sie hat den MDR in den vergangenen Jahren mit Leidenschaft, vision\u00e4ren Entscheidungen und Beharrlichkeit zu einem modernen crossmedialen Medienhaus f\u00fcr Sachsen, Sachsen-Anhalt und Th\u00fcringen geformt. Daf\u00fcr geb\u00fchrt Ihr gro\u00dfer Dank und Anerkennung.\u201c<\/em><\/p>\n<\/div>\n<div class=\"paragraph \">\n<p>&nbsp;<\/p>\n<p>&nbsp;<\/p>\n<p class=\"text\">Eine Amtszeit des MDR-Intendanten ist auf sechs Jahre festgelegt. Die bisherigen MDR-Intendanten waren: Udo Reiter (1991-2011) und Karola Wille (2011-2023).<\/p>\n<\/div>\n<\/div>\n<p style=\"text-align: justify;\">\n<p style=\"text-align: justify;\">\n<p style=\"text-align: justify;\">\n<p style=\"text-align: justify;\">\n<p style=\"text-align: justify;\">\n<div style=\"text-align: justify;\">\n<div class=\"paragraph \">\n<p class=\"text\"><strong>Vita\u00a0Ralf Ludwig:<\/strong><\/p>\n<\/div>\n<\/div>\n<p class=\"text\" style=\"text-align: justify;\">\n<p style=\"text-align: justify;\">\n<p style=\"text-align: justify;\">\n<div style=\"text-align: justify;\">\n<div class=\"paragraph \">\n<ul>\n<li>geboren am 16.06.1968 in Borna<\/li>\n<li>verheiratet, eine Tochter<\/li>\n<li>1988 Abitur und zugleich Berufsabschluss als Instandhaltungsmechaniker,\u00a0anschlie\u00dfend T\u00e4tigkeit im erlernten Beruf, Wehr- und Zivildienst<\/li>\n<li>1991 Studium der Wirtschaftswissenschaften, Studiengang Betriebswirtschaftslehre, an der Universit\u00e4t Leipzig, im April 1996 erfolgreicher Studienabschluss als Diplom-Kaufmann<\/li>\n<li>anschlie\u00dfend T\u00e4tigkeit als Pr\u00fcfer bei der Wirtschaftspr\u00fcfungs- und Steuerberatungsgesellschaft WIBERA Leipzig \u2013 Wirtschaftsberatung AG<\/li>\n<li>August 1999 Einstellung beim MDR, zun\u00e4chst als 1. Sachbearbeiter, ab\u00a0Oktober 2000 als Referent im B\u00fcro des Verwaltungsdirektors<\/li>\n<li>seit Januar 2002 Leitung der Hauptabteilung Finanzen; von April 2011\u00a0bis Januar 2012 und seit August 2015 kommissarisch eingesetzter\u00a0Verwaltungsdirektor<\/li>\n<li>2015 Berufung zum Verwaltungsdirektor des MDR<\/li>\n<li>2020 Berufung f\u00fcr eine zweite Amtszeit zum Verwaltungsdirektor des\u00a0MDR<\/li>\n<li>seit Januar 2020 ist der MDR-Verwaltungsdirektor mit der Wahrnehmung der Vertretung der Intendantin betraut<\/li>\n<\/ul>\n<\/div>\n<\/div>\n<p style=\"text-align: justify;\">\n<p>&nbsp;<\/p>\n<p>&nbsp;<\/p>\n<p>&nbsp;<\/p>\n<figure id=\"attachment_212831\" aria-describedby=\"caption-attachment-212831\" style=\"width: 2048px\" class=\"wp-caption alignnone\"><img decoding=\"async\" loading=\"lazy\" class=\"size-full wp-image-212831\" src=\"https:\/\/smago.de\/ws2\/wp-content\/uploads\/2023\/11\/ludwig_ralf_-MDRKirsten-Nijhof.webp\" alt=\"\" width=\"2048\" height=\"768\" srcset=\"https:\/\/smago.de\/ws2\/wp-content\/uploads\/2023\/11\/ludwig_ralf_-MDRKirsten-Nijhof.webp 2048w, https:\/\/smago.de\/ws2\/wp-content\/uploads\/2023\/11\/ludwig_ralf_-MDRKirsten-Nijhof-522x196.webp 522w, https:\/\/smago.de\/ws2\/wp-content\/uploads\/2023\/11\/ludwig_ralf_-MDRKirsten-Nijhof-800x300.webp 800w, https:\/\/smago.de\/ws2\/wp-content\/uploads\/2023\/11\/ludwig_ralf_-MDRKirsten-Nijhof-292x110.webp 292w, https:\/\/smago.de\/ws2\/wp-content\/uploads\/2023\/11\/ludwig_ralf_-MDRKirsten-Nijhof-768x288.webp 768w, https:\/\/smago.de\/ws2\/wp-content\/uploads\/2023\/11\/ludwig_ralf_-MDRKirsten-Nijhof-1536x576.webp 1536w, https:\/\/smago.de\/ws2\/wp-content\/uploads\/2023\/11\/ludwig_ralf_-MDRKirsten-Nijhof-392x147.webp 392w, https:\/\/smago.de\/ws2\/wp-content\/uploads\/2023\/11\/ludwig_ralf_-MDRKirsten-Nijhof-130x49.webp 130w, https:\/\/smago.de\/ws2\/wp-content\/uploads\/2023\/11\/ludwig_ralf_-MDRKirsten-Nijhof-870x326.webp 870w, https:\/\/smago.de\/ws2\/wp-content\/uploads\/2023\/11\/ludwig_ralf_-MDRKirsten-Nijhof-435x163.webp 435w\" sizes=\"(max-width: 2048px) 100vw, 2048px\" \/><figcaption id=\"caption-attachment-212831\" class=\"wp-caption-text\"><em>Foto-Credit: MDR \/ Kirsten Nijhof<\/em><\/figcaption><\/figure>\n","protected":false},"excerpt":{"rendered":"<p>\u201eWir wollen auch in Zukunft ein \u201aMDR f\u00fcr alle\u2018 und Vertrauensanker bleiben\u201c &#8230;:<\/p>\n","protected":false},"author":2,"featured_media":212831,"comment_status":"open","ping_status":"closed","sticky":false,"template":"","format":"standard","meta":{"_FSMCFIC_featured_image_caption":"","_FSMCFIC_featured_image_nocaption":"","_FSMCFIC_featured_image_hide":""},"categories":[29,33,39,128],"tags":[61,3422,60],"acf":[],"_links":{"self":[{"href":"https:\/\/smago.de\/ws2\/wp-json\/wp\/v2\/posts\/212830"}],"collection":[{"href":"https:\/\/smago.de\/ws2\/wp-json\/wp\/v2\/posts"}],"about":[{"href":"https:\/\/smago.de\/ws2\/wp-json\/wp\/v2\/types\/post"}],"author":[{"embeddable":true,"href":"https:\/\/smago.de\/ws2\/wp-json\/wp\/v2\/users\/2"}],"replies":[{"embeddable":true,"href":"https:\/\/smago.de\/ws2\/wp-json\/wp\/v2\/comments?post=212830"}],"version-history":[{"count":1,"href":"https:\/\/smago.de\/ws2\/wp-json\/wp\/v2\/posts\/212830\/revisions"}],"predecessor-version":[{"id":212832,"href":"https:\/\/smago.de\/ws2\/wp-json\/wp\/v2\/posts\/212830\/revisions\/212832"}],"wp:featuredmedia":[{"embeddable":true,"href":"https:\/\/smago.de\/ws2\/wp-json\/wp\/v2\/media\/212831"}],"wp:attachment":[{"href":"https:\/\/smago.de\/ws2\/wp-json\/wp\/v2\/media?parent=212830"}],"wp:term":[{"taxonomy":"category","embeddable":true,"href":"https:\/\/smago.de\/ws2\/wp-json\/wp\/v2\/categories?post=212830"},{"taxonomy":"post_tag","embeddable":true,"href":"https:\/\/smago.de\/ws2\/wp-json\/wp\/v2\/tags?post=212830"}],"curies":[{"name":"wp","href":"https:\/\/api.w.org\/{rel}","templated":true}]}}