{"id":212708,"date":"2023-11-03T00:00:57","date_gmt":"2023-11-02T23:00:57","guid":{"rendered":"https:\/\/smago.de\/ws2\/?p=212708"},"modified":"2023-11-02T13:43:59","modified_gmt":"2023-11-02T12:43:59","slug":"frank-liebe-feat-asia-mae-ich-will-auch-morgen-wieder-lachen-ist-ein-lied-das-die-welt-bewegen-will","status":"publish","type":"post","link":"https:\/\/smago.de\/ws2\/schlager\/frank-liebe-feat-asia-mae-ich-will-auch-morgen-wieder-lachen-ist-ein-lied-das-die-welt-bewegen-will\/","title":{"rendered":"FRANK LIEBE feat. ASIA MAE <br>\u201eIch will auch morgen wieder lachen\u201c ist ein Lied, das die Welt bewegen will!"},"content":{"rendered":"<p style=\"text-align: justify;\">Mit seinem neuen Song fordert FRANK zu einer besseren und sicheren Zukunft f\u00fcr unsere Kinder auf!<br \/>\n<!--more--><\/p>\n<p>&nbsp;<\/p>\n<p>&nbsp;<\/p>\n<p>&nbsp;<\/p>\n<p style=\"text-align: justify;\">Im Zeitalter der st\u00e4ndigen Neuigkeiten, der Unterhaltungsmusik und der Social-Media-Viralit\u00e4t wagen einige K\u00fcnstler, ihre Stimme f\u00fcr etwas Wichtigeres als nur f\u00fcr das n\u00e4chste virale Ph\u00e4nomen zu erheben. Einer von ihnen ist der Berliner S\u00e4nger, Musiker und Dichter FRANK LIEBE.<\/p>\n<p style=\"text-align: justify;\">Nach seinem Erfolg mit \u201eEin Teil von mir bleibt\u201c, einem romantischen Ohrwurm, pr\u00e4sentiert FRANK nun ein Lied mit viel tieferer Bedeutung. Am 03. November ver\u00f6ffentlicht er \u201eIch will auch morgen wieder lachen\u201c, ein Lied, das die Sorgen und \u00c4ngste unserer Kinder in den Mittelpunkt stellt. Mit Zeilen wie \u201eWei\u00dft du, was ich will: Eine Welt ohne M\u00fcll wie ein Berg so hoch\u201c und \u201eIch will auch morgen wieder lachen \u2013 du sollst auch morgen sorglos spielen!\u201c fordert das Lied zu einer besseren und sicheren Zukunft f\u00fcr unsere Kinder auf.<\/p>\n<p style=\"text-align: justify;\">Besonders bemerkenswert an diesem Projekt ist, dass FRANK LIEBE sich gesanglich in den Hintergrund begibt und stattdessen die zur Produktionszeit 12-j\u00e4hrige ASIA MAE WITTKE die Hauptstimme \u00fcbernimmt. Ihre Stimme verk\u00f6rpert Kraft, Eindringlichkeit und Fragilit\u00e4t &#8211; alles, was der Song ausdr\u00fccken m\u00f6chte. Im Schlussteil des Liedes erh\u00e4lt sie Unterst\u00fctzung durch den Chor der Immanuel Grundschule in Spandau, was dem Song eine zus\u00e4tzliche emotionale Tiefe verleiht.<\/p>\n<p style=\"text-align: justify;\">FRANK LIEBE betont die Wichtigkeit des Liedes und seines Themas: \u201eWir m\u00fcssen unseren Kindern eine Welt hinterlassen, in der es sich wieder zu leben lohnt, frei von Angst, Chaos und Dreck, und wir m\u00fcssen wieder lernen, unseren Kindern zuzuh\u00f6ren.\u201c Das Lied ist nicht nur ein musikalisches Werk, sondern auch ein dringender Appell an uns alle, genauer hinzusehen und zuzuh\u00f6ren.<\/p>\n<p style=\"text-align: justify;\">FRANKs Weg in die Musikwelt war beeindruckend. Anfang 2016 gewann er den ersten Platz bei der Nachwuchsshow \u201eDie Chance\u201c f\u00fcr Berlin\/Brandenburg. Dieser Sieg ebnete ihm den Weg f\u00fcr zahlreiche Auftritte und Chancen, darunter eine Reise ins Studio von ANDREAS GOLDMANN in Dresden, wo er mit der Unterst\u00fctzung der S\u00e4ngerin und Moderatorin ANTEJE KLANN sein erstes eigenes Lied produzierte.<\/p>\n<p style=\"text-align: justify;\">In den Monaten nach seiner ersten Single pr\u00e4sentierte er sich dem Publikum bei verschiedenen Veranstaltungen, darunter das Tegeler Hafenfest, das Stadtfest 800 Jahre Zedenick und das Stadtfest in Magdeburg. Seine Anerkennung stieg weiter, als er beim \u201eSchlagerOlymp\u201c in Berlin einen Platz im Hauptprogramm ergatterte.<\/p>\n<p style=\"text-align: justify;\">FRANK LIEBE beweist mit seiner brandneuen Produktion \u201eIch will auch morgen wieder lachen\u201c, dass Musik mehr kann als nur unterhalten &#8211; sie kann inspirieren, provozieren und, hoffentlich, Ver\u00e4nderungen bewirken. Dieses Lied verdient nicht nur geh\u00f6rt, sondern auch geteilt und gefeiert zu werden.<\/p>\n<p style=\"text-align: justify;\"><strong>\u00a0<\/strong><\/p>\n<p>&nbsp;<\/p>\n","protected":false},"excerpt":{"rendered":"<p>Mit seinem neuen Song fordert FRANK zu einer besseren und sicheren Zukunft f\u00fcr unsere Kinder auf!<\/p>\n","protected":false},"author":2,"featured_media":212602,"comment_status":"open","ping_status":"closed","sticky":false,"template":"","format":"standard","meta":{"_FSMCFIC_featured_image_caption":"","_FSMCFIC_featured_image_nocaption":"","_FSMCFIC_featured_image_hide":""},"categories":[29],"tags":[3416,3415,3419],"acf":[],"_links":{"self":[{"href":"https:\/\/smago.de\/ws2\/wp-json\/wp\/v2\/posts\/212708"}],"collection":[{"href":"https:\/\/smago.de\/ws2\/wp-json\/wp\/v2\/posts"}],"about":[{"href":"https:\/\/smago.de\/ws2\/wp-json\/wp\/v2\/types\/post"}],"author":[{"embeddable":true,"href":"https:\/\/smago.de\/ws2\/wp-json\/wp\/v2\/users\/2"}],"replies":[{"embeddable":true,"href":"https:\/\/smago.de\/ws2\/wp-json\/wp\/v2\/comments?post=212708"}],"version-history":[{"count":2,"href":"https:\/\/smago.de\/ws2\/wp-json\/wp\/v2\/posts\/212708\/revisions"}],"predecessor-version":[{"id":212710,"href":"https:\/\/smago.de\/ws2\/wp-json\/wp\/v2\/posts\/212708\/revisions\/212710"}],"wp:featuredmedia":[{"embeddable":true,"href":"https:\/\/smago.de\/ws2\/wp-json\/wp\/v2\/media\/212602"}],"wp:attachment":[{"href":"https:\/\/smago.de\/ws2\/wp-json\/wp\/v2\/media?parent=212708"}],"wp:term":[{"taxonomy":"category","embeddable":true,"href":"https:\/\/smago.de\/ws2\/wp-json\/wp\/v2\/categories?post=212708"},{"taxonomy":"post_tag","embeddable":true,"href":"https:\/\/smago.de\/ws2\/wp-json\/wp\/v2\/tags?post=212708"}],"curies":[{"name":"wp","href":"https:\/\/api.w.org\/{rel}","templated":true}]}}