{"id":212668,"date":"2023-11-02T00:00:44","date_gmt":"2023-11-01T23:00:44","guid":{"rendered":"https:\/\/smago.de\/ws2\/?p=212668"},"modified":"2023-11-01T13:16:06","modified_gmt":"2023-11-01T12:16:06","slug":"isa-gluecklich-am-10-11-2023-erscheint-ihre-neue-cd-disco-kinder-3-die-kinder-karnevalsparty","status":"publish","type":"post","link":"https:\/\/smago.de\/ws2\/kinderprogramm\/isa-gluecklich-am-10-11-2023-erscheint-ihre-neue-cd-disco-kinder-3-die-kinder-karnevalsparty\/","title":{"rendered":"ISA GL\u00dcCKLICH <br>Am 10.11.2023 erscheint ihre neue CD &#8222;Disco Kinder 3 &#8211; Die Kinder Karnevalsparty&#8220;!"},"content":{"rendered":"<p style=\"text-align: justify;\">Das dritte Stimmungsalbum der Queen of Kinderdisco &#8211; auf geht\u2019s in die Karneval-Saison mit Isa Gl\u00fccklich!<br \/>\n<!--more--><\/p>\n<p>&nbsp;<\/p>\n<p>&nbsp;<\/p>\n<p style=\"text-align: justify;\">\n<p style=\"text-align: justify;\">Party, Tanz, gute Laune \u2013 f\u00fcr all das steht ISA GL\u00dcCKLICH, der frische Wirbelwind der Kindermusik. Mit ihren mitrei\u00dfenden Songs und fulminanten Live-Auftritten, auf Festen, in Discos und Urlaubsresorts, sorgt sie f\u00fcr beste Stimmung und verschenkt sie jede Menge Gl\u00fccksminuten an ihre kleinen und gro\u00dfen Zuh\u00f6rer. Jetzt ver\u00f6ffentlicht sie ihr bereits drittes Album \u2013 voll mit Liedern, die auch nach der Karnevalszeit zum Tanzen und Mitmachen einladen.<\/p>\n<p style=\"text-align: justify;\">Ihre ersten beiden &#8222;Disco Kinder\u201c-Alben mit Cover- und eigenen Hits wie dem \u201eMaja Tanz\u201c, \u201eSchnappi\u201c, \u201ePinguin\u201c, &#8222;Wenn der Elefant in die Disco geht&#8220;, &#8222;Guck mal diese Biene da&#8220; oder &#8222;Der Pirat&#8220; fanden schnell den Weg in die Radiostationen und Kinderzimmer. Nun erscheint, rechtzeitig zum Start der f\u00fcnften Jahreszeit, &#8222;Die Kinder Karnevalsparty&#8220;, wieder ein kraftvoller, energiegeladener Mix aus bekannten Kinderliederhits und ganz neuen Partysongs.<\/p>\n<p style=\"text-align: justify;\">Auf diese Songs d\u00fcrfen sich diesmal alle freuen: Der Bibi &amp; Tina-Filmsong &#8222;Up, Up, Up (Nobody&#8217;s Perfect)&#8220;, Vorabsingle des Albums, geht hier so richtig ab. Auch das Lied \u201eWir fliegen mit dem Besen\u201c spielt in der Bibi-Blocksberg-Welt und l\u00e4dt ein, sich eine eigene Tanzchoreografie auszudenken, in der ein nat\u00fcrlich imagin\u00e4rer Besen eine tragende Rolle spielt. Das in den Kitas so beliebte &#8222;Lied \u00fcber mich&#8220; von Volker Rosin erh\u00e4lt ein Partygewand und kann mit dem generations\u00fcbergreifend popul\u00e4ren \u201eFliegerlied\u201c mithalten. Sehr s\u00fc\u00df und in flottem Tempo kommt Isas Version des volkst\u00fcmlichen Kitalieds \u201e5 kleine Fische\u201c daher.<\/p>\n<p style=\"text-align: justify;\">Wer total auf Partyhits steht und hemmungsloses Mitsingen erreichen will, kann mit der Kinder-Version des Ballermann-Hits \u201eOlivia\u201c sich selbst und seine Kinder gl\u00fccklich machen. Viele andere werden die Top-Karneval-Hits \u201eAlles Paletti\u201c, \u201ePolon\u00e4se Blankenese\u201c (ja, die von Gottlieb Wendehals) und \u201eKonfetti\u201c vom Hocker rei\u00dfen.<\/p>\n<p style=\"text-align: justify;\">Ohne Zweifel l\u00e4sst auch die das dritte Album von Isa Gl\u00fccklich, in der beliebte Covers auf neue Schlager renommierter Autoren treffen, die Herzen der Kids und auch der tanzfreudigen, schlageraffinen Erwachsenen h\u00f6herschlagen.<\/p>\n<p style=\"text-align: justify;\">\u201eDisco Kinder 3 \u2013 Die Kinder Karnevalsparty\u201c pr\u00e4sentiert 13 absolut zeitgem\u00e4\u00df produzierte Tracks, entstanden in Zusammenarbeit mit arrivierten Produzenten des Party- und Mallorcaschlagers, die die Queen der Kinderdisco mit ansteckender Begeisterung performt.<\/p>\n<p style=\"text-align: justify;\">Isa Gl\u00fccklich spielt mittlerweile in Deutschland und ganz Europa \u00fcber 200 Kinder- und Familien-Shows j\u00e4hrlich, die Generationen im gemeinsamen Singen, Tanzen und Feiern vereint. Mit &#8222;Disco Kinder 3&#8220; ist jedenfalls f\u00fcr Mega-Stimmung auf jeder Faschings- und Karnevalsparty gesorgt!<\/p>\n","protected":false},"excerpt":{"rendered":"<p>Das dritte Stimmungsalbum der Queen of Kinderdisco &#8211; auf geht\u2019s in die Karneval-Saison mit Isa Gl\u00fccklich!<\/p>\n","protected":false},"author":2,"featured_media":212669,"comment_status":"open","ping_status":"closed","sticky":false,"template":"","format":"standard","meta":{"_FSMCFIC_featured_image_caption":"","_FSMCFIC_featured_image_nocaption":"","_FSMCFIC_featured_image_hide":""},"categories":[20,39],"tags":[2500],"acf":[],"_links":{"self":[{"href":"https:\/\/smago.de\/ws2\/wp-json\/wp\/v2\/posts\/212668"}],"collection":[{"href":"https:\/\/smago.de\/ws2\/wp-json\/wp\/v2\/posts"}],"about":[{"href":"https:\/\/smago.de\/ws2\/wp-json\/wp\/v2\/types\/post"}],"author":[{"embeddable":true,"href":"https:\/\/smago.de\/ws2\/wp-json\/wp\/v2\/users\/2"}],"replies":[{"embeddable":true,"href":"https:\/\/smago.de\/ws2\/wp-json\/wp\/v2\/comments?post=212668"}],"version-history":[{"count":2,"href":"https:\/\/smago.de\/ws2\/wp-json\/wp\/v2\/posts\/212668\/revisions"}],"predecessor-version":[{"id":212671,"href":"https:\/\/smago.de\/ws2\/wp-json\/wp\/v2\/posts\/212668\/revisions\/212671"}],"wp:featuredmedia":[{"embeddable":true,"href":"https:\/\/smago.de\/ws2\/wp-json\/wp\/v2\/media\/212669"}],"wp:attachment":[{"href":"https:\/\/smago.de\/ws2\/wp-json\/wp\/v2\/media?parent=212668"}],"wp:term":[{"taxonomy":"category","embeddable":true,"href":"https:\/\/smago.de\/ws2\/wp-json\/wp\/v2\/categories?post=212668"},{"taxonomy":"post_tag","embeddable":true,"href":"https:\/\/smago.de\/ws2\/wp-json\/wp\/v2\/tags?post=212668"}],"curies":[{"name":"wp","href":"https:\/\/api.w.org\/{rel}","templated":true}]}}