{"id":212639,"date":"2023-11-01T00:00:24","date_gmt":"2023-10-31T23:00:24","guid":{"rendered":"https:\/\/smago.de\/ws2\/?p=212639"},"modified":"2023-11-02T17:29:10","modified_gmt":"2023-11-02T16:29:10","slug":"pascal-silva-am-03-11-2023-erscheint-seine-neue-cd-nie-zu-alt-fuer-rock-n-roll","status":"publish","type":"post","link":"https:\/\/smago.de\/ws2\/pop-schlager\/pascal-silva-am-03-11-2023-erscheint-seine-neue-cd-nie-zu-alt-fuer-rock-n-roll\/","title":{"rendered":"PASCAL SILVA <br>Am 03.11.2023 erscheint seine neue CD &#8222;Nie zu alt f\u00fcr Rock &#8217;n&#8216; Roll&#8220;!"},"content":{"rendered":"<p style=\"text-align: justify;\">Hierbei handelt es sich um seine erste deutschsprachige Album-Ver\u00f6ffentlichung seit elf Jahren! (Die CD &#8222;Tr\u00e4umer&#8220; ist 2012 erschienen!)<br \/>\n<!--more--><\/p>\n<p>&nbsp;<\/p>\n<p>&nbsp;<\/p>\n<p style=\"text-align: justify;\">PASCAL SILVA, aus den Tiefen der Schweizer Alpen kommend, hat mit seiner einzigartigen musikalischen Begabung stets beeindruckt. Seine Anf\u00e4nge, inspiriert durch Legenden wie Elvis und Julio Iglesias f\u00fchrten ihn bis zu seinem aktuellen Meisterwerk &#8222;Nie zu alt f\u00fcr Rock &#8217;n&#8216; Roll&#8220;, das am 03.11.2023 erscheint. Dieser Titel wird auch als aktuelle Single zum Album promotet.<\/p>\n<p style=\"text-align: justify;\">Hierbei handelt es sich um seine erste deutschsprachige Album-Ver\u00f6ffentlichung seit elf Jahren! (Die CD &#8222;Tr\u00e4umer&#8220; ist 2012 erschienen.)<\/p>\n<p style=\"text-align: justify;\">Ein besonderes Highlight des Albums ist \u201eDas Licht in deinem Fenster\u201c, dessen Text von Helene-Fischer-Textdichter Tobias Reitz stammt. Gef\u00fchlvolle \u201eechte\u201c Trompetenkl\u00e4nge und harmonische Backgroundch\u00f6re vervollst\u00e4ndigen den Song.<\/p>\n<p style=\"text-align: justify;\">Die Vorab-Single \u201eDas Leben schreibt das Drehbuch\u201c bezaubert durch ihre inspirierende Botschaft, das Leben so zu nehmen, wie es kommt. Mit seiner zentralen Botschaft, dass Liebe uns jung erh\u00e4lt, und dem Gedanken, dass das Schicksal die Geschichten schreibt, f\u00e4ngt dieser Song eine universelle Wahrheit ein.<\/p>\n<p style=\"text-align: justify;\">Pascals aktuelle Single \u201eWeil\u2019s mit dir am sch\u00f6nsten ist\u201c vereint eindrucksvoll Text und Melodie, um die Bedeutung echter Beziehungen und wahrer Gef\u00fchle hervorzuheben. Die Produktion hebt das Klangbild den emotionalen Kern des Songs hervor und verspricht, sowohl die Herzen der Fans als auch die Charts zu erobern.<\/p>\n<p style=\"text-align: justify;\">Das neue von Rolf Wetzel produzierte Album des K\u00fcnstlers liefert einen umfassenden Einblick in die musikalische Bandbreite und die k\u00fcnstlerische Integrit\u00e4t Pascal Silvas und seines Teams.<\/p>\n<p style=\"text-align: justify;\">Quasi mit der Muttermilch wurde die Musik dem geb\u00fcrtigen Schweizer PASCAL SILVA auch die Musik mitgegeben. Von Kindesbeine an schw\u00e4rmte er f\u00fcr seine Idole wie ELVIS PRESLEY, aber auch JULIO IGLESIAS. Als seine Familie in die Dominikanische Republik ausgewandert ist, machte sich PASCAL als S\u00e4nger einen Namen und landete dort Hits wie \u201eThe Tale Of Lola\u201c, die dann auch in seiner Schweizer Heimat popul\u00e4r wurden. Die deutsche Version, \u201eDas alles wegen Lola\u201c, kam ebenfalls gut an. Ein weiterer Karrieresprung folgte mit dem Auftritt zum Schweizer Vorentscheid zum Grand Prix der Volksmusik.<\/p>\n<p style=\"text-align: justify;\">Nachdem JACK WHITE auf den Frauenschwarm aufmerksam geworden ist, ging es in die ganz gro\u00dfen TV-Shows \u2013 egal ob \u201eMusikantenstadl\u201c, \u201eWinterfest mit FLORIAN SILBEREISEN\u201c, \u201eImmer wieder sonntags\u201c oder \u201eWenn die Musi spielt\u201c \u2013 die Herzen der Schlagerfans flogen PASCAL nur so zu. Der \u201eCRISTIANO RONALDO unter den Latino-S\u00e4ngern\u201c \u2013 die Bezeichnung verlieh ihm das Schlagerportal <strong><a href=\"http:\/\/www.smago.de\">www.smago.de<\/a><\/strong> \u2013 \u00a0startete als Schlagerinterpret durch.<\/p>\n<p style=\"text-align: justify;\">Vor fast genau zehn Jahren gab es dann einen weiteren ersten Karriereh\u00f6hepunkt im Leben von PASCAL SILVA: Gegen starke Konkurrenz setzte er sich in der ZDF-Show \u201eWillkommen bei CARMEN NEBEL\u201c als \u201eShooting Star des Jahres durch \u2013 mit einem Lied seines Idols JULIO IGLESIAS (\u201eWenn ein Schiff vor\u00fcber geht\u201c). Grund genug f\u00fcr JACK WHITE, PASCAL als einen der S\u00e4nger f\u00fcr sein Abschiedslied zu engagieren.<\/p>\n<p style=\"text-align: justify;\">Danach zog sich PASCAL f\u00fcr l\u00e4ngere Zeit aus der deutschen Schlagerszene zur\u00fcck. Im vergangenen Sommer meldete sich der charismatische S\u00e4nger zur\u00fcck und landete mit seiner deutschen und neu getexteten spanischen Version des CATS-Klassikers \u201eOne Way Wind\u201c einen so gro\u00dfen Erfolg (nur einen Monat nach V\u00d6 gab es bereits \u00fcber 1.000 Airplay-Eins\u00e4tze weltweit), dass die in Polen sehr popul\u00e4re S\u00e4ngerin TERESA WERNER ihn mit auf eine Tournee durch ihr Heimatland mitgenommen hat. Mit dem von TOBIAS REITZ getexteten \u201eDas Licht in deinem Zimmer\u201c legte PASCAL mit einem gef\u00e4llig produzierten Schlager erfolgreich nach.<br \/>\nNachdem PASCAL mit \u201eIm Falle eines Falles\u201c sehr gute Radio-Hitparaden-Platzierungen erreichen konnte \u2013 so konnte er in der volkst\u00fcmlichen Hitparade von SWR4 sogar die Spitzenposition erreichen \u2013 legt PASCAL nun \u2013 p\u00fcnktlich zum 10. Jubil\u00e4um des Shooting-Star-Preises von CARMEN NEBEL \u2013 mit seiner dritten bei WESPO erschienenen Single nach.<\/p>\n<p style=\"text-align: justify;\">Und wer w\u00fcsste es besser als PASCAL \u201eDas Leben schreibt das Drehbuch\u201c. Der beliebte S\u00e4nger hat ja schon sehr viel erlebt, was kaum ein Drehbuchautor sich ausdenken kann. Ein Schweizer, der in die Dominikanische Republik auswandert, dort sehr erfolgreich wird, danach in der eigenen Heimat und im Nachbarland Deutschland sehr erfolgreich wird \u2013 das kann sich kaum jemand ausdenken, das ist eben das Leben, das hier buchst\u00e4blich das Drehbuch schreibt.<\/p>\n<p style=\"text-align: justify;\">Darum geht es auch im neuen Song von PASCAL, der von NATASCHA ARNOLD komponiert und getextet wurde. Co-Texter ist niemand Geringerer als die Textdichter-Legende Dr. BERND MEINUNGER. Dass letztlich das Schicksal das Drehbuch schreibt \u2013 bzw. eben das Leben \u2013 hat das kongeniale Autorenteam auf eine Liebesbeziehung bezogen. Im von ROLF WETZEL produzierten Titel \u201eDas Leben schreibt das Drehbuch\u201c geht es darum, alles zu nehmen \u201ewie es kommt\u201c. Eins steht fest: \u201eDie Liebe h\u00e4lt uns immer jung\u201c. Und auch wenn das Leben das Drehbuch schreibt, wei\u00df PASCAL: \u201eDie Hauptrolle spielst du\u201c.<\/p>\n<p style=\"text-align: justify;\">Ganz im Stil seines Vorbilds JULIO IGLESIAS hat PASCAL SILVA einen romantischen Text mit einer eing\u00e4ngigen und tanzbaren Melodie verkn\u00fcpft \u2013 insbesondere Liebhaber von Rumba-Kl\u00e4ngen werden mit dem neuen Titel des Schweizers auf ihre Kosten kommen.<\/p>\n<p style=\"text-align: justify;\">Auch live startet PASCAL SILVA nun wieder durch \u2013 neben vielen anderen in Vorbereitung befindlichen Konzerten steht ein Termin fest: Beim Open Air Wildhaus in der Schweiz wird PASCAL gemeinsam mit prominenten Kollegen wie SEMINO ROSSI und den AMIGOS auf der B\u00fchne stehen.<\/p>\n<p>&nbsp;<\/p>\n<p><img decoding=\"async\" loading=\"lazy\" class=\"alignnone size-large wp-image-212640\" src=\"https:\/\/smago.de\/ws2\/wp-content\/uploads\/2023\/10\/silva_CD_back-800x800.jpeg\" alt=\"\" width=\"800\" height=\"800\" srcset=\"https:\/\/smago.de\/ws2\/wp-content\/uploads\/2023\/10\/silva_CD_back-800x800.jpeg 800w, https:\/\/smago.de\/ws2\/wp-content\/uploads\/2023\/10\/silva_CD_back-522x522.jpeg 522w, https:\/\/smago.de\/ws2\/wp-content\/uploads\/2023\/10\/silva_CD_back-150x150.jpeg 150w, https:\/\/smago.de\/ws2\/wp-content\/uploads\/2023\/10\/silva_CD_back-768x768.jpeg 768w, https:\/\/smago.de\/ws2\/wp-content\/uploads\/2023\/10\/silva_CD_back-1536x1536.jpeg 1536w, https:\/\/smago.de\/ws2\/wp-content\/uploads\/2023\/10\/silva_CD_back-2048x2048.jpeg 2048w, https:\/\/smago.de\/ws2\/wp-content\/uploads\/2023\/10\/silva_CD_back-272x272.jpeg 272w, https:\/\/smago.de\/ws2\/wp-content\/uploads\/2023\/10\/silva_CD_back-600x600.jpeg 600w, https:\/\/smago.de\/ws2\/wp-content\/uploads\/2023\/10\/silva_CD_back-130x130.jpeg 130w, https:\/\/smago.de\/ws2\/wp-content\/uploads\/2023\/10\/silva_CD_back-445x445.jpeg 445w, https:\/\/smago.de\/ws2\/wp-content\/uploads\/2023\/10\/silva_CD_back-190x190.jpeg 190w, https:\/\/smago.de\/ws2\/wp-content\/uploads\/2023\/10\/silva_CD_back-290x290.jpeg 290w\" sizes=\"(max-width: 800px) 100vw, 800px\" \/><\/p>\n","protected":false},"excerpt":{"rendered":"<p>Hierbei handelt es sich um seine erste deutschsprachige Album-Ver\u00f6ffentlichung seit elf Jahren! (Die CD &#8222;Tr\u00e4umer&#8220; ist 2012 erschienen!)<\/p>\n","protected":false},"author":2,"featured_media":212641,"comment_status":"open","ping_status":"closed","sticky":false,"template":"","format":"standard","meta":{"_FSMCFIC_featured_image_caption":"","_FSMCFIC_featured_image_nocaption":"","_FSMCFIC_featured_image_hide":""},"categories":[28,39],"tags":[2541],"acf":[],"_links":{"self":[{"href":"https:\/\/smago.de\/ws2\/wp-json\/wp\/v2\/posts\/212639"}],"collection":[{"href":"https:\/\/smago.de\/ws2\/wp-json\/wp\/v2\/posts"}],"about":[{"href":"https:\/\/smago.de\/ws2\/wp-json\/wp\/v2\/types\/post"}],"author":[{"embeddable":true,"href":"https:\/\/smago.de\/ws2\/wp-json\/wp\/v2\/users\/2"}],"replies":[{"embeddable":true,"href":"https:\/\/smago.de\/ws2\/wp-json\/wp\/v2\/comments?post=212639"}],"version-history":[{"count":4,"href":"https:\/\/smago.de\/ws2\/wp-json\/wp\/v2\/posts\/212639\/revisions"}],"predecessor-version":[{"id":212784,"href":"https:\/\/smago.de\/ws2\/wp-json\/wp\/v2\/posts\/212639\/revisions\/212784"}],"wp:featuredmedia":[{"embeddable":true,"href":"https:\/\/smago.de\/ws2\/wp-json\/wp\/v2\/media\/212641"}],"wp:attachment":[{"href":"https:\/\/smago.de\/ws2\/wp-json\/wp\/v2\/media?parent=212639"}],"wp:term":[{"taxonomy":"category","embeddable":true,"href":"https:\/\/smago.de\/ws2\/wp-json\/wp\/v2\/categories?post=212639"},{"taxonomy":"post_tag","embeddable":true,"href":"https:\/\/smago.de\/ws2\/wp-json\/wp\/v2\/tags?post=212639"}],"curies":[{"name":"wp","href":"https:\/\/api.w.org\/{rel}","templated":true}]}}