{"id":212631,"date":"2023-11-01T00:00:09","date_gmt":"2023-10-31T23:00:09","guid":{"rendered":"https:\/\/smago.de\/ws2\/?p=212631"},"modified":"2023-10-31T20:45:24","modified_gmt":"2023-10-31T19:45:24","slug":"adriana-am-10-11-2023-erscheint-ihr-neuer-song-flieg","status":"publish","type":"post","link":"https:\/\/smago.de\/ws2\/pop-schlager\/adriana-am-10-11-2023-erscheint-ihr-neuer-song-flieg\/","title":{"rendered":"ADRIANA <br>Am 10.11.2023 erscheint ihr neuer Song &#8222;Flieg&#8220;!"},"content":{"rendered":"<p>Adriana richtet sich mutig mit einem Appell an alle Menschen, die von Zweifeln und \u00c4ngsten geplagt sind &#8230;:<br \/>\n<!--more--><\/p>\n<p>&nbsp;<\/p>\n<p>&nbsp;<\/p>\n<p style=\"text-align: justify;\">Dieses ganz besondere Gef\u00fchl, wenn man seine \u00c4ngste endlich losl\u00e4sst, pl\u00f6tzlich eine riesige Last abf\u00e4llt und man wieder fliegen kann. So ist es uns allen doch schon einmal gegangen &#8211; viel zu lange hat man sich die Gedanken von Zweifeln und \u00c4ngsten vergiften lassen und nach der erfolgreichen \u00dcberwindung der selben, gesehen, dass das Gef\u00fchl des Frei seins alles in den Schatten stellt. Alle Lasten und Sorgen sind weg und man ist schwerelos wie ein Ballon, der gen Himmel steigt.<\/p>\n<p>Genau dieses besondere Gef\u00fchl beschreibt und besingt Adriana in ihrer brandneuen Single \u201eFlieg\u201c. Diese ist ab 10.11.2023 auf allen Download- und Streaming-Portalen erh\u00e4ltlich.<\/p>\n<p>Dass Adriana sich nicht mit Unsicherheiten herumschl\u00e4gt, sie aber gerne thematisiert, um andere zu ermutigen, beweist sie in vielen ihrer Songs. Dabei setzt sie ihre kraft- und zugleich auch gef\u00fchlvolle Stimme ein und schafft es damit, die Songs nicht nur ins Ohr, sondern auch unter die Haut gehen zu lassen. Bereits in \u201eSize Zero\u201c thematisierte sie k\u00f6rperliche Unsicherheiten und stand \u00f6ffentlich gegen Bodyshaming ein.<\/p>\n<p>Auch mit der neuen Single \u201eFlieg\u201c richtet sich Adriana mutig mit einem Appell an Menschen, die von Zweifeln und \u00c4ngsten geplagt sind. <em>\u201eWir sind nicht perfekt und es steht auch nirgendwo geschrieben, dass wir das sein m\u00fcssen. Social Media ist ein wichtiger Bestandteil unseres Lebens geworden, ist aber auch N\u00e4hrboden f\u00fcr Negatives. Es gibt viel Konkurrenz und vermeintliche Ideale, denen jeder hinterher jagt, anstatt sich auf sich selbst und seine eigenen W\u00fcnsche und Tr\u00e4ume zu konzentriert. Ich m\u00f6chte den Menschen weiterhin mit meiner Musik den Mut geben an sich selbst zu glauben!\u201c,<\/em> so die junge K\u00e4rntnerin.<\/p>\n","protected":false},"excerpt":{"rendered":"<p>Adriana richtet sich mutig mit einem Appell an alle Menschen, die von Zweifeln und \u00c4ngsten geplagt sind &#8230;:<\/p>\n","protected":false},"author":2,"featured_media":212632,"comment_status":"open","ping_status":"closed","sticky":false,"template":"","format":"standard","meta":{"_FSMCFIC_featured_image_caption":"","_FSMCFIC_featured_image_nocaption":"","_FSMCFIC_featured_image_hide":""},"categories":[28],"tags":[2480],"acf":[],"_links":{"self":[{"href":"https:\/\/smago.de\/ws2\/wp-json\/wp\/v2\/posts\/212631"}],"collection":[{"href":"https:\/\/smago.de\/ws2\/wp-json\/wp\/v2\/posts"}],"about":[{"href":"https:\/\/smago.de\/ws2\/wp-json\/wp\/v2\/types\/post"}],"author":[{"embeddable":true,"href":"https:\/\/smago.de\/ws2\/wp-json\/wp\/v2\/users\/2"}],"replies":[{"embeddable":true,"href":"https:\/\/smago.de\/ws2\/wp-json\/wp\/v2\/comments?post=212631"}],"version-history":[{"count":1,"href":"https:\/\/smago.de\/ws2\/wp-json\/wp\/v2\/posts\/212631\/revisions"}],"predecessor-version":[{"id":212633,"href":"https:\/\/smago.de\/ws2\/wp-json\/wp\/v2\/posts\/212631\/revisions\/212633"}],"wp:featuredmedia":[{"embeddable":true,"href":"https:\/\/smago.de\/ws2\/wp-json\/wp\/v2\/media\/212632"}],"wp:attachment":[{"href":"https:\/\/smago.de\/ws2\/wp-json\/wp\/v2\/media?parent=212631"}],"wp:term":[{"taxonomy":"category","embeddable":true,"href":"https:\/\/smago.de\/ws2\/wp-json\/wp\/v2\/categories?post=212631"},{"taxonomy":"post_tag","embeddable":true,"href":"https:\/\/smago.de\/ws2\/wp-json\/wp\/v2\/tags?post=212631"}],"curies":[{"name":"wp","href":"https:\/\/api.w.org\/{rel}","templated":true}]}}