{"id":212171,"date":"2023-10-22T18:05:45","date_gmt":"2023-10-22T16:05:45","guid":{"rendered":"https:\/\/smago.de\/ws2\/?p=212171"},"modified":"2023-10-22T18:17:16","modified_gmt":"2023-10-22T16:17:16","slug":"carlo-von-tiedemann-ndr-urgestein-carlo-von-tiedemann-heute-vorabend-22-10-2023-in-der-sendung-das-zu-gast","status":"publish","type":"post","link":"https:\/\/smago.de\/ws2\/schlager\/carlo-von-tiedemann-ndr-urgestein-carlo-von-tiedemann-heute-vorabend-22-10-2023-in-der-sendung-das-zu-gast\/","title":{"rendered":"CARLO VON TIEDEMANN <br>NDR Urgestein Carlo von Tiedemann heute Vorabend (22.10.2023) in der Sendung &#8222;DAS!&#8220; zu Gast!"},"content":{"rendered":"<p>18:45 Uhr &#8211; 19:30 Uhr (Wh.: 23.10., 05:10 Uhr &#8211; 05:55 Uhr)!<br \/>\n<!--more--><\/p>\n<p>&nbsp;<\/p>\n<p>&nbsp;<\/p>\n<p style=\"text-align: justify;\">CARLO VON TIEDEMANN: das &#8222;NDR Urgestein&#8220; &#8211; einer der bekanntesten und beliebtesten Moderatoren im Norden.<\/p>\n<p style=\"text-align: justify;\">Mehr als 50 Jahre ist Carlo Moderator in Funk und Fernsehen mit viel Spa\u00df an der Arbeit, immer locker und authentisch.<\/p>\n<p style=\"text-align: justify;\">Am 20.10.2023 wurde &#8222;uns Carlo\u201c 80 Jahre alt. Seine Arbeit beim NDR verdankt Carlo von Tiedemann dem &#8222;Hamburger Abendblatt&#8220;. Die Zeitung schickte ihn f\u00fcr eine Reportage zum NDR ins Verkehrsstudio &#8211; auf Anhieb war ihm klar: Das hier ist genau sein Ding. Seit den 1970er pr\u00e4gt er mit seiner markanten Stimme den NDR H\u00f6rfunk \u2013 schnell wird er f\u00fcrs NDR Fernsehen entdeckt und war unter anderem jahrelang Moderator der &#8222;Aktuellen Schaubude&#8220;, der &#8222;NDR Quiz Show&#8220; und vieler anderer TV-Formate.<\/p>\n<p style=\"text-align: justify;\">Auch heute noch ist er zu h\u00f6ren bei NDR Schlager und bei NDR 90,3. Seine Ausspr\u00fcche wie &#8222;Sensationell!&#8220; und &#8222;Jupp, jupp &#8211; sch\u00f6nes Arbeiten!&#8220; sind inzwischen geradezu ikonisch.<\/p>\n<p style=\"text-align: justify;\">Auf dem Roten Sofa feiern wir Carlo von Tiedemanns runden Geburtstag und seine pralle NDR Karriere.<\/p>\n<p>&nbsp;<\/p>\n<p>&nbsp;<\/p>\n<p>&nbsp;<\/p>\n<figure id=\"attachment_211092\" aria-describedby=\"caption-attachment-211092\" style=\"width: 800px\" class=\"wp-caption alignnone\"><img decoding=\"async\" loading=\"lazy\" class=\"size-large wp-image-211092\" src=\"https:\/\/smago.de\/ws2\/wp-content\/uploads\/2023\/10\/1_Carlo_von_Tiedemann-1-800x448.jpg\" alt=\"\" width=\"800\" height=\"448\" srcset=\"https:\/\/smago.de\/ws2\/wp-content\/uploads\/2023\/10\/1_Carlo_von_Tiedemann-1-800x448.jpg 800w, https:\/\/smago.de\/ws2\/wp-content\/uploads\/2023\/10\/1_Carlo_von_Tiedemann-1-522x292.jpg 522w, https:\/\/smago.de\/ws2\/wp-content\/uploads\/2023\/10\/1_Carlo_von_Tiedemann-1-268x150.jpg 268w, https:\/\/smago.de\/ws2\/wp-content\/uploads\/2023\/10\/1_Carlo_von_Tiedemann-1-768x430.jpg 768w, https:\/\/smago.de\/ws2\/wp-content\/uploads\/2023\/10\/1_Carlo_von_Tiedemann-1-1536x860.jpg 1536w, https:\/\/smago.de\/ws2\/wp-content\/uploads\/2023\/10\/1_Carlo_von_Tiedemann-1-2048x1147.jpg 2048w, https:\/\/smago.de\/ws2\/wp-content\/uploads\/2023\/10\/1_Carlo_von_Tiedemann-1-392x220.jpg 392w, https:\/\/smago.de\/ws2\/wp-content\/uploads\/2023\/10\/1_Carlo_von_Tiedemann-1-130x73.jpg 130w, https:\/\/smago.de\/ws2\/wp-content\/uploads\/2023\/10\/1_Carlo_von_Tiedemann-1-794x445.jpg 794w, https:\/\/smago.de\/ws2\/wp-content\/uploads\/2023\/10\/1_Carlo_von_Tiedemann-1-870x487.jpg 870w, https:\/\/smago.de\/ws2\/wp-content\/uploads\/2023\/10\/1_Carlo_von_Tiedemann-1-292x164.jpg 292w, https:\/\/smago.de\/ws2\/wp-content\/uploads\/2023\/10\/1_Carlo_von_Tiedemann-1-435x244.jpg 435w\" sizes=\"(max-width: 800px) 100vw, 800px\" \/><figcaption id=\"caption-attachment-211092\" class=\"wp-caption-text\"><\/em> <em>Foto-Credit: NDR \/ Andrea Seifert<\/em><\/figcaption><\/figure>\n","protected":false},"excerpt":{"rendered":"<p>18:45 Uhr &#8211; 19:30 Uhr (Wh.: 23.10., 05:10 Uhr &#8211; 05:55 Uhr)!<\/p>\n","protected":false},"author":2,"featured_media":211092,"comment_status":"open","ping_status":"closed","sticky":false,"template":"","format":"standard","meta":{"_FSMCFIC_featured_image_caption":"","_FSMCFIC_featured_image_nocaption":"","_FSMCFIC_featured_image_hide":""},"categories":[29,128],"tags":[213],"acf":[],"_links":{"self":[{"href":"https:\/\/smago.de\/ws2\/wp-json\/wp\/v2\/posts\/212171"}],"collection":[{"href":"https:\/\/smago.de\/ws2\/wp-json\/wp\/v2\/posts"}],"about":[{"href":"https:\/\/smago.de\/ws2\/wp-json\/wp\/v2\/types\/post"}],"author":[{"embeddable":true,"href":"https:\/\/smago.de\/ws2\/wp-json\/wp\/v2\/users\/2"}],"replies":[{"embeddable":true,"href":"https:\/\/smago.de\/ws2\/wp-json\/wp\/v2\/comments?post=212171"}],"version-history":[{"count":2,"href":"https:\/\/smago.de\/ws2\/wp-json\/wp\/v2\/posts\/212171\/revisions"}],"predecessor-version":[{"id":212173,"href":"https:\/\/smago.de\/ws2\/wp-json\/wp\/v2\/posts\/212171\/revisions\/212173"}],"wp:featuredmedia":[{"embeddable":true,"href":"https:\/\/smago.de\/ws2\/wp-json\/wp\/v2\/media\/211092"}],"wp:attachment":[{"href":"https:\/\/smago.de\/ws2\/wp-json\/wp\/v2\/media?parent=212171"}],"wp:term":[{"taxonomy":"category","embeddable":true,"href":"https:\/\/smago.de\/ws2\/wp-json\/wp\/v2\/categories?post=212171"},{"taxonomy":"post_tag","embeddable":true,"href":"https:\/\/smago.de\/ws2\/wp-json\/wp\/v2\/tags?post=212171"}],"curies":[{"name":"wp","href":"https:\/\/api.w.org\/{rel}","templated":true}]}}