{"id":211388,"date":"2023-10-15T00:00:59","date_gmt":"2023-10-14T22:00:59","guid":{"rendered":"https:\/\/smago.de\/ws2\/?p=211388"},"modified":"2023-10-14T11:22:50","modified_gmt":"2023-10-14T09:22:50","slug":"truck-stop-mit-dem-song-50-jahre-feiern-sie-sich-quasi-selbst","status":"publish","type":"post","link":"https:\/\/smago.de\/ws2\/country\/truck-stop-mit-dem-song-50-jahre-feiern-sie-sich-quasi-selbst\/","title":{"rendered":"TRUCK STOP <br>Mit dem Song &#8222;50 Jahre&#8220; feiern sie sich quasi selbst!"},"content":{"rendered":"<p>Sehen Sie HIER den Videoclip &#8230;:<br \/>\n<!--more--><\/p>\n<p>&nbsp;<\/p>\n<p>&nbsp;<\/p>\n<p>&nbsp;<\/p>\n<p style=\"text-align: justify;\"><em>\u201eDiese Reise bleibt ein Abenteuer. Auch nach 50 Jahren bleiben wir nicht stehen. Macht die Mucke laut und kommt zu uns ans Feuer &#8211; Eure Cowboys werden nie nach Hause gehen.\u201c<\/em><\/p>\n<p>&nbsp;<\/p>\n<p style=\"text-align: justify;\">\n<p style=\"text-align: justify;\"><strong>Hamburg, 2023.<\/strong> Das Jubil\u00e4umsjahr von Truck Stop konnte sch\u00f6ner nicht beginnen: auf den Tag genau an ihrem 50. Bandgeburtstag, dem 10. M\u00e4rz, ver\u00f6ffentlichten sie nicht nur ihr Jubil\u00e4umsalbum \u201e50 Jahre\u201c, mit dem sie sogar auf Anhieb ihren eigenen Chart-Rekord brechen konnten (Platz 3 und \u00fcber zwei Monate in den Offiziellen Album Charts) \u2013 sondern feierten als weiteres Highlight an dem Abend auch mit ihren Fans ein grandioses Geburtstagskonzert in der Hamburger Laeiszhalle &#8211; ihrem \u201eWohnzimmer\u201c.\u00a0Es folgte eine umjubelte Tour.<\/p>\n<p style=\"text-align: justify;\">\u201e50 Jahre\u201c \u2013 der Titel ihrer neuen Single ist Programm &#8211; in zweierlei Hinsicht &#8211; denn die Cowboys von der Waterkant blicken nicht nur zur\u00fcck, sondern geben ihren Fans in dem Song auch gleich einen Ausblick auf die n\u00e4chsten 50 Truck Stop-Jahre: Wir feiern weiter \u2013 f\u00fcr Euch und mit Euch!<\/p>\n<p style=\"text-align: justify;\">Ein Highlight d\u00fcrfte f\u00fcr die Fans auch das zugeh\u00f6rige Video sein, f\u00fcr das die Band tief in den Archiven gegraben haben und so manches optische Schmankerl ans Tageslicht bef\u00f6rdern konnten (u. a. ihr allererstes Erscheinen auf einem TV-Bildschirm oder auch seltene Szenen einer ihrer USA-Reisen).<\/p>\n<p style=\"text-align: justify;\">\u201e50 Jahre\u201c ist einer von 12 neuen Titeln auf der gleichnamigen Doppel-CD, auf der sie aber ebenso gekonnt das letzte halbe Truck Stop &#8211; Jahrhundert Revue passieren lassen. Produziert wurde der Song von der Band in kongenialer Zusammenarbeit mit dem Produzenten und Gitarristen Peter Keller (u.a. Peter Maffay, Laith al Deen). Den Spa\u00df, den sie alle im Studio hatten, sp\u00fcrt man in jedem Takt und in jeder Note.<\/p>\n<p style=\"text-align: justify;\">\u2026und dass der Spa\u00df auch live und mit dem Publikum weitergeht, davor sorgen die neuen Herbst-Termine, die aufgrund der erfolgreichen Fr\u00fchjahrstour und der ungebrochenen Nachfragen kurzerhand angesetzt wurden.<\/p>\n<p style=\"text-align: justify;\">50 Jahre Truck Stop \u2013 das sollte man sich nicht entgehen lassen.<\/p>\n<p>&nbsp;<\/p>\n<p>&nbsp;<\/p>\n<p>&nbsp;<\/p>\n<p>&nbsp;<\/p>\n<p><strong>Truck Stop &#8211; 50 Jahre Tour \u2013 Part 2 (die Party geht weiter)<\/strong><\/p>\n<p>&nbsp;<\/p>\n<p>10.11.23 Gummersbach Halle 32<br \/>\n11.11.23 Gera Stadthalle<br \/>\n12.11.23 Gifhorn Stadthalle<br \/>\n15.11.23 Bremen Schlachthof<br \/>\n16.11.23 Rheine Stadthalle<br \/>\n22.11.23 L\u00fcbeck Kolosseum<br \/>\n23.11.23 Neuenhagen B\u00fcrgerhaus<br \/>\n24.11.23 Osterode Stadthalle<br \/>\n25.11.23 Langen Neue Stadthalle<br \/>\n29.11.23 Hof Freiheitshalle<br \/>\n30.11.23 Ransbach-Baumbach Stadthalle<br \/>\n01.12.23 Horn-Bad Meinberg Kurtheater<br \/>\n02.12.23 Ludwigslust Stadthalle<\/p>\n<p style=\"text-align: justify;\"><em>Tickets an allen Vorverkaufsstellen!<\/em><\/p>\n<p>Die Single \u201e50 Jahre\u201c wurde bereits zum 29.09.2023 ans Radio bemustert und ist \u00fcberall im Stream oder als Download sowie auf dem aktuellen Album \u201e50 Jahre\u201c erh\u00e4ltlich.<\/p>\n<p>&nbsp;<\/p>\n<p>&nbsp;<\/p>\n<p><iframe loading=\"lazy\" src=\"\/\/www.youtube.com\/embed\/OilSZjnHjI8\" width=\"800\" height=\"449\" allowfullscreen=\"allowfullscreen\"><\/iframe><\/p>\n","protected":false},"excerpt":{"rendered":"<p>Sehen Sie HIER den Videoclip &#8230;:<\/p>\n","protected":false},"author":2,"featured_media":211389,"comment_status":"open","ping_status":"closed","sticky":false,"template":"","format":"standard","meta":{"_FSMCFIC_featured_image_caption":"","_FSMCFIC_featured_image_nocaption":"","_FSMCFIC_featured_image_hide":""},"categories":[4],"tags":[491],"acf":[],"_links":{"self":[{"href":"https:\/\/smago.de\/ws2\/wp-json\/wp\/v2\/posts\/211388"}],"collection":[{"href":"https:\/\/smago.de\/ws2\/wp-json\/wp\/v2\/posts"}],"about":[{"href":"https:\/\/smago.de\/ws2\/wp-json\/wp\/v2\/types\/post"}],"author":[{"embeddable":true,"href":"https:\/\/smago.de\/ws2\/wp-json\/wp\/v2\/users\/2"}],"replies":[{"embeddable":true,"href":"https:\/\/smago.de\/ws2\/wp-json\/wp\/v2\/comments?post=211388"}],"version-history":[{"count":2,"href":"https:\/\/smago.de\/ws2\/wp-json\/wp\/v2\/posts\/211388\/revisions"}],"predecessor-version":[{"id":211391,"href":"https:\/\/smago.de\/ws2\/wp-json\/wp\/v2\/posts\/211388\/revisions\/211391"}],"wp:featuredmedia":[{"embeddable":true,"href":"https:\/\/smago.de\/ws2\/wp-json\/wp\/v2\/media\/211389"}],"wp:attachment":[{"href":"https:\/\/smago.de\/ws2\/wp-json\/wp\/v2\/media?parent=211388"}],"wp:term":[{"taxonomy":"category","embeddable":true,"href":"https:\/\/smago.de\/ws2\/wp-json\/wp\/v2\/categories?post=211388"},{"taxonomy":"post_tag","embeddable":true,"href":"https:\/\/smago.de\/ws2\/wp-json\/wp\/v2\/tags?post=211388"}],"curies":[{"name":"wp","href":"https:\/\/api.w.org\/{rel}","templated":true}]}}