{"id":211383,"date":"2023-10-15T00:00:35","date_gmt":"2023-10-14T22:00:35","guid":{"rendered":"https:\/\/smago.de\/ws2\/?p=211383"},"modified":"2023-10-14T11:18:53","modified_gmt":"2023-10-14T09:18:53","slug":"pascal-spoor-sein-titel-jedes-mal-crazy-wurde-von-andreas-lebbing-und-carolin-froelian-geschrieben","status":"publish","type":"post","link":"https:\/\/smago.de\/ws2\/uncategorized\/pascal-spoor-sein-titel-jedes-mal-crazy-wurde-von-andreas-lebbing-und-carolin-froelian-geschrieben\/","title":{"rendered":"PASCAL SPOOR <br>Sein Titel &#8222;Jedes Mal crazy&#8220; wurde von Andreas Lebbing und Carolin Fr\u00f6lian geschrieben!"},"content":{"rendered":"<p style=\"text-align: justify;\">Mit ihrer Wolkenschloss Kreativb\u00fcro &amp; Musik\u00fcroduktion Fr\u00f6llian Lebbing GbR bieten sie K\u00fcnstlern quasi eine Art Rundum-Betreuung!<br \/>\n<!--more--><\/p>\n<p>&nbsp;<\/p>\n<p style=\"text-align: justify;\">\n<p style=\"text-align: justify;\">\n<p style=\"text-align: justify;\">Geboren am 1. M\u00e4rz 1990 in Winterswijk (NL) und seit seinem dritten Lebensjahr in Bocholt beheimatet, hat PASCAL SPOOR eine tiefe Leidenschaft f\u00fcr Musicals und Gesang entwickelt, die nun in seiner Deb\u00fct-Single \u201eJedes Mal Crazy\u201c zum Ausdruck kommt.<\/p>\n<p style=\"text-align: justify;\">Die Initialz\u00fcndung f\u00fcr seine Liebe zu Musicals erfolgte im Jahr 2007 w\u00e4hrend seiner Abschlussfahrt der 10. Klasse nach Berlin. Ein Besuch im Theater des Westens, bei dem das legend\u00e4re Musical &#8222;Tanz der Vampire&#8220; auf dem Programm stand, ver\u00e4nderte sein Leben nachhaltig. Die beeindruckende Darbietung von Alexander Klaws in der Rolle des Alfred sowie das gesamte St\u00fcck fesselte ihn und weckte in ihm die Begeisterung f\u00fcr die B\u00fchnenkunst.<\/p>\n<p style=\"text-align: justify;\">In den Jahren danach folgten unz\u00e4hlige Musicalvorstellungen und Konzerte von Musicalstars, die seine Begeisterung f\u00fcr die Musik immer weiter anfachten. Im Sommer 2017 stie\u00df Pascal durch einen gl\u00fccklichen Zufall auf den &#8222;Sound of Music Chor&#8220; in Gelsenkirchen, unter der Leitung von Komponist Mario Stork und Musicaldarstellerin Michaela Schober. Dieser Chor, der sich ganz der Welt der Musicals verschrieben hat, erm\u00f6glichte ihm erste wertvolle Gesangs- und B\u00fchnenerfahrungen zu sammeln.<\/p>\n<p style=\"text-align: justify;\">Der H\u00f6hepunkt seines musikalischen Werdegangs kam im Sommer 2018, als er mit dem &#8222;Sound of Music Chor&#8220; im Burgtheater in Dinslaken auftrat. Bei der 20. Sommernacht des Musicals, vor einem Publikum von 2000 Zuschauern, sang er im Vorprogramm und im Hauptprogramm Seite an Seite mit Musicalstars wie Jan Ammann, Sabrina Weckerlin, Elisabeth H\u00fcbert, Philipp B\u00fcttner, Jessica Kessler und Serkan Kaya.<\/p>\n<p style=\"text-align: justify;\">Im Sommer 2022 schloss sich Pascal dem Chor &#8222;Die Tonfabrik&#8220; unter der Leitung von Andreas Lebbing an. Diese neue musikalische Erfahrung f\u00fchrte ihn schlie\u00dflich ins Tonstudio, wo er unter Andreas&#8216; Anleitung erste Cover-Versionen einsang. Dabei erwachte in ihm der innere Wunsch, einen eigenen Song zu interpretieren.<\/p>\n<p style=\"text-align: justify;\">Dieser Wunsch wurde ihm nun erf\u00fcllt. Der Titel &#8222;Jedes Mal crazy&#8220; ist seit 13.10.2023 erh\u00e4ltlich.<\/p>\n","protected":false},"excerpt":{"rendered":"<p>Mit ihrer Wolkenschloss Kreativb\u00fcro &amp; Musik\u00fcroduktion Fr\u00f6llian Lebbing GbR bieten sie K\u00fcnstlern quasi eine Art Rundum-Betreuung!<\/p>\n","protected":false},"author":2,"featured_media":211385,"comment_status":"open","ping_status":"closed","sticky":false,"template":"","format":"standard","meta":{"_FSMCFIC_featured_image_caption":"","_FSMCFIC_featured_image_nocaption":"","_FSMCFIC_featured_image_hide":""},"categories":[1],"tags":[3364],"acf":[],"_links":{"self":[{"href":"https:\/\/smago.de\/ws2\/wp-json\/wp\/v2\/posts\/211383"}],"collection":[{"href":"https:\/\/smago.de\/ws2\/wp-json\/wp\/v2\/posts"}],"about":[{"href":"https:\/\/smago.de\/ws2\/wp-json\/wp\/v2\/types\/post"}],"author":[{"embeddable":true,"href":"https:\/\/smago.de\/ws2\/wp-json\/wp\/v2\/users\/2"}],"replies":[{"embeddable":true,"href":"https:\/\/smago.de\/ws2\/wp-json\/wp\/v2\/comments?post=211383"}],"version-history":[{"count":2,"href":"https:\/\/smago.de\/ws2\/wp-json\/wp\/v2\/posts\/211383\/revisions"}],"predecessor-version":[{"id":211387,"href":"https:\/\/smago.de\/ws2\/wp-json\/wp\/v2\/posts\/211383\/revisions\/211387"}],"wp:featuredmedia":[{"embeddable":true,"href":"https:\/\/smago.de\/ws2\/wp-json\/wp\/v2\/media\/211385"}],"wp:attachment":[{"href":"https:\/\/smago.de\/ws2\/wp-json\/wp\/v2\/media?parent=211383"}],"wp:term":[{"taxonomy":"category","embeddable":true,"href":"https:\/\/smago.de\/ws2\/wp-json\/wp\/v2\/categories?post=211383"},{"taxonomy":"post_tag","embeddable":true,"href":"https:\/\/smago.de\/ws2\/wp-json\/wp\/v2\/tags?post=211383"}],"curies":[{"name":"wp","href":"https:\/\/api.w.org\/{rel}","templated":true}]}}