{"id":210739,"date":"2023-10-05T00:00:05","date_gmt":"2023-10-04T22:00:05","guid":{"rendered":"https:\/\/smago.de\/ws2\/?p=210739"},"modified":"2023-10-04T14:05:01","modified_gmt":"2023-10-04T12:05:01","slug":"eric-philippi-musikalischer-leiter-der-sendung-schlagerchance-in-leipzig-2023-wer-singt-beim-schlagerbooom","status":"publish","type":"post","link":"https:\/\/smago.de\/ws2\/pop-schlager\/eric-philippi-musikalischer-leiter-der-sendung-schlagerchance-in-leipzig-2023-wer-singt-beim-schlagerbooom\/","title":{"rendered":"ERIC PHILIPPI <br>Musikalischer Leiter der Sendung &#8222;Schlagerchance in Leipzig 2023 \u2013 Wer singt beim Schlagerbooom?&#8220;!"},"content":{"rendered":"<p style=\"text-align: justify;\">Vielseitigkeit ist Trumpf in diesen Zeiten!<br \/>\n<!--more--><\/p>\n<p style=\"text-align: justify;\">Beim Abspann zur Sendung &#8222;Schlagerchance in Leipzig 2023 \u2013 Wer singt beim Schlagerbooom?&#8220; am vergangenen Freitag (29.09.2023) im MDR Fernsehen staunte <strong><a href=\"http:\/\/www.smago.de\">www.smago.de<\/a><\/strong> nicht schlecht, als hier der Name ERIC PHILIPPI auftauchte.<\/p>\n<p style=\"text-align: justify;\">Demnach fungierte der 26-J\u00e4hrige als &#8222;Musikalischer Leiter&#8220; f\u00fcr die 105-min\u00fctige Sendung, die im Sendegebiet des MDR Fernsehens recht gute Quoten-Ergebnisse einfuhr (, wie Sie <strong><a href=\"https:\/\/smago.de\/ws2\/schlager\/florian-silbereisen-ganz-gute-quote-fuer-die-schlagerchance-in-leipzig-2023-wer-singt-beim-schlagerbooom\/\">HIER<\/a><\/strong> nachlesen k\u00f6nnen). Tonregie und Musikproduktion lagen auch diesmal in den bew\u00e4hrten H\u00e4nden des einzigartigen Lothar Paul Kramer.<\/p>\n<p style=\"text-align: justify;\">Das zweite Album des trompetenden S\u00e4ngers l\u00e4sst indes noch ein Weilchen auf sich warten. Nach jetzigem Stand der Dinge erscheint &#8222;Wir bleiben noch&#8220; erst am 15. M\u00e4rz 2024. (Was die Vermutung nahelegen k\u00f6nnte, dass es eventuell am 16.03.2024 eine gro\u00dfe \u2013 von Florian Silbereisen pr\u00e4sentierte \u2013 TV-Show gibt. Und wer wei\u00df, vielleicht wird ja auch hierf\u00fcr noch ein &#8222;musikalischer Leiter&#8220; gesucht &#8230;)<\/p>\n<p style=\"text-align: justify;\">\u201cDer James Dean des Schlagers\u201d war am 27.05.2022 in der Kategorie \u201cDer neue Hoffnungstr\u00e4ger des Popschlagers\u201d mit dem <em>smago!<\/em> Award ausgezeichnet worden.<\/p>\n<p style=\"text-align: justify;\">Eric Philippi ist zudem der aktuelle Lebensgef\u00e4hrte der Schlagers\u00e4ngerin Michelle. <em>smago!<\/em> w\u00fcnscht den beiden alles erdenklich Gute und dass der Zustand des &#8222;&#8218;Schockverliebt&#8216;-Seins&#8220; noch m\u00f6glichst lange anh\u00e4lt.<\/p>\n<p style=\"text-align: justify;\">Leider hatte Eric Philippi seinen Auftritt beim &#8222;9. Schlagerfestival der Herzen&#8220; am Montag (02.10.2023) im ostfriesischen Leer aus gesundheitlichen Gr\u00fcnden absagen m\u00fcssen. Anstelle seiner sprang Michelle-Produzent Tim Peters ein, der hervorragendes Entertainment bot und vor und hinter der B\u00fchne irre sympathisch r\u00fcberkam. (Tim Peters IST ja auch sehr sympathisch.)<\/p>\n<p style=\"text-align: justify;\">Eric Philippi w\u00fcnsche wir an dieser Stelle weiterhin gute und rasche Besserung !!! Schlie\u00dflich ist die Stimme des S\u00e4ngers wichtigstes Organ &#8230;<\/p>\n<p>&nbsp;<\/p>\n<figure id=\"attachment_210740\" aria-describedby=\"caption-attachment-210740\" style=\"width: 600px\" class=\"wp-caption alignnone\"><img decoding=\"async\" loading=\"lazy\" class=\"size-large wp-image-210740\" src=\"https:\/\/smago.de\/ws2\/wp-content\/uploads\/2023\/10\/philippi_kunath-600x800.jpeg\" alt=\"\" width=\"600\" height=\"800\" srcset=\"https:\/\/smago.de\/ws2\/wp-content\/uploads\/2023\/10\/philippi_kunath-600x800.jpeg 600w, https:\/\/smago.de\/ws2\/wp-content\/uploads\/2023\/10\/philippi_kunath-392x522.jpeg 392w, https:\/\/smago.de\/ws2\/wp-content\/uploads\/2023\/10\/philippi_kunath-113x150.jpeg 113w, https:\/\/smago.de\/ws2\/wp-content\/uploads\/2023\/10\/philippi_kunath-768x1024.jpeg 768w, https:\/\/smago.de\/ws2\/wp-content\/uploads\/2023\/10\/philippi_kunath-1152x1536.jpeg 1152w, https:\/\/smago.de\/ws2\/wp-content\/uploads\/2023\/10\/philippi_kunath-204x272.jpeg 204w, https:\/\/smago.de\/ws2\/wp-content\/uploads\/2023\/10\/philippi_kunath-450x600.jpeg 450w, https:\/\/smago.de\/ws2\/wp-content\/uploads\/2023\/10\/philippi_kunath-98x130.jpeg 98w, https:\/\/smago.de\/ws2\/wp-content\/uploads\/2023\/10\/philippi_kunath-334x445.jpeg 334w, https:\/\/smago.de\/ws2\/wp-content\/uploads\/2023\/10\/philippi_kunath-143x190.jpeg 143w, https:\/\/smago.de\/ws2\/wp-content\/uploads\/2023\/10\/philippi_kunath-218x290.jpeg 218w, https:\/\/smago.de\/ws2\/wp-content\/uploads\/2023\/10\/philippi_kunath-510x680.jpeg 510w, https:\/\/smago.de\/ws2\/wp-content\/uploads\/2023\/10\/philippi_kunath.jpeg 1536w\" sizes=\"(max-width: 600px) 100vw, 600px\" \/><figcaption id=\"caption-attachment-210740\" class=\"wp-caption-text\"><em>Foto-Credit: Jan Kunath<\/em><\/figcaption><\/figure>\n<p>&nbsp;<\/p>\n<p>&nbsp;<\/p>\n<p>&nbsp;<\/p>\n<figure id=\"attachment_198752\" aria-describedby=\"caption-attachment-198752\" style=\"width: 800px\" class=\"wp-caption alignnone\"><img decoding=\"async\" loading=\"lazy\" class=\"size-large wp-image-198752\" src=\"https:\/\/smago.de\/ws2\/wp-content\/uploads\/2023\/03\/Eric_Philippi_Pressefoto4_cHeimat2050-800x533.jpeg\" alt=\"\" width=\"800\" height=\"533\" srcset=\"https:\/\/smago.de\/ws2\/wp-content\/uploads\/2023\/03\/Eric_Philippi_Pressefoto4_cHeimat2050-800x533.jpeg 800w, https:\/\/smago.de\/ws2\/wp-content\/uploads\/2023\/03\/Eric_Philippi_Pressefoto4_cHeimat2050-522x348.jpeg 522w, https:\/\/smago.de\/ws2\/wp-content\/uploads\/2023\/03\/Eric_Philippi_Pressefoto4_cHeimat2050-225x150.jpeg 225w, https:\/\/smago.de\/ws2\/wp-content\/uploads\/2023\/03\/Eric_Philippi_Pressefoto4_cHeimat2050-768x512.jpeg 768w, https:\/\/smago.de\/ws2\/wp-content\/uploads\/2023\/03\/Eric_Philippi_Pressefoto4_cHeimat2050-1536x1024.jpeg 1536w, https:\/\/smago.de\/ws2\/wp-content\/uploads\/2023\/03\/Eric_Philippi_Pressefoto4_cHeimat2050-2048x1365.jpeg 2048w, https:\/\/smago.de\/ws2\/wp-content\/uploads\/2023\/03\/Eric_Philippi_Pressefoto4_cHeimat2050-392x261.jpeg 392w, https:\/\/smago.de\/ws2\/wp-content\/uploads\/2023\/03\/Eric_Philippi_Pressefoto4_cHeimat2050-130x87.jpeg 130w, https:\/\/smago.de\/ws2\/wp-content\/uploads\/2023\/03\/Eric_Philippi_Pressefoto4_cHeimat2050-668x445.jpeg 668w, https:\/\/smago.de\/ws2\/wp-content\/uploads\/2023\/03\/Eric_Philippi_Pressefoto4_cHeimat2050-783x522.jpeg 783w, https:\/\/smago.de\/ws2\/wp-content\/uploads\/2023\/03\/Eric_Philippi_Pressefoto4_cHeimat2050-285x190.jpeg 285w, https:\/\/smago.de\/ws2\/wp-content\/uploads\/2023\/03\/Eric_Philippi_Pressefoto4_cHeimat2050-435x290.jpeg 435w, https:\/\/smago.de\/ws2\/wp-content\/uploads\/2023\/03\/Eric_Philippi_Pressefoto4_cHeimat2050-150x100.jpeg 150w, https:\/\/smago.de\/ws2\/wp-content\/uploads\/2023\/03\/Eric_Philippi_Pressefoto4_cHeimat2050-370x247.jpeg 370w\" sizes=\"(max-width: 800px) 100vw, 800px\" \/><figcaption id=\"caption-attachment-198752\" class=\"wp-caption-text\"><em>Foto-Credit: Heimat2050<\/em><\/figcaption><\/figure>\n","protected":false},"excerpt":{"rendered":"<p>Vielseitigkeit ist Trumpf in diesen Zeiten!<\/p>\n","protected":false},"author":2,"featured_media":198752,"comment_status":"open","ping_status":"closed","sticky":false,"template":"","format":"standard","meta":{"_FSMCFIC_featured_image_caption":"","_FSMCFIC_featured_image_nocaption":"","_FSMCFIC_featured_image_hide":""},"categories":[28,39,128],"tags":[1691],"acf":[],"_links":{"self":[{"href":"https:\/\/smago.de\/ws2\/wp-json\/wp\/v2\/posts\/210739"}],"collection":[{"href":"https:\/\/smago.de\/ws2\/wp-json\/wp\/v2\/posts"}],"about":[{"href":"https:\/\/smago.de\/ws2\/wp-json\/wp\/v2\/types\/post"}],"author":[{"embeddable":true,"href":"https:\/\/smago.de\/ws2\/wp-json\/wp\/v2\/users\/2"}],"replies":[{"embeddable":true,"href":"https:\/\/smago.de\/ws2\/wp-json\/wp\/v2\/comments?post=210739"}],"version-history":[{"count":4,"href":"https:\/\/smago.de\/ws2\/wp-json\/wp\/v2\/posts\/210739\/revisions"}],"predecessor-version":[{"id":210744,"href":"https:\/\/smago.de\/ws2\/wp-json\/wp\/v2\/posts\/210739\/revisions\/210744"}],"wp:featuredmedia":[{"embeddable":true,"href":"https:\/\/smago.de\/ws2\/wp-json\/wp\/v2\/media\/198752"}],"wp:attachment":[{"href":"https:\/\/smago.de\/ws2\/wp-json\/wp\/v2\/media?parent=210739"}],"wp:term":[{"taxonomy":"category","embeddable":true,"href":"https:\/\/smago.de\/ws2\/wp-json\/wp\/v2\/categories?post=210739"},{"taxonomy":"post_tag","embeddable":true,"href":"https:\/\/smago.de\/ws2\/wp-json\/wp\/v2\/tags?post=210739"}],"curies":[{"name":"wp","href":"https:\/\/api.w.org\/{rel}","templated":true}]}}