{"id":210326,"date":"2023-09-29T00:00:32","date_gmt":"2023-09-28T22:00:32","guid":{"rendered":"https:\/\/smago.de\/ws2\/?p=210326"},"modified":"2023-09-29T09:53:45","modified_gmt":"2023-09-29T07:53:45","slug":"die-romanas","status":"publish","type":"post","link":"https:\/\/smago.de\/ws2\/uncategorized\/die-romanas\/","title":{"rendered":"DIE ROMANAS <br>Die Romanas verleihen &#8222;Helfende H\u00e4nde&#8220; Awards an Andy Borg, Johnny Thomann und Andy Tichler!"},"content":{"rendered":"<p>Christian Frey und Michael Peter Obst traten am 23.09.2023 als Sonderg\u00e4ste bei der Veranstaltung &#8222;Schlager &amp; Spa\u00df&#8220; mit Andy Borg mit Stargast Patrick Lindner im Kulturhaus Gotha auf!<br \/>\n<!--more--><\/p>\n<p>&nbsp;<\/p>\n<p>&nbsp;<\/p>\n<p>&nbsp;<\/p>\n<p>&nbsp;<\/p>\n<p style=\"text-align: justify;\"><em>&#8222;Unbezahlbar ist die Hand, die hilft, wenn man sie braucht.&#8220;<\/em><\/p>\n<p style=\"text-align: justify;\">\n<p style=\"text-align: justify;\">Getreu diesem Motto haben DIE ROMANAS am sp\u00e4teren Samstagnachmittag (23.09.2023) im Kulturhaus Gotha gleich drei &#8222;Helfende H\u00e4nde&#8220; Awards verliehen, n\u00e4mlich an Andy Borg, der sie im Rahmen der Tournee &#8222;Schlager &amp; Spa\u00df&#8220; als Sonderg\u00e4ste pr\u00e4sentierte, an den Veranstalter Joseph &#8222;Johnny&#8220; Thomann (THOMANN Management) sowie an <em>smago!<\/em> Chefredakteur Andy Tichler.<\/p>\n<p style=\"text-align: justify;\">&#8222;Ich sage immer: Andy Borg ist ein Idol!&#8220;, merkte Christian Frey unter tosendem Beifall des Publikums an. &#8222;Der Mann ist &#8217;ne Kanone!&#8220;<\/p>\n<p style=\"text-align: justify;\">&#8222;Eine KanonenKUGEL&#8220;, witzelte Andy Borg.<\/p>\n<p style=\"text-align: justify;\">Doch Christian Frey lie\u00df sich nicht aus dem Konzept bringen: &#8222;Was der Andy anf\u00e4ngt, ist mega. Wir verneigen uns vor Andy Borg.&#8220;<\/p>\n<p style=\"text-align: justify;\">Und deswegen: &#8222;ein symbolischer Preis von uns \u2013 zwei H\u00e4nde.&#8220; Denn: &#8222;Ohne helfende H\u00e4nde funktioniert das Leben nicht.&#8220;<\/p>\n<p style=\"text-align: justify;\">Und so wurde auch Johnny &#8222;Johnny&#8220; Thomann ausgezeichnet und mit den Worten &#8222;Wir verneigen uns vor dieser Leistung \u2013 50 Jahre Thomann&#8220; geehrt.<\/p>\n<p style=\"text-align: justify;\"><em>smago!<\/em> Chefredakteur Andy Tichler wurde gar als &#8222;Urvater der Romanas&#8220; bezeichnet und als der &#8222;Geburtshelfer&#8220; der Romanas. (N\u00e4heres ist <strong><a href=\"https:\/\/www.die-romanas.de\/ueberuns#DIEROMANAS\">HIER<\/a><\/strong> nachzulesen!)<\/p>\n<p>&nbsp;<\/p>\n<p>&nbsp;<\/p>\n<p>&nbsp;<\/p>\n<p style=\"text-align: justify;\"><img decoding=\"async\" loading=\"lazy\" class=\"alignnone size-large wp-image-210378\" src=\"https:\/\/smago.de\/ws2\/wp-content\/uploads\/2093\/09\/t1-492x800.jpg\" alt=\"\" width=\"492\" height=\"800\" srcset=\"https:\/\/smago.de\/ws2\/wp-content\/uploads\/2093\/09\/t1-492x800.jpg 492w, https:\/\/smago.de\/ws2\/wp-content\/uploads\/2093\/09\/t1-321x522.jpg 321w, https:\/\/smago.de\/ws2\/wp-content\/uploads\/2093\/09\/t1-92x150.jpg 92w, https:\/\/smago.de\/ws2\/wp-content\/uploads\/2093\/09\/t1-768x1249.jpg 768w, https:\/\/smago.de\/ws2\/wp-content\/uploads\/2093\/09\/t1-945x1536.jpg 945w, https:\/\/smago.de\/ws2\/wp-content\/uploads\/2093\/09\/t1-1259x2048.jpg 1259w, https:\/\/smago.de\/ws2\/wp-content\/uploads\/2093\/09\/t1-167x272.jpg 167w, https:\/\/smago.de\/ws2\/wp-content\/uploads\/2093\/09\/t1-369x600.jpg 369w, https:\/\/smago.de\/ws2\/wp-content\/uploads\/2093\/09\/t1-80x130.jpg 80w, https:\/\/smago.de\/ws2\/wp-content\/uploads\/2093\/09\/t1-274x445.jpg 274w, https:\/\/smago.de\/ws2\/wp-content\/uploads\/2093\/09\/t1-117x190.jpg 117w, https:\/\/smago.de\/ws2\/wp-content\/uploads\/2093\/09\/t1-178x290.jpg 178w, https:\/\/smago.de\/ws2\/wp-content\/uploads\/2093\/09\/t1-scaled.jpg 1574w\" sizes=\"(max-width: 492px) 100vw, 492px\" \/><\/p>\n<p>&nbsp;<\/p>\n<p>&nbsp;<\/p>\n<p>&nbsp;<\/p>\n<p><img decoding=\"async\" loading=\"lazy\" class=\"alignnone size-large wp-image-210380\" src=\"https:\/\/smago.de\/ws2\/wp-content\/uploads\/2093\/09\/t3-492x800.jpg\" alt=\"\" width=\"492\" height=\"800\" srcset=\"https:\/\/smago.de\/ws2\/wp-content\/uploads\/2093\/09\/t3-492x800.jpg 492w, https:\/\/smago.de\/ws2\/wp-content\/uploads\/2093\/09\/t3-321x522.jpg 321w, https:\/\/smago.de\/ws2\/wp-content\/uploads\/2093\/09\/t3-92x150.jpg 92w, https:\/\/smago.de\/ws2\/wp-content\/uploads\/2093\/09\/t3-768x1249.jpg 768w, https:\/\/smago.de\/ws2\/wp-content\/uploads\/2093\/09\/t3-945x1536.jpg 945w, https:\/\/smago.de\/ws2\/wp-content\/uploads\/2093\/09\/t3-1259x2048.jpg 1259w, https:\/\/smago.de\/ws2\/wp-content\/uploads\/2093\/09\/t3-167x272.jpg 167w, https:\/\/smago.de\/ws2\/wp-content\/uploads\/2093\/09\/t3-369x600.jpg 369w, https:\/\/smago.de\/ws2\/wp-content\/uploads\/2093\/09\/t3-80x130.jpg 80w, https:\/\/smago.de\/ws2\/wp-content\/uploads\/2093\/09\/t3-274x445.jpg 274w, https:\/\/smago.de\/ws2\/wp-content\/uploads\/2093\/09\/t3-117x190.jpg 117w, https:\/\/smago.de\/ws2\/wp-content\/uploads\/2093\/09\/t3-178x290.jpg 178w, https:\/\/smago.de\/ws2\/wp-content\/uploads\/2093\/09\/t3-scaled.jpg 1574w\" sizes=\"(max-width: 492px) 100vw, 492px\" \/><\/p>\n<p>&nbsp;<\/p>\n<p>&nbsp;<\/p>\n<p>&nbsp;<\/p>\n<p>&nbsp;<\/p>\n<p><img decoding=\"async\" loading=\"lazy\" class=\"alignnone size-large wp-image-210379\" src=\"https:\/\/smago.de\/ws2\/wp-content\/uploads\/2093\/09\/t2-492x800.jpg\" alt=\"\" width=\"492\" height=\"800\" srcset=\"https:\/\/smago.de\/ws2\/wp-content\/uploads\/2093\/09\/t2-492x800.jpg 492w, https:\/\/smago.de\/ws2\/wp-content\/uploads\/2093\/09\/t2-321x522.jpg 321w, https:\/\/smago.de\/ws2\/wp-content\/uploads\/2093\/09\/t2-92x150.jpg 92w, https:\/\/smago.de\/ws2\/wp-content\/uploads\/2093\/09\/t2-768x1249.jpg 768w, https:\/\/smago.de\/ws2\/wp-content\/uploads\/2093\/09\/t2-945x1536.jpg 945w, https:\/\/smago.de\/ws2\/wp-content\/uploads\/2093\/09\/t2-1259x2048.jpg 1259w, https:\/\/smago.de\/ws2\/wp-content\/uploads\/2093\/09\/t2-167x272.jpg 167w, https:\/\/smago.de\/ws2\/wp-content\/uploads\/2093\/09\/t2-369x600.jpg 369w, https:\/\/smago.de\/ws2\/wp-content\/uploads\/2093\/09\/t2-80x130.jpg 80w, https:\/\/smago.de\/ws2\/wp-content\/uploads\/2093\/09\/t2-274x445.jpg 274w, https:\/\/smago.de\/ws2\/wp-content\/uploads\/2093\/09\/t2-117x190.jpg 117w, https:\/\/smago.de\/ws2\/wp-content\/uploads\/2093\/09\/t2-178x290.jpg 178w, https:\/\/smago.de\/ws2\/wp-content\/uploads\/2093\/09\/t2-scaled.jpg 1574w\" sizes=\"(max-width: 492px) 100vw, 492px\" \/><\/p>\n<p>&nbsp;<\/p>\n<p>&nbsp;<\/p>\n<p>&nbsp;<\/p>\n<p><img decoding=\"async\" loading=\"lazy\" class=\"alignnone size-large wp-image-210396\" src=\"https:\/\/smago.de\/ws2\/wp-content\/uploads\/2023\/09\/romanas_award-tichler-533x800.png\" alt=\"\" width=\"533\" height=\"800\" srcset=\"https:\/\/smago.de\/ws2\/wp-content\/uploads\/2023\/09\/romanas_award-tichler-533x800.png 533w, https:\/\/smago.de\/ws2\/wp-content\/uploads\/2023\/09\/romanas_award-tichler-348x522.png 348w, https:\/\/smago.de\/ws2\/wp-content\/uploads\/2023\/09\/romanas_award-tichler-100x150.png 100w, https:\/\/smago.de\/ws2\/wp-content\/uploads\/2023\/09\/romanas_award-tichler-768x1152.png 768w, https:\/\/smago.de\/ws2\/wp-content\/uploads\/2023\/09\/romanas_award-tichler-1024x1536.png 1024w, https:\/\/smago.de\/ws2\/wp-content\/uploads\/2023\/09\/romanas_award-tichler-1366x2048.png 1366w, https:\/\/smago.de\/ws2\/wp-content\/uploads\/2023\/09\/romanas_award-tichler-181x272.png 181w, https:\/\/smago.de\/ws2\/wp-content\/uploads\/2023\/09\/romanas_award-tichler-400x600.png 400w, https:\/\/smago.de\/ws2\/wp-content\/uploads\/2023\/09\/romanas_award-tichler-87x130.png 87w, https:\/\/smago.de\/ws2\/wp-content\/uploads\/2023\/09\/romanas_award-tichler-297x445.png 297w, https:\/\/smago.de\/ws2\/wp-content\/uploads\/2023\/09\/romanas_award-tichler-127x190.png 127w, https:\/\/smago.de\/ws2\/wp-content\/uploads\/2023\/09\/romanas_award-tichler-193x290.png 193w\" sizes=\"(max-width: 533px) 100vw, 533px\" \/><\/p>\n","protected":false},"excerpt":{"rendered":"<p>Christian Frey und Michael Peter Obst traten am 23.09.2023 als Sonderg\u00e4ste bei der Veranstaltung &#8222;Schlager &amp; Spa\u00df&#8220; mit Andy Borg<\/p>\n","protected":false},"author":2,"featured_media":210381,"comment_status":"open","ping_status":"closed","sticky":false,"template":"","format":"standard","meta":{"_FSMCFIC_featured_image_caption":"","_FSMCFIC_featured_image_nocaption":"","_FSMCFIC_featured_image_hide":""},"categories":[29,39,1],"tags":[3280],"acf":[],"_links":{"self":[{"href":"https:\/\/smago.de\/ws2\/wp-json\/wp\/v2\/posts\/210326"}],"collection":[{"href":"https:\/\/smago.de\/ws2\/wp-json\/wp\/v2\/posts"}],"about":[{"href":"https:\/\/smago.de\/ws2\/wp-json\/wp\/v2\/types\/post"}],"author":[{"embeddable":true,"href":"https:\/\/smago.de\/ws2\/wp-json\/wp\/v2\/users\/2"}],"replies":[{"embeddable":true,"href":"https:\/\/smago.de\/ws2\/wp-json\/wp\/v2\/comments?post=210326"}],"version-history":[{"count":5,"href":"https:\/\/smago.de\/ws2\/wp-json\/wp\/v2\/posts\/210326\/revisions"}],"predecessor-version":[{"id":210397,"href":"https:\/\/smago.de\/ws2\/wp-json\/wp\/v2\/posts\/210326\/revisions\/210397"}],"wp:featuredmedia":[{"embeddable":true,"href":"https:\/\/smago.de\/ws2\/wp-json\/wp\/v2\/media\/210381"}],"wp:attachment":[{"href":"https:\/\/smago.de\/ws2\/wp-json\/wp\/v2\/media?parent=210326"}],"wp:term":[{"taxonomy":"category","embeddable":true,"href":"https:\/\/smago.de\/ws2\/wp-json\/wp\/v2\/categories?post=210326"},{"taxonomy":"post_tag","embeddable":true,"href":"https:\/\/smago.de\/ws2\/wp-json\/wp\/v2\/tags?post=210326"}],"curies":[{"name":"wp","href":"https:\/\/api.w.org\/{rel}","templated":true}]}}