{"id":210319,"date":"2023-09-29T00:00:41","date_gmt":"2023-09-28T22:00:41","guid":{"rendered":"https:\/\/smago.de\/ws2\/?p=210319"},"modified":"2023-09-28T10:00:54","modified_gmt":"2023-09-28T08:00:54","slug":"marko-abend-am-13-10-2023-geht-er-mit-dem-song-zurueck-ins-ruhrgebiet-an-den-start","status":"publish","type":"post","link":"https:\/\/smago.de\/ws2\/pop-schlager\/marko-abend-am-13-10-2023-geht-er-mit-dem-song-zurueck-ins-ruhrgebiet-an-den-start\/","title":{"rendered":"MARKO ABEND <br>Am 13.10.2023 geht er mit dem Song &#8222;Zur\u00fcck ins Ruhrgebiet&#8220; an den Start!"},"content":{"rendered":"<p style=\"text-align: justify;\">\u201eDie raue Stimme des Nordens\u201c meldet sich zur\u00fcck!<br \/>\n<!--more--><\/p>\n<p>Da ist sie wieder! \u201eDie raue Stimme des Nordens\u201c, MARKO ABEND liefert zur gro\u00dfen \u00dcberraschung eine musikalische Liebeserkl\u00e4rung an das Ruhrgebiet, in dem er seine Songs produziert und dessen Menschen er so sehr sch\u00e4tzt. Ein Nordlicht schreibt und performt eine Ruhrgebiet Hymne, die zum Feiern und Abtanzen einl\u00e4dt.<\/p>\n<p style=\"text-align: justify;\">Wieder arbeitet er mit seinem bew\u00e4hrten Team: Top Seven Musikproduktion ( Uwe Gall\/Udo Biessler) und mit den Videoprofis BV Film (Thomas J\u00fcnger\/Reiner Heller) zusammen und pr\u00e4sentiert einen Song der das Potential hat, eine Ruhrgebiet Hymne zu werden, wie der charismatische Mann aus dem Norden mit einem Augenzwinkern verr\u00e4t.<\/p>\n<p>Der Song ist ab 13.10.2023 auf allen Download-Portalen erh\u00e4ltlich und wird wie gewohnt von Fiesta Records (Andreas Rosmiarek) im Vertrieb von Universal Music ver\u00f6ffentlicht.<\/p>\n","protected":false},"excerpt":{"rendered":"<p>\u201eDie raue Stimme des Nordens\u201c meldet sich zur\u00fcck!<\/p>\n","protected":false},"author":2,"featured_media":210320,"comment_status":"open","ping_status":"closed","sticky":false,"template":"","format":"standard","meta":{"_FSMCFIC_featured_image_caption":"","_FSMCFIC_featured_image_nocaption":"","_FSMCFIC_featured_image_hide":""},"categories":[28],"tags":[2953],"acf":[],"_links":{"self":[{"href":"https:\/\/smago.de\/ws2\/wp-json\/wp\/v2\/posts\/210319"}],"collection":[{"href":"https:\/\/smago.de\/ws2\/wp-json\/wp\/v2\/posts"}],"about":[{"href":"https:\/\/smago.de\/ws2\/wp-json\/wp\/v2\/types\/post"}],"author":[{"embeddable":true,"href":"https:\/\/smago.de\/ws2\/wp-json\/wp\/v2\/users\/2"}],"replies":[{"embeddable":true,"href":"https:\/\/smago.de\/ws2\/wp-json\/wp\/v2\/comments?post=210319"}],"version-history":[{"count":1,"href":"https:\/\/smago.de\/ws2\/wp-json\/wp\/v2\/posts\/210319\/revisions"}],"predecessor-version":[{"id":210321,"href":"https:\/\/smago.de\/ws2\/wp-json\/wp\/v2\/posts\/210319\/revisions\/210321"}],"wp:featuredmedia":[{"embeddable":true,"href":"https:\/\/smago.de\/ws2\/wp-json\/wp\/v2\/media\/210320"}],"wp:attachment":[{"href":"https:\/\/smago.de\/ws2\/wp-json\/wp\/v2\/media?parent=210319"}],"wp:term":[{"taxonomy":"category","embeddable":true,"href":"https:\/\/smago.de\/ws2\/wp-json\/wp\/v2\/categories?post=210319"},{"taxonomy":"post_tag","embeddable":true,"href":"https:\/\/smago.de\/ws2\/wp-json\/wp\/v2\/tags?post=210319"}],"curies":[{"name":"wp","href":"https:\/\/api.w.org\/{rel}","templated":true}]}}