{"id":210298,"date":"2023-09-29T00:00:40","date_gmt":"2023-09-28T22:00:40","guid":{"rendered":"https:\/\/smago.de\/ws2\/?p=210298"},"modified":"2023-09-29T16:15:28","modified_gmt":"2023-09-29T14:15:28","slug":"volkan-baydar-feat-joja-wendt-denn-wir-lieben-es-ist-eine-hymne-an-individualitaet-und-mut","status":"publish","type":"post","link":"https:\/\/smago.de\/ws2\/pop\/volkan-baydar-feat-joja-wendt-denn-wir-lieben-es-ist-eine-hymne-an-individualitaet-und-mut\/","title":{"rendered":"VOLKAN BAYDAR feat. JOJA WENDT <br>\u201eDenn wir lieben es\u201c ist eine Hymne an Individualit\u00e4t und Mut!"},"content":{"rendered":"<p>Der ORANGE-BLUE-Frontmann fordert seine Fans auf, das Leben zu feiern!<br \/>\n<!--more--><\/p>\n<p>&nbsp;<\/p>\n<p>&nbsp;<\/p>\n<p>&nbsp;<\/p>\n<p style=\"text-align: justify;\">Vom Frontmann des renommierten Pop-Duos Orange Blue, bekannt durch Ohrw\u00fcrmer wie \u201eShe\u2019s Got That Light\u201c, kommt ein aufregender neuer Song: \u201eDenn wir lieben es\u201c. VOLKAN BAYDAR hat sich diesmal mit dem Starpianisten JOJA WENDT zusammengetan und brachte am 22. September 2023 seine erste deutschsprachige Single heraus.<\/p>\n<p style=\"text-align: justify;\">Die Single ist eine mitrei\u00dfende Mischung aus Soul, Jazz und Pop, die die Individualit\u00e4t und das Leben in all seiner F\u00fclle zelebriert. Mit Zeilen wie \u201eWir lieben&#8217;s wer wir sind, was wir tun. Wir sind frei und k\u00f6nnen nicht ruhen\u201c setzt der Song ein starkes Statement f\u00fcr Selbstakzeptanz und Authentizit\u00e4t.<\/p>\n<p style=\"text-align: justify;\">Das besondere Highlight des Tracks ist eine leidenschaftliche Jazzeinlage des Pianisten JOJA WENDT zum Song-Ende hin, die dem Lied eine zus\u00e4tzliche Dimension verleiht. Und als w\u00e4re das nicht genug, ist das dazugeh\u00f6rige Musikvideo ein echter Augenschmaus. Es zeigt BAYDAR in verschiedenen Rollen, darunter als selbstironischer Vegetarier, der ein St\u00fcck Fleisch isst, oder als S\u00e4nger, der \u201eso laut und falsch\u201c er kann auf den Stra\u00dfen performt. Und WENDT? Der begeistert mit einem Pianosolo auf dem wohl kleinsten Fl\u00fcgel der Welt.<\/p>\n<p style=\"text-align: justify;\">Der Song und das Video sind nicht nur musikalisch ein Genuss. Sie sind auch eine Botschaft von BAYDAR, der sich oft selbst als Au\u00dfenseiter sah. Er ermutigt dazu, sich von gesellschaftlichen Normen zu l\u00f6sen und mutig die eigene Einzigartigkeit zu leben \u2013 auch wenn das bedeutet, anzuecken.<\/p>\n<p style=\"text-align: justify;\">Hinter diesem Werk steht eine beeindruckende Zusammenarbeit von Talenten. Neben JOJA WENDT beteiligte sich die renommierte niederl\u00e4ndische Bl\u00e4ser-Section \u201eARISTO&#8217;S HORNZ&#8220; unter der Leitung von Jazzmusiker FRED VAN STRATEN, was Fans nostalgisch an den unvergesslichen ROGER CICERO erinnern k\u00f6nnte.<\/p>\n<p style=\"text-align: justify;\">BAYDAR, dessen Karriere durch Millionen Streams, verkaufte Platten und unz\u00e4hlige Konzerte gekennzeichnet ist, hat nicht nur seine Stimme, sondern auch sein Herz in diesen Song gelegt. Er zeigt einmal mehr, warum er seit \u00fcber zwei Jahrzehnten ein fester Bestandteil der deutschen Musikszene ist.<\/p>\n<p style=\"text-align: justify;\">F\u00fcr alle, die nach dieser Single mehr wollen: Sie dient als Vorgeschmack auf VOLKAN BAYDARs deutschsprachiges Soul-Album, das 2024 erwartet wird.<\/p>\n<p style=\"text-align: justify;\">Abseits der Musik setzt sich der charismatische S\u00e4nger mit gro\u00dfer Hingabe f\u00fcr verschiedene wohlt\u00e4tige Zwecke ein, ob im Tierschutz oder als Botschafter der NCL-Stiftung. Er zeigt, dass man nicht nur durch Musik, sondern auch durch Engagement einen Unterschied machen kann.<\/p>\n<p style=\"text-align: justify;\">\u201eDenn wir lieben es\u201c ist nicht nur ein Lied. Es ist eine Aufforderung, das Leben zu feiern, mutig zu sein und die eigene Wahrheit zu leben. Es wird sicherlich all jene inspirieren, die handgemachte Musik und echten Soul-Sound sch\u00e4tzen.<\/p>\n<p>&nbsp;<\/p>\n<p>&nbsp;<\/p>\n<p>&nbsp;<\/p>\n<p><strong><a href=\"https:\/\/save-it.cc\/reddpipe\/denn-wir-lieben-es\">ZU DEN KAUF-LINKS &#8230;:<\/a><\/strong><\/p>\n<p><iframe loading=\"lazy\" src=\"\/\/www.youtube.com\/embed\/9LvbFQCw0C0\" width=\"800\" height=\"449\" allowfullscreen=\"allowfullscreen\"><\/iframe><\/p>\n","protected":false},"excerpt":{"rendered":"<p>Der ORANGE-BLUE-Frontmann fordert seine Fans auf, das Leben zu feiern!<\/p>\n","protected":false},"author":2,"featured_media":210299,"comment_status":"open","ping_status":"closed","sticky":false,"template":"","format":"standard","meta":{"_FSMCFIC_featured_image_caption":"","_FSMCFIC_featured_image_nocaption":"","_FSMCFIC_featured_image_hide":""},"categories":[27,29],"tags":[3317],"acf":[],"_links":{"self":[{"href":"https:\/\/smago.de\/ws2\/wp-json\/wp\/v2\/posts\/210298"}],"collection":[{"href":"https:\/\/smago.de\/ws2\/wp-json\/wp\/v2\/posts"}],"about":[{"href":"https:\/\/smago.de\/ws2\/wp-json\/wp\/v2\/types\/post"}],"author":[{"embeddable":true,"href":"https:\/\/smago.de\/ws2\/wp-json\/wp\/v2\/users\/2"}],"replies":[{"embeddable":true,"href":"https:\/\/smago.de\/ws2\/wp-json\/wp\/v2\/comments?post=210298"}],"version-history":[{"count":3,"href":"https:\/\/smago.de\/ws2\/wp-json\/wp\/v2\/posts\/210298\/revisions"}],"predecessor-version":[{"id":210427,"href":"https:\/\/smago.de\/ws2\/wp-json\/wp\/v2\/posts\/210298\/revisions\/210427"}],"wp:featuredmedia":[{"embeddable":true,"href":"https:\/\/smago.de\/ws2\/wp-json\/wp\/v2\/media\/210299"}],"wp:attachment":[{"href":"https:\/\/smago.de\/ws2\/wp-json\/wp\/v2\/media?parent=210298"}],"wp:term":[{"taxonomy":"category","embeddable":true,"href":"https:\/\/smago.de\/ws2\/wp-json\/wp\/v2\/categories?post=210298"},{"taxonomy":"post_tag","embeddable":true,"href":"https:\/\/smago.de\/ws2\/wp-json\/wp\/v2\/tags?post=210298"}],"curies":[{"name":"wp","href":"https:\/\/api.w.org\/{rel}","templated":true}]}}