{"id":210248,"date":"2023-09-28T23:59:09","date_gmt":"2023-09-28T21:59:09","guid":{"rendered":"https:\/\/smago.de\/ws2\/?p=210248"},"modified":"2023-09-28T07:32:40","modified_gmt":"2023-09-28T05:32:40","slug":"hugo-egon-balder-fr-sa-29-30-09-2023-swr-fernsehen-kurzstrecke-mit-pierre-m-krause","status":"publish","type":"post","link":"https:\/\/smago.de\/ws2\/nonsens\/hugo-egon-balder-fr-sa-29-30-09-2023-swr-fernsehen-kurzstrecke-mit-pierre-m-krause\/","title":{"rendered":"HUGO EGON BALDER <br>Fr.\/Sa., 29.\/30.09.2023, SWR Fernsehen: &#8222;Kurzstrecke mit Pierre M. Krause&#8220; (Wh.!)!"},"content":{"rendered":"<p style=\"text-align: justify;\">&#8222;Hugo Egon Balder verwarzt und quarzt&#8220; \/\/ 00:10 Uhr &#8211; 00:40 Uhr!<br \/>\n<!--more--><\/p>\n<p>&nbsp;<\/p>\n<p>&nbsp;<\/p>\n<p style=\"text-align: justify;\">\n<p style=\"text-align: justify;\">Moderator HUGO EGON BALDER aus Hamburg m\u00f6chte wissen: &#8222;Was bedeutet verwarzt?&#8220; &#8211; &#8222;Hat es mit Lederjacken zu tun?&#8220; &#8211; &#8222;Richtige Antwort, Hella von Sinnen: 500 Euro!&#8220; &#8230;Ach ne, das ist ja gar nicht &#8222;Genial Daneben!&#8220;.<\/p>\n<p style=\"text-align: justify;\">In dieser Folge wird Salz auf Burger und die offenen Wunden des Humors in Deutschland gestreut.<\/p>\n<p style=\"text-align: justify;\">Au\u00dferdem verr\u00e4t Hugo Egon Balder das perfekte Lebensalter, das merkw\u00fcrdigerweise genau mit dem Zeitpunkt korreliert, an dem er schwimmen gelernt hat.<\/p>\n<p style=\"text-align: justify;\">\n<p style=\"text-align: justify;\">\n<div class=\"mceTemp\"><\/div>\n<figure id=\"attachment_210250\" aria-describedby=\"caption-attachment-210250\" style=\"width: 648px\" class=\"wp-caption alignnone\"><img decoding=\"async\" loading=\"lazy\" class=\"size-full wp-image-210250\" src=\"https:\/\/smago.de\/ws2\/wp-content\/uploads\/2023\/09\/44231792_ff54c4949b03a5a45277cbca7afbf1e3_980x365re0.jpg.webp\" alt=\"\" width=\"648\" height=\"365\" srcset=\"https:\/\/smago.de\/ws2\/wp-content\/uploads\/2023\/09\/44231792_ff54c4949b03a5a45277cbca7afbf1e3_980x365re0.jpg.webp 648w, https:\/\/smago.de\/ws2\/wp-content\/uploads\/2023\/09\/44231792_ff54c4949b03a5a45277cbca7afbf1e3_980x365re0.jpg-522x294.webp 522w, https:\/\/smago.de\/ws2\/wp-content\/uploads\/2023\/09\/44231792_ff54c4949b03a5a45277cbca7afbf1e3_980x365re0.jpg-266x150.webp 266w, https:\/\/smago.de\/ws2\/wp-content\/uploads\/2023\/09\/44231792_ff54c4949b03a5a45277cbca7afbf1e3_980x365re0.jpg-392x221.webp 392w, https:\/\/smago.de\/ws2\/wp-content\/uploads\/2023\/09\/44231792_ff54c4949b03a5a45277cbca7afbf1e3_980x365re0.jpg-130x73.webp 130w, https:\/\/smago.de\/ws2\/wp-content\/uploads\/2023\/09\/44231792_ff54c4949b03a5a45277cbca7afbf1e3_980x365re0.jpg-292x164.webp 292w, https:\/\/smago.de\/ws2\/wp-content\/uploads\/2023\/09\/44231792_ff54c4949b03a5a45277cbca7afbf1e3_980x365re0.jpg-435x245.webp 435w\" sizes=\"(max-width: 648px) 100vw, 648px\" \/><figcaption id=\"caption-attachment-210250\" class=\"wp-caption-text\"><em>Foto-Credit: SWR<\/em><\/figcaption><\/figure>\n","protected":false},"excerpt":{"rendered":"<p>&#8222;Hugo Egon Balder verwarzt und quarzt&#8220; \/\/ 00:10 Uhr &#8211; 00:40 Uhr!<\/p>\n","protected":false},"author":2,"featured_media":210250,"comment_status":"open","ping_status":"closed","sticky":false,"template":"","format":"aside","meta":{"_FSMCFIC_featured_image_caption":"","_FSMCFIC_featured_image_nocaption":"","_FSMCFIC_featured_image_hide":""},"categories":[23,29,128],"tags":[596],"acf":[],"_links":{"self":[{"href":"https:\/\/smago.de\/ws2\/wp-json\/wp\/v2\/posts\/210248"}],"collection":[{"href":"https:\/\/smago.de\/ws2\/wp-json\/wp\/v2\/posts"}],"about":[{"href":"https:\/\/smago.de\/ws2\/wp-json\/wp\/v2\/types\/post"}],"author":[{"embeddable":true,"href":"https:\/\/smago.de\/ws2\/wp-json\/wp\/v2\/users\/2"}],"replies":[{"embeddable":true,"href":"https:\/\/smago.de\/ws2\/wp-json\/wp\/v2\/comments?post=210248"}],"version-history":[{"count":2,"href":"https:\/\/smago.de\/ws2\/wp-json\/wp\/v2\/posts\/210248\/revisions"}],"predecessor-version":[{"id":210252,"href":"https:\/\/smago.de\/ws2\/wp-json\/wp\/v2\/posts\/210248\/revisions\/210252"}],"wp:featuredmedia":[{"embeddable":true,"href":"https:\/\/smago.de\/ws2\/wp-json\/wp\/v2\/media\/210250"}],"wp:attachment":[{"href":"https:\/\/smago.de\/ws2\/wp-json\/wp\/v2\/media?parent=210248"}],"wp:term":[{"taxonomy":"category","embeddable":true,"href":"https:\/\/smago.de\/ws2\/wp-json\/wp\/v2\/categories?post=210248"},{"taxonomy":"post_tag","embeddable":true,"href":"https:\/\/smago.de\/ws2\/wp-json\/wp\/v2\/tags?post=210248"}],"curies":[{"name":"wp","href":"https:\/\/api.w.org\/{rel}","templated":true}]}}