{"id":209775,"date":"2023-09-22T00:00:48","date_gmt":"2023-09-21T22:00:48","guid":{"rendered":"https:\/\/smago.de\/ws2\/?p=209775"},"modified":"2023-09-21T07:51:16","modified_gmt":"2023-09-21T05:51:16","slug":"peter-maffay-heute-22-09-2023-in-der-ndr-talk-show-zu-gast","status":"publish","type":"post","link":"https:\/\/smago.de\/ws2\/deutsch-rock\/peter-maffay-heute-22-09-2023-in-der-ndr-talk-show-zu-gast\/","title":{"rendered":"PETER MAFFAY <br>Heute (22.09.2023) in der &#8222;NDR Talk Show&#8220; zu Gast!"},"content":{"rendered":"<p>NDR Fernsehen + HR Fernsehen, 22:00 Uhr &#8211; 00:00 Uhr! Moderation: Bettina Tietjen und Johannes Wimmer!<br \/>\n<!--more--><\/p>\n<p>&nbsp;<\/p>\n<p style=\"text-align: justify;\">\n<p style=\"text-align: justify;\">\n<p style=\"text-align: justify;\"><strong>G\u00e4ste:<\/strong><\/p>\n<p style=\"text-align: justify;\">\n<p style=\"text-align: justify;\">\n<ul style=\"text-align: justify;\">\n<li>Tutty Tran, Comedian<\/li>\n<li>Prof. Michael Tsokos, Rechtsmediziner und Autor<\/li>\n<li>D\u00e9sir\u00e9e Nick, Autorin und Entertainerin<\/li>\n<li>Tobias Schlegl, Moderator und Autor<\/li>\n<li>Peter Maffay, Musiker<\/li>\n<li>Lisa Wrogemann, &#8222;Plattfluencerin&#8220;<\/li>\n<li>Muriel Baumeister, Schauspielerin<\/li>\n<\/ul>\n<p style=\"text-align: justify;\">\n<p style=\"text-align: justify;\">\n<p style=\"text-align: justify;\">\n<p style=\"text-align: justify;\">\n<p style=\"text-align: justify;\">\n<p style=\"text-align: justify;\">Bettina Tietjen und Johannes Wimmer begr\u00fc\u00dfen in der &#8222;NDR Talk Show&#8220; aus Hamburg &#8230;:<\/p>\n<p style=\"text-align: justify;\">\n<ul style=\"text-align: justify;\">\n<li><strong>Tutty Tran, Comedian<\/strong><\/li>\n<\/ul>\n<p style=\"text-align: justify;\">\n<p style=\"text-align: justify;\">Mit Gags \u00fcber seinen Vater ist Tutty Tran, Sohn vietnamesischer Eltern, bekannt geworden. Seine Mutter h\u00e4tte sich f\u00fcr ihn \u00fcber ein Abitur gefreut und sein Vater \u00fcber die R\u00fcckennummer 10 in der deutschen Fu\u00dfballnationalmannschaft. Seine gro\u00dfe Klappe katapultierte ihn aber auf Deutschlands Comedyb\u00fchnen. Hier testet er seit 2017 die Geschmacksgrenzen politischer Korrektheit seines Publikums. Jetzt hat er ein selbstironisches Toleranz-ABC mit dem Titel &#8222;Wenn nicht jetzt, wan tan&#8220; verfasst. Es gibt viel zu lernen und zu lachen mit dem selbst ernannten bekanntesten &#8222;Reisb\u00fcrger der Republik&#8220;.<\/p>\n<p style=\"text-align: justify;\">\n<p style=\"text-align: justify;\">\n<p style=\"text-align: justify;\">\n<p style=\"text-align: justify;\">\n<ul style=\"text-align: justify;\">\n<li><strong>Prof. Michael Tsokos, Rechtsmediziner und Autor<\/strong><\/li>\n<\/ul>\n<p style=\"text-align: justify;\">\n<p style=\"text-align: justify;\">Er ist Deutschlands bekanntester Forensiker und Chef der Rechtsmedizin an der Berliner Charit\u00e9: Professor Michael Tsokos. Seine B\u00fccher wurden alle zu Bestsellern, viele davon auch verfilmt. Seit Jahren ber\u00e4t er Filmteams bei der Arbeit. Mit Jan Josef Liefers zum Beispiel hat er schon zahlreiche R\u00e4tsel am Obduktionstisch gel\u00f6st. In seiner neuesten True-Crime-Serie schreibt er aus der Sicht einer Frau und schickt Rechtsmedizinerin Sabine Yao auf Spurensuche. Der 56-j\u00e4hrige Kieler Tsokos stellt aber immer wieder fest, dass die Realit\u00e4t oft grausamer ist als jede Fiktion. Warum ihn der Tod nach 25 Jahren Arbeit immer noch fasziniert und was f\u00fcr ihn daran r\u00e4tselhaft bleibt, erz\u00e4hlt Michael Tsokos in der &#8222;NDR Talk Show&#8220;.<\/p>\n<p style=\"text-align: justify;\">\n<p style=\"text-align: justify;\">\n<p style=\"text-align: justify;\">\n<p style=\"text-align: justify;\">\n<ul style=\"text-align: justify;\">\n<li><strong>D\u00e9sir\u00e9e Nick, Autorin und Entertainerin<\/strong><\/li>\n<\/ul>\n<p style=\"text-align: justify;\">\n<p style=\"text-align: justify;\">Wo sie ist, wird es bunt, schillernd, laut und oft kontrovers: D\u00e9sir\u00e9e Nick ist bekannt daf\u00fcr, kein Blatt vor den Mund zu nehmen. Sie provoziert als Autorin, Schauspielerin oder Dschungelqueen. Weil sie sich als \u00dc60-Lady auf keinen Fall in die Rolle der stillen Beobachterin zur\u00fcckziehen will, hat sie nun ein Buch mit dem Titel &#8222;Alte wei\u00dfe Frau&#8220; geschrieben. Eine Art Manifest gegen Altersdiskriminierung, die aus ihrer Sicht an jeder Ecke lauert. Wie die Berlinerin auf &#8222;F\u00fcr Dein Alter&#8220;\u2013Komplimente reagiert, ob sie Altherrenwitzen mit Altersweisheit begegnet und was sie sich f\u00fcr die n\u00e4chsten 40 Jahre vorgenommen hat, erz\u00e4hlt D\u00e9sir\u00e9e Nick mit Witz und gewohnt spitzer Zunge in der &#8222;NDR Talk Show&#8220;.<\/p>\n<p style=\"text-align: justify;\">\n<p style=\"text-align: justify;\">\n<p style=\"text-align: justify;\">\n<p style=\"text-align: justify;\">\n<ul style=\"text-align: justify;\">\n<li><strong>Tobias Schlegl, Moderator und Autor<\/strong><\/li>\n<\/ul>\n<p style=\"text-align: justify;\">\n<p style=\"text-align: justify;\">Die meisten reden davon, er tut es: 2016 zieht sich der erfolgreiche Journalist und Moderator Tobias Schlegl aus seinem Job zur\u00fcck und macht etwas Sinnvolles: eine Ausbildung zum Notfallsanit\u00e4ter. Als VIVA-Moderator, durch die Satiresendung &#8222;extra 3&#8220; und die Moderation der Kultursendung &#8222;Aspekte&#8220; wird er bekannt. 2020 besteht er seine Pr\u00fcfung zum &#8222;Notfall-Sani&#8220; und geht 2021 in seiner neuen Jobfunktion an Bord des Seenotrettungsschiffes &#8222;SEA-EYE 4&#8220;. Jetzt erscheint sein zweiter Roman \u00fcber das Leben auf der Demenzstation; &#8222;Strom&#8220; hat er ihn genannt. In der &#8222;NDR Talk Show&#8220; erz\u00e4hlt Tobi Schlegl von seinen Erlebnissen und seinen Erfahrungen mit Leben und Tod.<\/p>\n<p style=\"text-align: justify;\">\n<p style=\"text-align: justify;\">\n<p style=\"text-align: justify;\">\n<p style=\"text-align: justify;\">\n<ul style=\"text-align: justify;\">\n<li><strong>Peter Maffay, Musiker<\/strong><\/li>\n<\/ul>\n<p style=\"text-align: justify;\">\n<p style=\"text-align: justify;\">Peter Maffay geh\u00f6rt mit 20 Nummer-eins-Alben und \u00fcber 50 Millionen verkauften Tontr\u00e4gern zu den erfolgreichsten deutschen Musikern mit einer Biografie, die seinesgleichen sucht. Aufgewachsen in einem rum\u00e4nischen Dorf, Fl\u00fcchtlingskind in Bayern, Schulabbrecher, Schwabinger Gelegenheitsmusiker, Schlagerstar in den 1970er-Jahren, Rock&#8217;n&#8217;Roller mit Hang zum Exzess in den 1980er-Jahren, &#8222;Tabaluga&#8220;-Erfinder und Bundesverdienstkreuz-Tr\u00e4ger. Im kommenden Jahr feiert er seinen 75. Geburtstag und sein 55- j\u00e4hriges B\u00fchnenjubil\u00e4um. In der &#8222;NDR Talk Show&#8220; verr\u00e4t Peter Maffay, welche Pl\u00e4ne er f\u00fcr sein Jubil\u00e4umsjahr hat.<\/p>\n<p style=\"text-align: justify;\">\n<p style=\"text-align: justify;\">\n<p style=\"text-align: justify;\">\n<p style=\"text-align: justify;\">\n<ul style=\"text-align: justify;\">\n<li><strong>Lisa Wrogemann, &#8222;Plattfluencerin&#8220;<\/strong><\/li>\n<\/ul>\n<p style=\"text-align: justify;\">\n<p style=\"text-align: justify;\">Moin mien Leevsten! So begr\u00fc\u00dft die &#8222;Plattfluencerin&#8220; Lisa Wrogemann ihre Follower und Zuh\u00f6rer* innen, die mit ihr die plattdeutsche Sprache lernen und ausbauen wollen. Die junge Frau aus dem Heidekreis in Niedersachsen ist &#8222;plattd\u00fc\u00fctsche Influencerin&#8220; und will Menschen ermutigen, sowohl analog als auch digital Plattdeutsch zu sprechen, um diese Sprache am Leben zu erhalten. Sie betrei<\/p>\n<p style=\"text-align: justify;\">bt dazu die Seite eat.platt.love und den Podcast &#8222;Party, Platt &amp; Pl\u00fcschmors&#8220;. Neben plattdeutschen Lektionen auf ihren sozialen Medien dreht die Biotechnologie-Studierende zum Beispiel Videos zur plattd\u00fc\u00fctschen Meediatschoon, die sie auf YouTube hochl\u00e4dt und mit denen Entspannung und Kraft getankt werden kann. Was an Plattdeutsch so entspannend ist, was sie noch tut, um die Sprache nicht aussterben zu lassen, und mit welchen plattdeutschen Ausdr\u00fccken sie auch international kommunizieren kann, erz\u00e4hlt sie in der &#8222;NDR Talk Show&#8220;.<\/p>\n<p style=\"text-align: justify;\">\n<p style=\"text-align: justify;\">\n<p style=\"text-align: justify;\">\n<p style=\"text-align: justify;\">\n<ul style=\"text-align: justify;\">\n<li><strong>Muriel Baumeister, Schauspielerin<\/strong><\/li>\n<\/ul>\n<p style=\"text-align: justify;\">\n<p style=\"text-align: justify;\">&#8222;Ein Haus in der Toscana&#8220; ist 1990 ihr Durchbruch. Da ist sie 18, von da an geht es f\u00fcr Muriel Baumeister hoch hinaus. Raus aus den Sozialp\u00e4dagogik-Vorlesungen und rein ins Schauspielgesch\u00e4ft. Filme, Serien, Auszeichnung mit der Goldenen Kamera, die geb\u00fcrtige \u00d6sterreicherin begeistert. Doch machen die Schattenseiten des Lebens auch vor ihr nicht halt: Nach dem Suizid ihres Vaters Edwin N\u00f6el-Baumeister zieht sie sich zur\u00fcck. Alkohol wird ihr Tr\u00f6ster und schlie\u00dflich zur Sucht, bis ein Autounfall sie wachr\u00fcttelt. &#8222;Hinfallen ist keine Schande, nur liegen bleiben&#8220; lautet ihr Motto, auch als sie 2022 die Diagnose Brustkrebs bekommt. Wieder einmal hei\u00dft es f\u00fcr die heute 51-J\u00e4hrige: k\u00e4mpfen. Mit Erfolg, im Fr\u00fchjahr hatte sie ihre letzte Behandlung. Wie sie die kr\u00e4ftezehrende Therapie gemeistert hat, wer w\u00e4hrenddessen ihre gr\u00f6\u00dfte St\u00fctze war und ob sie sich nach diesem Schicksalsschlag nicht nur \u00e4u\u00dferlich, sondern auch innerlich ver\u00e4ndert hat, das erz\u00e4hlt Muriel Baumeister in der &#8222;NDR Talk Show&#8220;.<\/p>\n<p>&nbsp;<\/p>\n<p>&nbsp;<\/p>\n<p>&nbsp;<\/p>\n<figure id=\"attachment_209777\" aria-describedby=\"caption-attachment-209777\" style=\"width: 800px\" class=\"wp-caption alignnone\"><img decoding=\"async\" loading=\"lazy\" class=\"size-large wp-image-209777\" src=\"https:\/\/smago.de\/ws2\/wp-content\/uploads\/2023\/09\/1_NDR_Talk_Show_Wimmer_Tietjen-1-800x448.jpg\" alt=\"\" width=\"800\" height=\"448\" srcset=\"https:\/\/smago.de\/ws2\/wp-content\/uploads\/2023\/09\/1_NDR_Talk_Show_Wimmer_Tietjen-1-800x448.jpg 800w, https:\/\/smago.de\/ws2\/wp-content\/uploads\/2023\/09\/1_NDR_Talk_Show_Wimmer_Tietjen-1-522x292.jpg 522w, https:\/\/smago.de\/ws2\/wp-content\/uploads\/2023\/09\/1_NDR_Talk_Show_Wimmer_Tietjen-1-268x150.jpg 268w, https:\/\/smago.de\/ws2\/wp-content\/uploads\/2023\/09\/1_NDR_Talk_Show_Wimmer_Tietjen-1-768x430.jpg 768w, https:\/\/smago.de\/ws2\/wp-content\/uploads\/2023\/09\/1_NDR_Talk_Show_Wimmer_Tietjen-1-1536x860.jpg 1536w, https:\/\/smago.de\/ws2\/wp-content\/uploads\/2023\/09\/1_NDR_Talk_Show_Wimmer_Tietjen-1-2048x1147.jpg 2048w, https:\/\/smago.de\/ws2\/wp-content\/uploads\/2023\/09\/1_NDR_Talk_Show_Wimmer_Tietjen-1-392x220.jpg 392w, https:\/\/smago.de\/ws2\/wp-content\/uploads\/2023\/09\/1_NDR_Talk_Show_Wimmer_Tietjen-1-130x73.jpg 130w, https:\/\/smago.de\/ws2\/wp-content\/uploads\/2023\/09\/1_NDR_Talk_Show_Wimmer_Tietjen-1-794x445.jpg 794w, https:\/\/smago.de\/ws2\/wp-content\/uploads\/2023\/09\/1_NDR_Talk_Show_Wimmer_Tietjen-1-870x487.jpg 870w, https:\/\/smago.de\/ws2\/wp-content\/uploads\/2023\/09\/1_NDR_Talk_Show_Wimmer_Tietjen-1-292x164.jpg 292w, https:\/\/smago.de\/ws2\/wp-content\/uploads\/2023\/09\/1_NDR_Talk_Show_Wimmer_Tietjen-1-435x244.jpg 435w\" sizes=\"(max-width: 800px) 100vw, 800px\" \/><figcaption id=\"caption-attachment-209777\" class=\"wp-caption-text\"><em>Dr. Johannes Wimmer und Bettina Tietjen<\/em><\/p>\n<p><em>\u00a9 NDR \/ Hendrik L\u00fcders<\/em><\/figcaption><\/figure>\n","protected":false},"excerpt":{"rendered":"<p>NDR Fernsehen + HR Fernsehen, 22:00 Uhr &#8211; 00:00 Uhr! Moderation: Bettina Tietjen und Johannes Wimmer!<\/p>\n","protected":false},"author":2,"featured_media":209777,"comment_status":"open","ping_status":"closed","sticky":false,"template":"","format":"standard","meta":{"_FSMCFIC_featured_image_caption":"","_FSMCFIC_featured_image_nocaption":"","_FSMCFIC_featured_image_hide":""},"categories":[5,128],"tags":[254],"acf":[],"_links":{"self":[{"href":"https:\/\/smago.de\/ws2\/wp-json\/wp\/v2\/posts\/209775"}],"collection":[{"href":"https:\/\/smago.de\/ws2\/wp-json\/wp\/v2\/posts"}],"about":[{"href":"https:\/\/smago.de\/ws2\/wp-json\/wp\/v2\/types\/post"}],"author":[{"embeddable":true,"href":"https:\/\/smago.de\/ws2\/wp-json\/wp\/v2\/users\/2"}],"replies":[{"embeddable":true,"href":"https:\/\/smago.de\/ws2\/wp-json\/wp\/v2\/comments?post=209775"}],"version-history":[{"count":1,"href":"https:\/\/smago.de\/ws2\/wp-json\/wp\/v2\/posts\/209775\/revisions"}],"predecessor-version":[{"id":209778,"href":"https:\/\/smago.de\/ws2\/wp-json\/wp\/v2\/posts\/209775\/revisions\/209778"}],"wp:featuredmedia":[{"embeddable":true,"href":"https:\/\/smago.de\/ws2\/wp-json\/wp\/v2\/media\/209777"}],"wp:attachment":[{"href":"https:\/\/smago.de\/ws2\/wp-json\/wp\/v2\/media?parent=209775"}],"wp:term":[{"taxonomy":"category","embeddable":true,"href":"https:\/\/smago.de\/ws2\/wp-json\/wp\/v2\/categories?post=209775"},{"taxonomy":"post_tag","embeddable":true,"href":"https:\/\/smago.de\/ws2\/wp-json\/wp\/v2\/tags?post=209775"}],"curies":[{"name":"wp","href":"https:\/\/api.w.org\/{rel}","templated":true}]}}