{"id":209691,"date":"2023-09-21T00:00:36","date_gmt":"2023-09-20T22:00:36","guid":{"rendered":"https:\/\/smago.de\/ws2\/?p=209691"},"modified":"2023-09-20T22:17:03","modified_gmt":"2023-09-20T20:17:03","slug":"fiesta-records-3","status":"publish","type":"post","link":"https:\/\/smago.de\/ws2\/pop-schlager\/fiesta-records-3\/","title":{"rendered":"ROSANNA ROCCI, SABRINA BERGER, DENIS EMS, MIRCO SANTOCONO feat. BJ\u00d6RN, ZEITFLUG u.a. <br>Fiesta Records mit 11 Songs in den Airplay Charts &#8222;Deutschland Konservativ Pop&#8220;!"},"content":{"rendered":"<p style=\"text-align: justify;\">Gesch\u00e4ftsf\u00fchrer Andreas Rosmiarek freut sich mit seinem Team \u00fcber &#8222;das beste Ergebnis seit Firmengr\u00fcndung (2009)&#8220;!<br \/>\n<!--more--><\/p>\n<p>&nbsp;<\/p>\n<p>&nbsp;<\/p>\n<p>&nbsp;<\/p>\n<p>&nbsp;<\/p>\n<p style=\"text-align: justify;\">Es ist eine echte Sensation: Die &#8222;FIESTA RECORDS GmbH&#8220; ist aktuell mit sage und schreibe 11 Songs in den Airplay Charts &#8222;Deutschland Konservativ Pop&#8220; \u2013 ermittelt durch MusicTrace \u2013 vertreten. In der 37. Chart-Woche 2023 (Erhebungszeitraum: 08.09.2023 &#8211; 14.09.2023) bringen Andreas Rosmiarek und sein Team eine ganze &#8222;Fu\u00dfballmannschaft&#8220; zusammen &#8230;<\/p>\n<p style=\"text-align: justify;\">&#8222;Das ist das beste Ergebnis seit Firmengr\u00fcndung (2009)&#8220;, so Andreas Rosmiarek gegen\u00fcber <strong><a href=\"http:\/\/www.smago.de\">www.smago.de<\/a><\/strong>. &#8222;Seitdem wir zus\u00e4tzlich zu den externen Rundfunkpromotern eine eigene Rundfunkpromotion-Abteilung\u00a0(Leitung: Rebecca Rosmiarek) haben, sind wir im Airplay noch erfolgreicher&#8220;, freut sich der erfolgreiche Unternehmer weiter \u2013 und das weniger f\u00fcr sich selbst als &#8222;f\u00fcr alle beteiligten K\u00fcnstler, Produzenten und Urheber (Textdichterer und Komponisten)&#8220;, wie er ausdr\u00fccklich betont &#8230;:<\/p>\n<p style=\"text-align: justify;\">Andreas Rosmiarek mit Rebecca Rosmiarek und dem gesamten &#8222;FIESTA RECORDS GmbH&#8220; Team:<em> &#8222;Wir sind unglaublich stolz \u00fcber das Ergebnis und bedanken uns herzlichen bei allen K\u00fcnstlern f\u00fcr ihr Vertrauen und bei den Radiosendern, die unsere Songs flei\u00dfig spielen.&#8220;<\/em>.<\/p>\n<p>&nbsp;<\/p>\n<p>&nbsp;<\/p>\n<p>&nbsp;<\/p>\n<p>&nbsp;<\/p>\n<figure id=\"attachment_209722\" aria-describedby=\"caption-attachment-209722\" style=\"width: 800px\" class=\"wp-caption alignnone\"><img decoding=\"async\" loading=\"lazy\" class=\"size-large wp-image-209722\" src=\"https:\/\/smago.de\/ws2\/wp-content\/uploads\/2023\/09\/fiesta1-800x671.jpeg\" alt=\"\" width=\"800\" height=\"671\" srcset=\"https:\/\/smago.de\/ws2\/wp-content\/uploads\/2023\/09\/fiesta1-800x671.jpeg 800w, https:\/\/smago.de\/ws2\/wp-content\/uploads\/2023\/09\/fiesta1-522x438.jpeg 522w, https:\/\/smago.de\/ws2\/wp-content\/uploads\/2023\/09\/fiesta1-179x150.jpeg 179w, https:\/\/smago.de\/ws2\/wp-content\/uploads\/2023\/09\/fiesta1-768x644.jpeg 768w, https:\/\/smago.de\/ws2\/wp-content\/uploads\/2023\/09\/fiesta1-324x272.jpeg 324w, https:\/\/smago.de\/ws2\/wp-content\/uploads\/2023\/09\/fiesta1-716x600.jpeg 716w, https:\/\/smago.de\/ws2\/wp-content\/uploads\/2023\/09\/fiesta1-130x109.jpeg 130w, https:\/\/smago.de\/ws2\/wp-content\/uploads\/2023\/09\/fiesta1-531x445.jpeg 531w, https:\/\/smago.de\/ws2\/wp-content\/uploads\/2023\/09\/fiesta1-623x522.jpeg 623w, https:\/\/smago.de\/ws2\/wp-content\/uploads\/2023\/09\/fiesta1-227x190.jpeg 227w, https:\/\/smago.de\/ws2\/wp-content\/uploads\/2023\/09\/fiesta1-346x290.jpeg 346w, https:\/\/smago.de\/ws2\/wp-content\/uploads\/2023\/09\/fiesta1.jpeg 940w\" sizes=\"(max-width: 800px) 100vw, 800px\" \/><figcaption id=\"caption-attachment-209722\" class=\"wp-caption-text\"><em>Foto-Credit: FIESTA RECORDS GmbH<\/em><\/figcaption><\/figure>\n<p>&nbsp;<\/p>\n<p>&nbsp;<\/p>\n<p>&nbsp;<\/p>\n<p>&nbsp;<\/p>\n<p>&nbsp;<\/p>\n<figure id=\"attachment_209727\" aria-describedby=\"caption-attachment-209727\" style=\"width: 800px\" class=\"wp-caption alignnone\"><img decoding=\"async\" loading=\"lazy\" class=\"size-large wp-image-209727\" src=\"https:\/\/smago.de\/ws2\/wp-content\/uploads\/2023\/09\/fiesta2-3-800x671.jpeg\" alt=\"\" width=\"800\" height=\"671\" srcset=\"https:\/\/smago.de\/ws2\/wp-content\/uploads\/2023\/09\/fiesta2-3-800x671.jpeg 800w, https:\/\/smago.de\/ws2\/wp-content\/uploads\/2023\/09\/fiesta2-3-522x438.jpeg 522w, https:\/\/smago.de\/ws2\/wp-content\/uploads\/2023\/09\/fiesta2-3-179x150.jpeg 179w, https:\/\/smago.de\/ws2\/wp-content\/uploads\/2023\/09\/fiesta2-3-768x644.jpeg 768w, https:\/\/smago.de\/ws2\/wp-content\/uploads\/2023\/09\/fiesta2-3-324x272.jpeg 324w, https:\/\/smago.de\/ws2\/wp-content\/uploads\/2023\/09\/fiesta2-3-716x600.jpeg 716w, https:\/\/smago.de\/ws2\/wp-content\/uploads\/2023\/09\/fiesta2-3-130x109.jpeg 130w, https:\/\/smago.de\/ws2\/wp-content\/uploads\/2023\/09\/fiesta2-3-531x445.jpeg 531w, https:\/\/smago.de\/ws2\/wp-content\/uploads\/2023\/09\/fiesta2-3-623x522.jpeg 623w, https:\/\/smago.de\/ws2\/wp-content\/uploads\/2023\/09\/fiesta2-3-227x190.jpeg 227w, https:\/\/smago.de\/ws2\/wp-content\/uploads\/2023\/09\/fiesta2-3-346x290.jpeg 346w, https:\/\/smago.de\/ws2\/wp-content\/uploads\/2023\/09\/fiesta2-3.jpeg 940w\" sizes=\"(max-width: 800px) 100vw, 800px\" \/><figcaption id=\"caption-attachment-209727\" class=\"wp-caption-text\"><i>Foto-Credit: FIESTA RECORDS GmbH <\/i><\/figcaption><\/figure>\n<p>&nbsp;<\/p>\n<p>&nbsp;<\/p>\n<p>&nbsp;<\/p>\n<figure id=\"attachment_209716\" aria-describedby=\"caption-attachment-209716\" style=\"width: 533px\" class=\"wp-caption alignnone\"><img decoding=\"async\" loading=\"lazy\" class=\"size-large wp-image-209716\" src=\"https:\/\/smago.de\/ws2\/wp-content\/uploads\/2083\/09\/3-Andreas-und-Rebecca-Award-533x800.jpg\" alt=\"\" width=\"533\" height=\"800\" srcset=\"https:\/\/smago.de\/ws2\/wp-content\/uploads\/2083\/09\/3-Andreas-und-Rebecca-Award-533x800.jpg 533w, https:\/\/smago.de\/ws2\/wp-content\/uploads\/2083\/09\/3-Andreas-und-Rebecca-Award-348x522.jpg 348w, https:\/\/smago.de\/ws2\/wp-content\/uploads\/2083\/09\/3-Andreas-und-Rebecca-Award-100x150.jpg 100w, https:\/\/smago.de\/ws2\/wp-content\/uploads\/2083\/09\/3-Andreas-und-Rebecca-Award-768x1152.jpg 768w, https:\/\/smago.de\/ws2\/wp-content\/uploads\/2083\/09\/3-Andreas-und-Rebecca-Award-1024x1536.jpg 1024w, https:\/\/smago.de\/ws2\/wp-content\/uploads\/2083\/09\/3-Andreas-und-Rebecca-Award-1365x2048.jpg 1365w, https:\/\/smago.de\/ws2\/wp-content\/uploads\/2083\/09\/3-Andreas-und-Rebecca-Award-181x272.jpg 181w, https:\/\/smago.de\/ws2\/wp-content\/uploads\/2083\/09\/3-Andreas-und-Rebecca-Award-400x600.jpg 400w, https:\/\/smago.de\/ws2\/wp-content\/uploads\/2083\/09\/3-Andreas-und-Rebecca-Award-87x130.jpg 87w, https:\/\/smago.de\/ws2\/wp-content\/uploads\/2083\/09\/3-Andreas-und-Rebecca-Award-297x445.jpg 297w, https:\/\/smago.de\/ws2\/wp-content\/uploads\/2083\/09\/3-Andreas-und-Rebecca-Award-127x190.jpg 127w, https:\/\/smago.de\/ws2\/wp-content\/uploads\/2083\/09\/3-Andreas-und-Rebecca-Award-193x290.jpg 193w, https:\/\/smago.de\/ws2\/wp-content\/uploads\/2083\/09\/3-Andreas-und-Rebecca-Award-scaled.jpg 1707w\" sizes=\"(max-width: 533px) 100vw, 533px\" \/><figcaption id=\"caption-attachment-209716\" class=\"wp-caption-text\"><em>Foto-Credit: FIESTA RECORDS GmbH<\/em><\/figcaption><\/figure>\n<p>&nbsp;<\/p>\n<p>&nbsp;<\/p>\n<p>&nbsp;<\/p>\n<figure id=\"attachment_209717\" aria-describedby=\"caption-attachment-209717\" style=\"width: 800px\" class=\"wp-caption alignnone\"><img decoding=\"async\" loading=\"lazy\" class=\"size-large wp-image-209717\" src=\"https:\/\/smago.de\/ws2\/wp-content\/uploads\/2083\/09\/FIESTA_RECORDS-\u2013-Logo-800x800.jpeg\" alt=\"\" width=\"800\" height=\"800\" srcset=\"https:\/\/smago.de\/ws2\/wp-content\/uploads\/2083\/09\/FIESTA_RECORDS-\u2013-Logo-800x800.jpeg 800w, https:\/\/smago.de\/ws2\/wp-content\/uploads\/2083\/09\/FIESTA_RECORDS-\u2013-Logo-522x522.jpeg 522w, https:\/\/smago.de\/ws2\/wp-content\/uploads\/2083\/09\/FIESTA_RECORDS-\u2013-Logo-150x150.jpeg 150w, https:\/\/smago.de\/ws2\/wp-content\/uploads\/2083\/09\/FIESTA_RECORDS-\u2013-Logo-768x769.jpeg 768w, https:\/\/smago.de\/ws2\/wp-content\/uploads\/2083\/09\/FIESTA_RECORDS-\u2013-Logo-272x272.jpeg 272w, https:\/\/smago.de\/ws2\/wp-content\/uploads\/2083\/09\/FIESTA_RECORDS-\u2013-Logo-599x600.jpeg 599w, https:\/\/smago.de\/ws2\/wp-content\/uploads\/2083\/09\/FIESTA_RECORDS-\u2013-Logo-130x130.jpeg 130w, https:\/\/smago.de\/ws2\/wp-content\/uploads\/2083\/09\/FIESTA_RECORDS-\u2013-Logo-444x445.jpeg 444w, https:\/\/smago.de\/ws2\/wp-content\/uploads\/2083\/09\/FIESTA_RECORDS-\u2013-Logo-521x522.jpeg 521w, https:\/\/smago.de\/ws2\/wp-content\/uploads\/2083\/09\/FIESTA_RECORDS-\u2013-Logo-190x190.jpeg 190w, https:\/\/smago.de\/ws2\/wp-content\/uploads\/2083\/09\/FIESTA_RECORDS-\u2013-Logo-290x290.jpeg 290w, https:\/\/smago.de\/ws2\/wp-content\/uploads\/2083\/09\/FIESTA_RECORDS-\u2013-Logo.jpeg 804w\" sizes=\"(max-width: 800px) 100vw, 800px\" \/><figcaption id=\"caption-attachment-209717\" class=\"wp-caption-text\"><em>Foto-Credit: FIESTA RECORDS GmbH<\/em><\/figcaption><\/figure>\n<p>&nbsp;<\/p>\n<p>&nbsp;<\/p>\n<p>&nbsp;<\/p>\n<figure id=\"attachment_209719\" aria-describedby=\"caption-attachment-209719\" style=\"width: 800px\" class=\"wp-caption alignnone\"><img decoding=\"async\" loading=\"lazy\" class=\"size-large wp-image-209719\" src=\"https:\/\/smago.de\/ws2\/wp-content\/uploads\/2083\/09\/FIESTA_RECORDS_Logo-800x296.jpeg\" alt=\"\" width=\"800\" height=\"296\" srcset=\"https:\/\/smago.de\/ws2\/wp-content\/uploads\/2083\/09\/FIESTA_RECORDS_Logo-800x296.jpeg 800w, https:\/\/smago.de\/ws2\/wp-content\/uploads\/2083\/09\/FIESTA_RECORDS_Logo-522x193.jpeg 522w, https:\/\/smago.de\/ws2\/wp-content\/uploads\/2083\/09\/FIESTA_RECORDS_Logo-292x108.jpeg 292w, https:\/\/smago.de\/ws2\/wp-content\/uploads\/2083\/09\/FIESTA_RECORDS_Logo-768x284.jpeg 768w, https:\/\/smago.de\/ws2\/wp-content\/uploads\/2083\/09\/FIESTA_RECORDS_Logo-392x145.jpeg 392w, https:\/\/smago.de\/ws2\/wp-content\/uploads\/2083\/09\/FIESTA_RECORDS_Logo-130x48.jpeg 130w, https:\/\/smago.de\/ws2\/wp-content\/uploads\/2083\/09\/FIESTA_RECORDS_Logo-870x322.jpeg 870w, https:\/\/smago.de\/ws2\/wp-content\/uploads\/2083\/09\/FIESTA_RECORDS_Logo-435x161.jpeg 435w, https:\/\/smago.de\/ws2\/wp-content\/uploads\/2083\/09\/FIESTA_RECORDS_Logo.jpeg 1245w\" sizes=\"(max-width: 800px) 100vw, 800px\" \/><figcaption id=\"caption-attachment-209719\" class=\"wp-caption-text\"><em>Foto-Credit: FIESTA RECORDS GmbH<\/em><\/figcaption><\/figure>\n<p>&nbsp;<\/p>\n<p>&nbsp;<\/p>\n<p>&nbsp;<\/p>\n<figure id=\"attachment_209715\" aria-describedby=\"caption-attachment-209715\" style=\"width: 800px\" class=\"wp-caption alignnone\"><img decoding=\"async\" loading=\"lazy\" class=\"size-large wp-image-209715\" src=\"https:\/\/smago.de\/ws2\/wp-content\/uploads\/2083\/09\/4-Andreas-und-Rebecca-Award-800x667.jpg\" alt=\"\" width=\"800\" height=\"667\" srcset=\"https:\/\/smago.de\/ws2\/wp-content\/uploads\/2083\/09\/4-Andreas-und-Rebecca-Award-800x667.jpg 800w, https:\/\/smago.de\/ws2\/wp-content\/uploads\/2083\/09\/4-Andreas-und-Rebecca-Award-522x435.jpg 522w, https:\/\/smago.de\/ws2\/wp-content\/uploads\/2083\/09\/4-Andreas-und-Rebecca-Award-180x150.jpg 180w, https:\/\/smago.de\/ws2\/wp-content\/uploads\/2083\/09\/4-Andreas-und-Rebecca-Award-768x641.jpg 768w, https:\/\/smago.de\/ws2\/wp-content\/uploads\/2083\/09\/4-Andreas-und-Rebecca-Award-1536x1281.jpg 1536w, https:\/\/smago.de\/ws2\/wp-content\/uploads\/2083\/09\/4-Andreas-und-Rebecca-Award-2048x1709.jpg 2048w, https:\/\/smago.de\/ws2\/wp-content\/uploads\/2083\/09\/4-Andreas-und-Rebecca-Award-326x272.jpg 326w, https:\/\/smago.de\/ws2\/wp-content\/uploads\/2083\/09\/4-Andreas-und-Rebecca-Award-719x600.jpg 719w, https:\/\/smago.de\/ws2\/wp-content\/uploads\/2083\/09\/4-Andreas-und-Rebecca-Award-130x108.jpg 130w, https:\/\/smago.de\/ws2\/wp-content\/uploads\/2083\/09\/4-Andreas-und-Rebecca-Award-533x445.jpg 533w, https:\/\/smago.de\/ws2\/wp-content\/uploads\/2083\/09\/4-Andreas-und-Rebecca-Award-626x522.jpg 626w, https:\/\/smago.de\/ws2\/wp-content\/uploads\/2083\/09\/4-Andreas-und-Rebecca-Award-228x190.jpg 228w, https:\/\/smago.de\/ws2\/wp-content\/uploads\/2083\/09\/4-Andreas-und-Rebecca-Award-348x290.jpg 348w\" sizes=\"(max-width: 800px) 100vw, 800px\" \/><figcaption id=\"caption-attachment-209715\" class=\"wp-caption-text\"><em>Foto-Credit: FIESTA RECORDS GmbH<\/em><\/figcaption><\/figure>\n<div class=\"mceTemp\"><\/div>\n","protected":false},"excerpt":{"rendered":"<p>Gesch\u00e4ftsf\u00fchrer Andreas Rosmiarek freut sich mit seinem Team \u00fcber &#8222;das beste Ergebnis seit Firmengr\u00fcndung (2009)&#8220;!<\/p>\n","protected":false},"author":2,"featured_media":209715,"comment_status":"open","ping_status":"closed","sticky":false,"template":"","format":"standard","meta":{"_FSMCFIC_featured_image_caption":"","_FSMCFIC_featured_image_nocaption":"","_FSMCFIC_featured_image_hide":""},"categories":[28,29,39],"tags":[1723,1948,2929,3298,204,735,1474],"acf":[],"_links":{"self":[{"href":"https:\/\/smago.de\/ws2\/wp-json\/wp\/v2\/posts\/209691"}],"collection":[{"href":"https:\/\/smago.de\/ws2\/wp-json\/wp\/v2\/posts"}],"about":[{"href":"https:\/\/smago.de\/ws2\/wp-json\/wp\/v2\/types\/post"}],"author":[{"embeddable":true,"href":"https:\/\/smago.de\/ws2\/wp-json\/wp\/v2\/users\/2"}],"replies":[{"embeddable":true,"href":"https:\/\/smago.de\/ws2\/wp-json\/wp\/v2\/comments?post=209691"}],"version-history":[{"count":8,"href":"https:\/\/smago.de\/ws2\/wp-json\/wp\/v2\/posts\/209691\/revisions"}],"predecessor-version":[{"id":209742,"href":"https:\/\/smago.de\/ws2\/wp-json\/wp\/v2\/posts\/209691\/revisions\/209742"}],"wp:featuredmedia":[{"embeddable":true,"href":"https:\/\/smago.de\/ws2\/wp-json\/wp\/v2\/media\/209715"}],"wp:attachment":[{"href":"https:\/\/smago.de\/ws2\/wp-json\/wp\/v2\/media?parent=209691"}],"wp:term":[{"taxonomy":"category","embeddable":true,"href":"https:\/\/smago.de\/ws2\/wp-json\/wp\/v2\/categories?post=209691"},{"taxonomy":"post_tag","embeddable":true,"href":"https:\/\/smago.de\/ws2\/wp-json\/wp\/v2\/tags?post=209691"}],"curies":[{"name":"wp","href":"https:\/\/api.w.org\/{rel}","templated":true}]}}