{"id":209255,"date":"2023-09-14T23:59:57","date_gmt":"2023-09-14T21:59:57","guid":{"rendered":"https:\/\/smago.de\/ws2\/?p=209255"},"modified":"2023-09-14T10:27:17","modified_gmt":"2023-09-14T08:27:17","slug":"senta-berger-u-a-fr-15-09-2023-in-der-ndr-talk-show-zu-gast","status":"publish","type":"post","link":"https:\/\/smago.de\/ws2\/schlager\/senta-berger-u-a-fr-15-09-2023-in-der-ndr-talk-show-zu-gast\/","title":{"rendered":"SENTA BERGER u.a. <br>Fr. (15.09.2023) in der &#8222;NDR Talk Show&#8220; zu Gast!"},"content":{"rendered":"<p>NDR Fernsehen + HR Fernsehen, 22:00 Uhr &#8211; 00:00 Uhr! Moderation: Hubertus Meyer-Burckhardt und Barbara Sch\u00f6neberger!<br \/>\n<!--more--><\/p>\n<p style=\"text-align: justify;\">\n<p style=\"text-align: justify;\">\n<p style=\"text-align: justify;\">Barbara Sch\u00f6neberger und Hubertus Meyer-Burckhardt begr\u00fc\u00dfen in der NDR Talk Show aus Hamburg folgende G\u00e4ste &#8230;:<\/p>\n<p style=\"text-align: justify;\">\n<p style=\"text-align: justify;\">\n<p style=\"text-align: justify;\">\n<ul style=\"text-align: justify;\">\n<li>Alfons, Kabarettist<\/li>\n<li>Senta Berger und G\u00fcnther Maria Halmer, Schauspieler<\/li>\n<li>Edin Hasanovic, Schauspieler<\/li>\n<li>Ingo Zamperoni, Journalist und Moderator<\/li>\n<li>Kati Wilhelm, Biathletin<\/li>\n<li>&#8222;Heaven Can Wait&#8220;, Chor<\/li>\n<li>Aurel Mertz, Moderator<\/li>\n<\/ul>\n<p style=\"text-align: justify;\">\n<p style=\"text-align: justify;\">\n<p style=\"text-align: justify;\">\n<p style=\"text-align: justify;\">\n<p style=\"text-align: justify;\">\n<strong>Alfons, Kabarettist<\/strong><\/p>\n<p>&nbsp;<\/p>\n<p style=\"text-align: justify;\">Ist das Ende der Menschheit schon in Sicht? Oder leuchtet da noch Licht am Ende des Tunnels? Und wenn, wenigstens eine Energiesparlampe? Das fragt sich der Kabarettist Alfons, stets auf der Suche nach Antworten. Der franz\u00f6sische Akzent, die orangefarbene Sportjacke und das Puschelmikrofon sind zu seinem Markenzeichen geworden. Ohne sie geht Emmanuel Peterfalvi als ganz normaler Deutscher oder Franzose durch, denn der in Paris geborene Hamburger hat inzwischen beide Staatsb\u00fcrgerschaften. &#8222;Der Deutschen liebster Franzose&#8220;, schrieb die &#8222;FAZ&#8220; einmal \u00fcber ihn. Begonnen hat seine Leidenschaft f\u00fcr Fragen der besonderen Art schon als Jugendlicher: Auf dem Pariser Dachboden betrieb er gemeinsam mit zwei Freunden einen Piratensender.<\/p>\n<p>&nbsp;<\/p>\n<p>&nbsp;<\/p>\n<p>&nbsp;<\/p>\n<p>&nbsp;<\/p>\n<p style=\"text-align: justify;\"><strong>Senta Berger und G\u00fcnther Maria Halmer, Schauspieler<\/strong><\/p>\n<p>&nbsp;<\/p>\n<p style=\"text-align: justify;\">Zwei Schauspielikonen machen gemeinsame Sache: Senta Berger und G\u00fcnther Maria Halmer. Sie hat als geb\u00fcrtige Wienerin in den 1960er-Jahren an der Seite von Hollywoodstars wie Charlton Heston und Yul Brynner gedreht. Nach f\u00fcnf Jahren hat sie genug von Hollywood und kehrt nach Europa zur\u00fcck. Er wurde Mitte der 1970er-Jahre bekannt mit der Figur des Tscharlie in Helmut Dietls &#8222;M\u00fcnchner Geschichten&#8220;. Beide geh\u00f6ren seitdem zur ersten Riege der hiesigen Schauspielerinnen und Schauspieler. Jetzt spielen Senta Berger und G\u00fcnther Maria Halmer gemeinsam in einem Kinofilm ein Ehepaar in den Siebzigern, dem zwei Wunderpillen helfen, den tristen Lange-Ehe-Alltag zu durchbrechen und Erinnerungen zur\u00fcckzubringen.<\/p>\n<p>&nbsp;<\/p>\n<p>&nbsp;<\/p>\n<p>&nbsp;<\/p>\n<p>&nbsp;<\/p>\n<p style=\"text-align: justify;\"><strong>Edin Hasanovic, Schauspieler<\/strong><\/p>\n<p>&nbsp;<\/p>\n<p style=\"text-align: justify;\">Sp\u00e4testens seit der Verleihung der Goldenen Kamera 2016 ist Edin Hasanovic in aller Munde. Als der Newcomer v\u00f6llig \u00fcberraschend als &#8222;bester Nachwuchsschauspieler&#8220; ausgezeichnet wird, h\u00e4lt er eine bewegende Rede: &#8222;Ich bin Fl\u00fcchtling gewesen. Mama hat mich unter schwersten Umst\u00e4nden hierhergebracht. Und ich frage mich, wie viele derer, die gerade herkommen, haben das Potenzial, hier zu stehen, unsere Schauspielkollegen und Regisseure zu sein!&#8220; 1992, Edin Hasanovic war damals erst wenige Monate alt, flieht seine Mutter mit ihm vor dem Jugoslawienkrieg aus Bosnien. In Berlin macht er Karriere als Schauspieler und sp\u00e4testens seit seiner Rolle in der mit vier Oscars ausgezeichneten Neuinterpretation des ber\u00fchmten Antikriegsfilms &#8222;Im Westen nichts Neues&#8220; ist er hei\u00df begehrt. In seinem neuen Kinofilm &#8222;Trauzeugen&#8220; spielt der 31-J\u00e4hrige einen Scheidungsanwalt, der gemeinsam mit einer Paartherapeutin pl\u00f6tzlich als Trauzeuge die Hochzeit der besten Freunde retten muss.<\/p>\n<p>&nbsp;<\/p>\n<p>&nbsp;<\/p>\n<p>&nbsp;<\/p>\n<p>&nbsp;<\/p>\n<p style=\"text-align: justify;\"><strong>Ingo Zamperoni, Journalist und Moderator<\/strong><\/p>\n<p>&nbsp;<\/p>\n<p style=\"text-align: justify;\">Zum dritten Mal schl\u00fcpft Ingo Zamperoni in die Rolle des Reporters: Nachdem der &#8222;tagesthemen&#8220;-Moderator bereits in zwei Dokumentationen am Beispiel seiner eigenen Familie dargestellt hat, wie kompliziert und verh\u00e4rtet die politischen Fronten in den USA sind, wirft Ingo Zamperoni in seiner neuen Dokumentation &#8222;Mein Italien unter Meloni&#8220; (Montag, den 18. September 2023, 20.15 Uhr, Das Erste) einen Blick nach Italien. Darin nimmt Zamperoni bewusst wieder eine pers\u00f6nliche Perspektive ein. Der Wahlhamburger mit deutscher und italienischer Staatsb\u00fcrgerschaft geht der Frage nach, was das italienische Rechtsb\u00fcndnis unter der F\u00fchrung von Giorgia Meloni f\u00fcr Deutschland und Europa bedeutet und begibt sich daf\u00fcr auf eine filmische Reise durch Italien.<\/p>\n<p>&nbsp;<\/p>\n<p>&nbsp;<\/p>\n<p>&nbsp;<\/p>\n<p>&nbsp;<\/p>\n<p style=\"text-align: justify;\"><strong>Kati Wilhelm, Biathletin<\/strong><\/p>\n<p>&nbsp;<\/p>\n<p style=\"text-align: justify;\">Sie ist Weltmeisterin, Olympiasiegerin und Sportsoldatin: Kati Wilhelm. Die ehemalige Biathletin geh\u00f6rt zu den schillerndsten Sportpers\u00f6nlichkeiten Deutschlands. Jetzt setzt sie sich f\u00fcr ein ganz besonderes Event ein: die Invictus Games. Das Sportfestival wurde von Prinz Harry gegr\u00fcndet und setzt ein Zeichen der Anerkennung f\u00fcr die Opfer, die die Milit\u00e4rangeh\u00f6rigen und ihre Familien gebracht haben. Gleichzeitig zeigt es, wie verwundete, verletzte und erkrankte Soldatinnen und Soldaten durch den Sport einen Weg zur\u00fcck ins Leben finden. Als Leistungssportlerin und Sportsoldatin kennt Kati Wilhelm den Dienst in Uniform und die Welt des Sports<\/p>\n<p style=\"text-align: justify;\">und ist nun Botschafterin der Spiele Invictus Games 2023 in D\u00fcsseldorf. Sie sagt: &#8222;Ich w\u00fcnsche mir vor allem, dass ein gro\u00dfes Publikum vor Ort ist. Auch, damit m\u00f6glichst viele Menschen auf die Rolle der Bundeswehr in der Gesellschaft aufmerksam werden und die Lebensleistung der Soldatinnen und Soldaten, inklusive ihrer Familien und Freunde w\u00fcrdigen.&#8220;<\/p>\n<p>&nbsp;<\/p>\n<p>&nbsp;<\/p>\n<p>&nbsp;<\/p>\n<p>&nbsp;<\/p>\n<p style=\"text-align: justify;\"><strong>&#8222;Heaven Can Wait&#8220;, Chor<\/strong><\/p>\n<p>&nbsp;<\/p>\n<p style=\"text-align: justify;\">Sie bringen \u00fcber 2000 Jahre Lebenserfahrung auf die B\u00fchne: Der Hamburger Chor Heaven Can Wait hat 35 Mitglieder mit einem Mindestalter von 70 Jahren. Sie treten regelm\u00e4\u00dfig im St. Pauli Theater auf und schafften es sogar schon mal in die Castingshow &#8222;Das Supertalent&#8220;. Kein Wunder: Die stimmgewaltigen Oldies pr\u00e4sentieren aktuelle Hits, rappen und bringen eine solche Lebensfreude mit, dass ihnen mit &#8222;Heaven Can Wait \u2013 Wir leben jetzt&#8220; gerade ein eigener Dokumentarfilm gewidmet worden ist. In der &#8222;NDR Talk Show&#8220; erf\u00e4hrt man, warum der Chor f\u00fcr viele Mitglieder zu einer zweiten Familie geworden ist und erlebt live, wie die S\u00e4ngerinnen und S\u00e4nger die B\u00fchne zum Beben bringen.<\/p>\n<p>&nbsp;<\/p>\n<p>&nbsp;<\/p>\n<p>&nbsp;<\/p>\n<p>&nbsp;<\/p>\n<p style=\"text-align: justify;\"><strong>Aurel Mertz, Moderator<\/strong><\/p>\n<p>&nbsp;<\/p>\n<p style=\"text-align: justify;\">Aurel Mertz ist Comedian, Moderator, Podcaster und Schauspieler. Geboren und aufgewachsen in Stuttgart, zieht er zum Studium der Publizistik und Kommunikationswissenschaften nach Wien und Istanbul und letztendlich nach Berlin. Der 34-J\u00e4hrige begeistert sich f\u00fcr Sport, Comedy, Politik und Katzen und generiert nach eigener Aussage mit gro\u00dfer Leidenschaft unterhaltsame Inhalte und nimmt sich dabei selbst nicht zu ernst. 2013 wird er von Frank Elstner entdeckt und absolviert dessen Masterclass. Inzwischen hat der geb\u00fcrtige Stuttgarter seine eigene Produktionsfirma, einige Shitstorms aufgrund gesellschaftspolitischer \u00c4u\u00dferungen \u00fcberstanden und eine neue Sendung in der ARD Mediathek. Seit 7. September moderiert Aurel Mertz gemeinsam mit Aminata Belli die junge Talkshow &#8222;deep und deutlich&#8220;, die von NDR und funk verantwortet wird, und mit zw\u00f6lf neuen Folgen startet.<\/p>\n<p>&nbsp;<\/p>\n<p>&nbsp;<\/p>\n<p>&nbsp;<\/p>\n<figure id=\"attachment_194977\" aria-describedby=\"caption-attachment-194977\" style=\"width: 800px\" class=\"wp-caption alignnone\"><img decoding=\"async\" loading=\"lazy\" class=\"size-large wp-image-194977\" src=\"https:\/\/smago.de\/ws2\/wp-content\/uploads\/2023\/01\/1_NDR_Talk_Show_Logo_2022-800x448.jpg\" alt=\"\" width=\"800\" height=\"448\" srcset=\"https:\/\/smago.de\/ws2\/wp-content\/uploads\/2023\/01\/1_NDR_Talk_Show_Logo_2022-800x448.jpg 800w, https:\/\/smago.de\/ws2\/wp-content\/uploads\/2023\/01\/1_NDR_Talk_Show_Logo_2022-522x292.jpg 522w, https:\/\/smago.de\/ws2\/wp-content\/uploads\/2023\/01\/1_NDR_Talk_Show_Logo_2022-268x150.jpg 268w, https:\/\/smago.de\/ws2\/wp-content\/uploads\/2023\/01\/1_NDR_Talk_Show_Logo_2022-768x430.jpg 768w, https:\/\/smago.de\/ws2\/wp-content\/uploads\/2023\/01\/1_NDR_Talk_Show_Logo_2022-1536x860.jpg 1536w, https:\/\/smago.de\/ws2\/wp-content\/uploads\/2023\/01\/1_NDR_Talk_Show_Logo_2022-2048x1147.jpg 2048w, https:\/\/smago.de\/ws2\/wp-content\/uploads\/2023\/01\/1_NDR_Talk_Show_Logo_2022-392x220.jpg 392w, https:\/\/smago.de\/ws2\/wp-content\/uploads\/2023\/01\/1_NDR_Talk_Show_Logo_2022-130x73.jpg 130w, https:\/\/smago.de\/ws2\/wp-content\/uploads\/2023\/01\/1_NDR_Talk_Show_Logo_2022-794x445.jpg 794w, https:\/\/smago.de\/ws2\/wp-content\/uploads\/2023\/01\/1_NDR_Talk_Show_Logo_2022-870x487.jpg 870w, https:\/\/smago.de\/ws2\/wp-content\/uploads\/2023\/01\/1_NDR_Talk_Show_Logo_2022-292x164.jpg 292w, https:\/\/smago.de\/ws2\/wp-content\/uploads\/2023\/01\/1_NDR_Talk_Show_Logo_2022-435x244.jpg 435w\" sizes=\"(max-width: 800px) 100vw, 800px\" \/><figcaption id=\"caption-attachment-194977\" class=\"wp-caption-text\"><em>\u00a9 NDR<\/em><\/figcaption><\/figure>\n","protected":false},"excerpt":{"rendered":"<p>NDR Fernsehen + HR Fernsehen, 22:00 Uhr &#8211; 00:00 Uhr! Moderation: Hubertus Meyer-Burckhardt und Barbara Sch\u00f6neberger!<\/p>\n","protected":false},"author":2,"featured_media":194977,"comment_status":"open","ping_status":"closed","sticky":false,"template":"","format":"standard","meta":{"_FSMCFIC_featured_image_caption":"","_FSMCFIC_featured_image_nocaption":"","_FSMCFIC_featured_image_hide":""},"categories":[29,128],"tags":[254],"acf":[],"_links":{"self":[{"href":"https:\/\/smago.de\/ws2\/wp-json\/wp\/v2\/posts\/209255"}],"collection":[{"href":"https:\/\/smago.de\/ws2\/wp-json\/wp\/v2\/posts"}],"about":[{"href":"https:\/\/smago.de\/ws2\/wp-json\/wp\/v2\/types\/post"}],"author":[{"embeddable":true,"href":"https:\/\/smago.de\/ws2\/wp-json\/wp\/v2\/users\/2"}],"replies":[{"embeddable":true,"href":"https:\/\/smago.de\/ws2\/wp-json\/wp\/v2\/comments?post=209255"}],"version-history":[{"count":1,"href":"https:\/\/smago.de\/ws2\/wp-json\/wp\/v2\/posts\/209255\/revisions"}],"predecessor-version":[{"id":209256,"href":"https:\/\/smago.de\/ws2\/wp-json\/wp\/v2\/posts\/209255\/revisions\/209256"}],"wp:featuredmedia":[{"embeddable":true,"href":"https:\/\/smago.de\/ws2\/wp-json\/wp\/v2\/media\/194977"}],"wp:attachment":[{"href":"https:\/\/smago.de\/ws2\/wp-json\/wp\/v2\/media?parent=209255"}],"wp:term":[{"taxonomy":"category","embeddable":true,"href":"https:\/\/smago.de\/ws2\/wp-json\/wp\/v2\/categories?post=209255"},{"taxonomy":"post_tag","embeddable":true,"href":"https:\/\/smago.de\/ws2\/wp-json\/wp\/v2\/tags?post=209255"}],"curies":[{"name":"wp","href":"https:\/\/api.w.org\/{rel}","templated":true}]}}