{"id":208975,"date":"2023-09-10T00:00:01","date_gmt":"2023-09-09T22:00:01","guid":{"rendered":"https:\/\/smago.de\/ws2\/?p=208975"},"modified":"2023-09-09T22:50:44","modified_gmt":"2023-09-09T20:50:44","slug":"gerd-simon-sein-neuer-song-das-mit-uns-ist-gross-wurde-von-natalie-holzner-und-dominik-hemmer-getextet","status":"publish","type":"post","link":"https:\/\/smago.de\/ws2\/pop-schlager\/gerd-simon-sein-neuer-song-das-mit-uns-ist-gross-wurde-von-natalie-holzner-und-dominik-hemmer-getextet\/","title":{"rendered":"GERD SIMON <br>Sein neuer Song &#8222;Das mit uns ist gro\u00df&#8220; wurde von Natalie Holzner und Dominik Hemmer getextet!"},"content":{"rendered":"<p>Dominik Hemmer hat diese Popschlager-Hymne \u2013 gemeinsam mit Michael Macher \u2013 auch komponiert!<br \/>\n<!--more--><\/p>\n<p>&nbsp;<\/p>\n<p>&nbsp;<\/p>\n<p style=\"text-align: justify;\">Er ist ein Vollblut-Musiker und ein Romantiker, und er ist in der deutschsprachigen Schlagermusik nicht mehr wegzudenken \u2013 GERD SIMON. \u201eDas mit uns ist gro\u00df\u201c ist die n\u00e4chste Single-Auskoppelung seines in K\u00fcrze erscheinenden Albums und erobert damit gerade die Herzen der Schlagerfans im gesamten deutschsprachigen Raum.<\/p>\n<p>Als Frontman einiger erfolgreicher Bands absolvierte Gerd Simon Fernsehauftritte im &#8222;Musikantenstadl&#8220; genauso wie bei Carolin Reiber oder in &#8222;Achims Hitparade&#8220;. Nun \u2013 mit der Erfahrung unz\u00e4hliger Live-Auftritte in Deutschland und \u00d6sterreich \u2013 m\u00f6chte er als Solo-K\u00fcnstler durchstarten, mit seiner sympathischen Stimme \u00fcberzeugen und vor allem viel Emotion r\u00fcberbringen.<\/p>\n<p>&nbsp;<\/p>\n<p>&nbsp;<\/p>\n<p style=\"text-align: justify;\">\n<p><strong>Musik:<\/strong> Dominik Hemmer, Michael Macher<br \/>\n<strong><br \/>\nText:<\/strong> Natalie Holzner, Dominik Hemmer<br \/>\n<strong><br \/>\nVerlag:<\/strong> ZEUS-Music<br \/>\n<strong><br \/>\nLabel:<\/strong> JUNIRECORDS<br \/>\n<strong><br \/>\nAufnahme, Mix und Mastering:<\/strong> Dominik Hemmer @USP Studio<\/p>\n","protected":false},"excerpt":{"rendered":"<p>Dominik Hemmer hat diese Popschlager-Hymne \u2013 gemeinsam mit Michael Macher \u2013 auch komponiert!<\/p>\n","protected":false},"author":2,"featured_media":208976,"comment_status":"open","ping_status":"closed","sticky":false,"template":"","format":"standard","meta":{"_FSMCFIC_featured_image_caption":"","_FSMCFIC_featured_image_nocaption":"","_FSMCFIC_featured_image_hide":""},"categories":[28],"tags":[2938],"acf":[],"_links":{"self":[{"href":"https:\/\/smago.de\/ws2\/wp-json\/wp\/v2\/posts\/208975"}],"collection":[{"href":"https:\/\/smago.de\/ws2\/wp-json\/wp\/v2\/posts"}],"about":[{"href":"https:\/\/smago.de\/ws2\/wp-json\/wp\/v2\/types\/post"}],"author":[{"embeddable":true,"href":"https:\/\/smago.de\/ws2\/wp-json\/wp\/v2\/users\/2"}],"replies":[{"embeddable":true,"href":"https:\/\/smago.de\/ws2\/wp-json\/wp\/v2\/comments?post=208975"}],"version-history":[{"count":1,"href":"https:\/\/smago.de\/ws2\/wp-json\/wp\/v2\/posts\/208975\/revisions"}],"predecessor-version":[{"id":208977,"href":"https:\/\/smago.de\/ws2\/wp-json\/wp\/v2\/posts\/208975\/revisions\/208977"}],"wp:featuredmedia":[{"embeddable":true,"href":"https:\/\/smago.de\/ws2\/wp-json\/wp\/v2\/media\/208976"}],"wp:attachment":[{"href":"https:\/\/smago.de\/ws2\/wp-json\/wp\/v2\/media?parent=208975"}],"wp:term":[{"taxonomy":"category","embeddable":true,"href":"https:\/\/smago.de\/ws2\/wp-json\/wp\/v2\/categories?post=208975"},{"taxonomy":"post_tag","embeddable":true,"href":"https:\/\/smago.de\/ws2\/wp-json\/wp\/v2\/tags?post=208975"}],"curies":[{"name":"wp","href":"https:\/\/api.w.org\/{rel}","templated":true}]}}