{"id":208971,"date":"2023-09-10T00:00:10","date_gmt":"2023-09-09T22:00:10","guid":{"rendered":"https:\/\/smago.de\/ws2\/?p=208971"},"modified":"2023-09-09T22:44:09","modified_gmt":"2023-09-09T20:44:09","slug":"herzschatten-der-neue-song-flieg-mir-mir-von-dany-und-hans-ist-eine-liebeserklaerung-der-besonderen-art","status":"publish","type":"post","link":"https:\/\/smago.de\/ws2\/pop-schlager\/herzschatten-der-neue-song-flieg-mir-mir-von-dany-und-hans-ist-eine-liebeserklaerung-der-besonderen-art\/","title":{"rendered":"HERZSCHATTEN <br>Der neue Song &#8222;Flieg mir mir&#8220; von Dany und Hans ist eine Liebeserkl\u00e4rung der besonderen Art!"},"content":{"rendered":"<p>&#8222;Hans&#8220; kennt man auch als die zweite H\u00e4lfte des legend\u00e4ren Partyschlager-Duos &#8222;Olaf &amp; Hans&#8220; &#8230;!<br \/>\n<!--more--><\/p>\n<p>&nbsp;<\/p>\n<p>&nbsp;<\/p>\n<p style=\"text-align: justify;\">\n<p style=\"text-align: justify;\">Der neue Titel von HERZSCHATTEN ist eine gelungene Symbiose zwischen herzerw\u00e4rmenden Text, Schlager- Groove und eing\u00e4ngiger Melodie. Dies geschickt gepaart mit den au\u00dferordentlichen Stimmen von Dany und Hans.<\/p>\n<p style=\"text-align: justify;\">Mit ihrer neusten Single \u201eFlieg mit mir\u201c setzt \u201eHerzschatten\u201c auf den aktuellen, aber dennoch zeitlosen Discofox -Schlager-Trend. Tiefgr\u00fcndig und fast schon poetisch, ist der Song eine Liebeserkl\u00e4rung der besonderen Art.<\/p>\n<p style=\"text-align: justify;\">Das Schlager- Duo hat seine musikalischen F\u00e4higkeiten genutzt, um einen Song zu schaffen, der die sch\u00f6nen Seiten der Liebe widerspiegelt und sowohl zum Tr\u00e4umen einl\u00e4dt als auch, durch seinen Schwung, St\u00e4rke und Fr\u00f6hlichkeit, die Tanzfl\u00e4chen f\u00fcllt.<\/p>\n<p style=\"text-align: justify;\">\u201eHerzschatten\u201c singt mit \u201eFlieg mit mir\u201c eine Botschaft der Freude und der Liebe, und richtet sich an alle, die sich nach tollen Schlagern, Unbek\u00fcmmertheit und fr\u00f6hlichen Stunden sehnen. Einfach mal kurz raus aus dem Alltag, die Liebe sp\u00fcren und eintauchen in eine melodische, romantische Zeitreise.<\/p>\n","protected":false},"excerpt":{"rendered":"<p>&#8222;Hans&#8220; kennt man auch als die zweite H\u00e4lfte des legend\u00e4ren Partyschlager-Duos &#8222;Olaf &amp; Hans&#8220; &#8230;!<\/p>\n","protected":false},"author":2,"featured_media":208972,"comment_status":"open","ping_status":"closed","sticky":false,"template":"","format":"standard","meta":{"_FSMCFIC_featured_image_caption":"","_FSMCFIC_featured_image_nocaption":"","_FSMCFIC_featured_image_hide":""},"categories":[28],"tags":[3273],"acf":[],"_links":{"self":[{"href":"https:\/\/smago.de\/ws2\/wp-json\/wp\/v2\/posts\/208971"}],"collection":[{"href":"https:\/\/smago.de\/ws2\/wp-json\/wp\/v2\/posts"}],"about":[{"href":"https:\/\/smago.de\/ws2\/wp-json\/wp\/v2\/types\/post"}],"author":[{"embeddable":true,"href":"https:\/\/smago.de\/ws2\/wp-json\/wp\/v2\/users\/2"}],"replies":[{"embeddable":true,"href":"https:\/\/smago.de\/ws2\/wp-json\/wp\/v2\/comments?post=208971"}],"version-history":[{"count":2,"href":"https:\/\/smago.de\/ws2\/wp-json\/wp\/v2\/posts\/208971\/revisions"}],"predecessor-version":[{"id":208974,"href":"https:\/\/smago.de\/ws2\/wp-json\/wp\/v2\/posts\/208971\/revisions\/208974"}],"wp:featuredmedia":[{"embeddable":true,"href":"https:\/\/smago.de\/ws2\/wp-json\/wp\/v2\/media\/208972"}],"wp:attachment":[{"href":"https:\/\/smago.de\/ws2\/wp-json\/wp\/v2\/media?parent=208971"}],"wp:term":[{"taxonomy":"category","embeddable":true,"href":"https:\/\/smago.de\/ws2\/wp-json\/wp\/v2\/categories?post=208971"},{"taxonomy":"post_tag","embeddable":true,"href":"https:\/\/smago.de\/ws2\/wp-json\/wp\/v2\/tags?post=208971"}],"curies":[{"name":"wp","href":"https:\/\/api.w.org\/{rel}","templated":true}]}}