{"id":208936,"date":"2023-09-10T00:00:05","date_gmt":"2023-09-09T22:00:05","guid":{"rendered":"https:\/\/smago.de\/ws2\/?p=208936"},"modified":"2023-09-09T21:32:19","modified_gmt":"2023-09-09T19:32:19","slug":"freddy-breck-rubin-records-praesentiert-das-beste-in-erinnerung-an-freddy-breck-auf-2-cds","status":"publish","type":"post","link":"https:\/\/smago.de\/ws2\/schlager\/freddy-breck-rubin-records-praesentiert-das-beste-in-erinnerung-an-freddy-breck-auf-2-cds\/","title":{"rendered":"FREDDY BRECK <br>RUBIN Records pr\u00e4sentiert &#8222;Das Beste \u2013 In Erinnerung&#8220; an Freddy Breck auf 2 CDs!"},"content":{"rendered":"<p>Am 17.12.2023 j\u00e4hrt sich sein Todestag zum 15. Mal!<br \/>\n<!--more--><\/p>\n<p>&nbsp;<\/p>\n<p>&nbsp;<\/p>\n<p style=\"text-align: justify;\">RUBIN Records hat &#8222;Das Beste \u2013 In Erinnerung&#8220; an FREDDY BRECK auf einer Doppel-CD zusammengestellt.<\/p>\n<p style=\"text-align: justify;\">Darauf u. a. auch enthalten: &#8222;Sandk\u00f6rner&#8220; \u2013 ganz sicher sein pers\u00f6nlichstes Lied!\u00a0Einf\u00fchlsam, authentisch und bewegend interpretiert er mit einzigartiger Stimme diese Geschichte, die das Leben schreibt. Ein tiefsinniger Text, der uns ber\u00fchrt und mit dem wir uns alle identifizieren k\u00f6nnen.\u00a0Ein besonderes Lied aus dem Doppelalbum &#8222;Das Beste \u2013 In Erinnerung&#8220;.<\/p>\n<p style=\"text-align: justify;\">Seine Mega-Hits der 70er, wie \u201eRote Rosen\u201c, \u201eBianca\u201c, \u201e\u00dcberall auf der Welt\u201c machten ihn zu einem Star der Extraklasse im In- und Ausland. Seine Hits synchronisierte er in vielen Sprachen und seine internationale Karriere begann. 35 Goldene und 5 Platinschallplatten darf er sein Eigen nennen. Man liebte den deutschen Schlagers\u00e4nger, der den Klassikern wie Verdi, Tschaikowski und Franz von Supp\u00e9 ein modern-musikalisches Gewand anzog, \u00fcber die Grenzen Europas hinaus.<\/p>\n<p style=\"text-align: justify;\">1999 wurde das Duo \u201eAstrid &amp; Freddy Breck\u201c geboren. Ganz nach dem Motto \u201eZusammen durchs Leben, zusammen durch die Show\u201c.<\/p>\n<p style=\"text-align: justify;\">Was bleibt, ist Erinnerung. 2008 ging er f\u00fcr immer von uns. Wir erinnern uns gerne an einen wunderbaren Menschen und seine unvergessenen Melodien.<\/p>\n<p style=\"text-align: justify;\">Freddy Breck \u2013 ein Mann, der f\u00fcr seine Berufung S\u00e4nger, Entertainer, Komponist, Produzent und liebender Ehemann zu sein, lebte. Ein Mann, der nicht nur positiv dachte, sondern auch so handelte und lebte. Ein Mann, der Millionen von Menschen gl\u00fccklich machte mit seiner Musik, weil er es als seine Mission ansah, ihnen den oft so grauen Alltag etwas zu versch\u00f6nen.<\/p>\n<p style=\"text-align: justify;\">Freddy Breck \u2013 Er wird immer bei uns sein, denn wir werden ihn nie vergessen und seine \u201eRote Rosen\u201c werden niemals verbl\u00fchen.<\/p>\n<p>&nbsp;<\/p>\n<p>&nbsp;<\/p>\n<p><img decoding=\"async\" loading=\"lazy\" class=\"alignnone size-large wp-image-208937\" src=\"https:\/\/smago.de\/ws2\/wp-content\/uploads\/2023\/09\/breck_dasbeste_back-800x690.jpeg\" alt=\"\" width=\"800\" height=\"690\" srcset=\"https:\/\/smago.de\/ws2\/wp-content\/uploads\/2023\/09\/breck_dasbeste_back-800x690.jpeg 800w, https:\/\/smago.de\/ws2\/wp-content\/uploads\/2023\/09\/breck_dasbeste_back-522x450.jpeg 522w, https:\/\/smago.de\/ws2\/wp-content\/uploads\/2023\/09\/breck_dasbeste_back-174x150.jpeg 174w, https:\/\/smago.de\/ws2\/wp-content\/uploads\/2023\/09\/breck_dasbeste_back-768x663.jpeg 768w, https:\/\/smago.de\/ws2\/wp-content\/uploads\/2023\/09\/breck_dasbeste_back-1536x1325.jpeg 1536w, https:\/\/smago.de\/ws2\/wp-content\/uploads\/2023\/09\/breck_dasbeste_back-2048x1767.jpeg 2048w, https:\/\/smago.de\/ws2\/wp-content\/uploads\/2023\/09\/breck_dasbeste_back-315x272.jpeg 315w, https:\/\/smago.de\/ws2\/wp-content\/uploads\/2023\/09\/breck_dasbeste_back-696x600.jpeg 696w, https:\/\/smago.de\/ws2\/wp-content\/uploads\/2023\/09\/breck_dasbeste_back-130x112.jpeg 130w, https:\/\/smago.de\/ws2\/wp-content\/uploads\/2023\/09\/breck_dasbeste_back-516x445.jpeg 516w, https:\/\/smago.de\/ws2\/wp-content\/uploads\/2023\/09\/breck_dasbeste_back-605x522.jpeg 605w, https:\/\/smago.de\/ws2\/wp-content\/uploads\/2023\/09\/breck_dasbeste_back-220x190.jpeg 220w, https:\/\/smago.de\/ws2\/wp-content\/uploads\/2023\/09\/breck_dasbeste_back-336x290.jpeg 336w\" sizes=\"(max-width: 800px) 100vw, 800px\" \/><\/p>\n","protected":false},"excerpt":{"rendered":"<p>Am 17.12.2023 j\u00e4hrt sich sein Todestag zum 15. Mal!<\/p>\n","protected":false},"author":2,"featured_media":208939,"comment_status":"open","ping_status":"closed","sticky":false,"template":"","format":"standard","meta":{"_FSMCFIC_featured_image_caption":"","_FSMCFIC_featured_image_nocaption":"","_FSMCFIC_featured_image_hide":""},"categories":[29,39],"tags":[3270],"acf":[],"_links":{"self":[{"href":"https:\/\/smago.de\/ws2\/wp-json\/wp\/v2\/posts\/208936"}],"collection":[{"href":"https:\/\/smago.de\/ws2\/wp-json\/wp\/v2\/posts"}],"about":[{"href":"https:\/\/smago.de\/ws2\/wp-json\/wp\/v2\/types\/post"}],"author":[{"embeddable":true,"href":"https:\/\/smago.de\/ws2\/wp-json\/wp\/v2\/users\/2"}],"replies":[{"embeddable":true,"href":"https:\/\/smago.de\/ws2\/wp-json\/wp\/v2\/comments?post=208936"}],"version-history":[{"count":3,"href":"https:\/\/smago.de\/ws2\/wp-json\/wp\/v2\/posts\/208936\/revisions"}],"predecessor-version":[{"id":208942,"href":"https:\/\/smago.de\/ws2\/wp-json\/wp\/v2\/posts\/208936\/revisions\/208942"}],"wp:featuredmedia":[{"embeddable":true,"href":"https:\/\/smago.de\/ws2\/wp-json\/wp\/v2\/media\/208939"}],"wp:attachment":[{"href":"https:\/\/smago.de\/ws2\/wp-json\/wp\/v2\/media?parent=208936"}],"wp:term":[{"taxonomy":"category","embeddable":true,"href":"https:\/\/smago.de\/ws2\/wp-json\/wp\/v2\/categories?post=208936"},{"taxonomy":"post_tag","embeddable":true,"href":"https:\/\/smago.de\/ws2\/wp-json\/wp\/v2\/tags?post=208936"}],"curies":[{"name":"wp","href":"https:\/\/api.w.org\/{rel}","templated":true}]}}