{"id":208538,"date":"2023-09-02T12:46:00","date_gmt":"2023-09-02T10:46:00","guid":{"rendered":"https:\/\/smago.de\/ws2\/?p=208538"},"modified":"2023-09-02T12:46:45","modified_gmt":"2023-09-02T10:46:45","slug":"pietro-lombardi-darf-er-das-pietro-lombardi-will-heute-02-09-2023-chris-tall-schlagen","status":"publish","type":"post","link":"https:\/\/smago.de\/ws2\/pop\/pietro-lombardi-darf-er-das-pietro-lombardi-will-heute-02-09-2023-chris-tall-schlagen\/","title":{"rendered":"PIETRO LOMBARDI <br>Darf er das? \u2013 Pietro Lombardi will heute (02.09.2023) Chris Tall schlagen!"},"content":{"rendered":"<p>Auf ProSieben. Live. \/\/ 20:15 Uhr &#8211; mindestens 00:15 Uhr!<br \/>\n<!--more--><\/p>\n<p>&nbsp;<\/p>\n<p>&nbsp;<\/p>\n<p>&nbsp;<\/p>\n<p style=\"text-align: justify;\">Sie f\u00fcllen Stadien mit begeisterten Fans. Ihre Stimme l\u00e4sst Herzen h\u00f6herschlagen. Ihre Namen allein l\u00f6sen unweigerlich Emotionen aus. Doch wer lacht bei &#8222;Schlag den Star&#8220; zuletzt? Und wer schmettert die Sieger-Arie? Am Samstagabend, 2. September, um 20:15 Uhr, auf ProSieben live k\u00e4mpfen Comedian Chris Tall und S\u00e4nger Pietro Lombardi um 100.000 Euro. Wer nimmt diesmal den Siegerpreis mit nach Hause?Pietro Lombardi zeigt sich im Vorfeld siegessicher: &#8222;Chris darf als Comedian ja blo\u00df seinen Humor nicht verlieren. Das sollte er auch besser nicht &#8211; dann hat er zumindest eine Sache, die er nicht verloren hat.&#8220; Doch Chris Tall nimmt die Herausfordeung ernst und beweist, dass er seinen Gegner in der Vorbereitung sehr genau studiert: &#8222;Pietro, meine CINDERELLA: Unser Verh\u00e4ltnis war immer PH\u00c4NOMENAL, aber dieser Abend wird nicht sch\u00f6n FOR YOU. Da hilft Dir nicht mal Dein K\u00c4MPFERHERZ!&#8220;<\/p>\n<p style=\"text-align: justify;\">In bis zu 15 Runden treten die beiden Gegner bei &#8222;Schlag den Star&#8220; im direkten Duell gegeneinander an. Der Gewinner erh\u00e4lt 100.000 Euro. Elton f\u00fchrt durch den Abend, Ron Ringguth kommentiert. Produziert wird &#8222;Schlag den Star&#8220; von Raab TV.<\/p>\n<p>&nbsp;<\/p>\n<p>&nbsp;<\/p>\n<p style=\"text-align: justify;\"><strong>&#8222;Schlag den Star&#8220; am Samstag, 2. September 2023, um 20:15 Uhr, live auf ProSieben und auf Joyn!<\/strong><\/p>\n<p>&nbsp;<\/p>\n<p>&nbsp;<\/p>\n<figure id=\"attachment_208539\" aria-describedby=\"caption-attachment-208539\" style=\"width: 800px\" class=\"wp-caption alignnone\"><img decoding=\"async\" loading=\"lazy\" class=\"size-large wp-image-208539\" src=\"https:\/\/smago.de\/ws2\/wp-content\/uploads\/2023\/09\/lombardi_schlagden_\u00a9-ProSiebenSteffen-Z-Wolff-800x450.webp\" alt=\"\" width=\"800\" height=\"450\" srcset=\"https:\/\/smago.de\/ws2\/wp-content\/uploads\/2023\/09\/lombardi_schlagden_\u00a9-ProSiebenSteffen-Z-Wolff-800x450.webp 800w, https:\/\/smago.de\/ws2\/wp-content\/uploads\/2023\/09\/lombardi_schlagden_\u00a9-ProSiebenSteffen-Z-Wolff-522x294.webp 522w, https:\/\/smago.de\/ws2\/wp-content\/uploads\/2023\/09\/lombardi_schlagden_\u00a9-ProSiebenSteffen-Z-Wolff-267x150.webp 267w, https:\/\/smago.de\/ws2\/wp-content\/uploads\/2023\/09\/lombardi_schlagden_\u00a9-ProSiebenSteffen-Z-Wolff-768x432.webp 768w, https:\/\/smago.de\/ws2\/wp-content\/uploads\/2023\/09\/lombardi_schlagden_\u00a9-ProSiebenSteffen-Z-Wolff-392x221.webp 392w, https:\/\/smago.de\/ws2\/wp-content\/uploads\/2023\/09\/lombardi_schlagden_\u00a9-ProSiebenSteffen-Z-Wolff-130x73.webp 130w, https:\/\/smago.de\/ws2\/wp-content\/uploads\/2023\/09\/lombardi_schlagden_\u00a9-ProSiebenSteffen-Z-Wolff-791x445.webp 791w, https:\/\/smago.de\/ws2\/wp-content\/uploads\/2023\/09\/lombardi_schlagden_\u00a9-ProSiebenSteffen-Z-Wolff-870x489.webp 870w, https:\/\/smago.de\/ws2\/wp-content\/uploads\/2023\/09\/lombardi_schlagden_\u00a9-ProSiebenSteffen-Z-Wolff-292x164.webp 292w, https:\/\/smago.de\/ws2\/wp-content\/uploads\/2023\/09\/lombardi_schlagden_\u00a9-ProSiebenSteffen-Z-Wolff-435x245.webp 435w, https:\/\/smago.de\/ws2\/wp-content\/uploads\/2023\/09\/lombardi_schlagden_\u00a9-ProSiebenSteffen-Z-Wolff-895x503.webp 895w, https:\/\/smago.de\/ws2\/wp-content\/uploads\/2023\/09\/lombardi_schlagden_\u00a9-ProSiebenSteffen-Z-Wolff.webp 1070w\" sizes=\"(max-width: 800px) 100vw, 800px\" \/><figcaption id=\"caption-attachment-208539\" class=\"wp-caption-text\"><em>\u00a9 ProSieben \/ Steffen Z Wolff<\/em><\/figcaption><\/figure>\n","protected":false},"excerpt":{"rendered":"<p>Auf ProSieben. Live. \/\/ 20:15 Uhr &#8211; mindestens 00:15 Uhr!<\/p>\n","protected":false},"author":2,"featured_media":208539,"comment_status":"open","ping_status":"closed","sticky":false,"template":"","format":"standard","meta":{"_FSMCFIC_featured_image_caption":"","_FSMCFIC_featured_image_nocaption":"","_FSMCFIC_featured_image_hide":""},"categories":[27,128],"tags":[876],"acf":[],"_links":{"self":[{"href":"https:\/\/smago.de\/ws2\/wp-json\/wp\/v2\/posts\/208538"}],"collection":[{"href":"https:\/\/smago.de\/ws2\/wp-json\/wp\/v2\/posts"}],"about":[{"href":"https:\/\/smago.de\/ws2\/wp-json\/wp\/v2\/types\/post"}],"author":[{"embeddable":true,"href":"https:\/\/smago.de\/ws2\/wp-json\/wp\/v2\/users\/2"}],"replies":[{"embeddable":true,"href":"https:\/\/smago.de\/ws2\/wp-json\/wp\/v2\/comments?post=208538"}],"version-history":[{"count":2,"href":"https:\/\/smago.de\/ws2\/wp-json\/wp\/v2\/posts\/208538\/revisions"}],"predecessor-version":[{"id":208541,"href":"https:\/\/smago.de\/ws2\/wp-json\/wp\/v2\/posts\/208538\/revisions\/208541"}],"wp:featuredmedia":[{"embeddable":true,"href":"https:\/\/smago.de\/ws2\/wp-json\/wp\/v2\/media\/208539"}],"wp:attachment":[{"href":"https:\/\/smago.de\/ws2\/wp-json\/wp\/v2\/media?parent=208538"}],"wp:term":[{"taxonomy":"category","embeddable":true,"href":"https:\/\/smago.de\/ws2\/wp-json\/wp\/v2\/categories?post=208538"},{"taxonomy":"post_tag","embeddable":true,"href":"https:\/\/smago.de\/ws2\/wp-json\/wp\/v2\/tags?post=208538"}],"curies":[{"name":"wp","href":"https:\/\/api.w.org\/{rel}","templated":true}]}}