{"id":208299,"date":"2023-08-30T00:00:16","date_gmt":"2023-08-29T22:00:16","guid":{"rendered":"https:\/\/smago.de\/ws2\/?p=208299"},"modified":"2023-08-29T21:43:30","modified_gmt":"2023-08-29T19:43:30","slug":"von-gruendorf-am-15-09-2023-hebt-er-seinen-neuen-schlagerschatz-nicht-einmal-gewarnt","status":"publish","type":"post","link":"https:\/\/smago.de\/ws2\/pop-schlager\/von-gruendorf-am-15-09-2023-hebt-er-seinen-neuen-schlagerschatz-nicht-einmal-gewarnt\/","title":{"rendered":"VON GR\u00dcNDORF <br>Am 15.09.2023 hebt er seinen neuen Schlagerschatz &#8222;Nicht einmal gewarnt&#8220;!"},"content":{"rendered":"<p style=\"text-align: justify;\">Von Gr\u00fcndorf \u2013 eine Stimme, die tief ber\u00fchrt!<br \/>\n<!--more--><\/p>\n<p style=\"text-align: justify;\">Eine Stimme, die tief ber\u00fchrt \u2013 VON GR\u00dcNDORF pr\u00e4sentiert ab dem 15.09.2023 seinen neuen Schlagerschatz &#8222;Nicht einmal gewarnt&#8220;.<\/p>\n<p>Er ist nicht nur ein S\u00e4nger, sondern ein wahrer Gentleman mit Charisma, dessen Stimme sich unausl\u00f6schlich im Ged\u00e4chtnis verankert.<\/p>\n<p style=\"text-align: justify;\">Von Gr\u00fcndorf tritt mit &#8222;Nicht einmal gewarnt&#8220; eine weitere emotionale Klangreise in die Welt der Liebe und Leidenschaft mit uns an.<\/p>\n<p style=\"text-align: justify;\">Nach dem Erfolg von &#8222;Du wirst heut Nacht nicht gehn&#8220; bleibt Von Gr\u00fcndorf seiner musikalischen Passion treu und interpretiert erneut einen tollen Song voller Herz und Hingabe. Mit einer unverwechselbaren Stimme, die tief in die Seelen seiner Zuh\u00f6rer eindringt, und viel B\u00fchnenpr\u00e4senz, ist er zu einer eigenst\u00e4ndigen Marke geworden.<\/p>\n<p style=\"text-align: justify;\">Die begeisterte Fangemeinde von Von Gr\u00fcndorf ist l\u00e4ngst \u00fcber die Grenzen \u00d6sterreichs hinausgewachsen. Das Kreativ-Team von \u201eNicht einmal gewarnt\u201c besteht aus seinem Produzenten Christian Zierhofer und den etablierten Urhebern Franco Ferraro, Martin Isenegger und Thorsten Schmidt.<\/p>\n<p style=\"text-align: justify;\">Die TV-Premiere von \u201eNicht einmal gewarnt\u201c ist am Ver\u00f6ffentlichungstag auf Sonnenklar.TV bei der Jan Kunath &amp; Co. Holiday Show \u2013 da hei\u00dft es unbedingt Einschalten.<\/p>\n<p style=\"text-align: justify;\">Vermarktung und Vertrieb \u00fcbernehmen Stella Musica aus \u00d6sterreich und Mike\u2018s Music Media (Germany) im Team \u2013 und wir haben Sie nicht einmal gewarnt \u2026<\/p>\n","protected":false},"excerpt":{"rendered":"<p>Von Gr\u00fcndorf \u2013 eine Stimme, die tief ber\u00fchrt!<\/p>\n","protected":false},"author":2,"featured_media":208300,"comment_status":"open","ping_status":"closed","sticky":false,"template":"","format":"standard","meta":{"_FSMCFIC_featured_image_caption":"","_FSMCFIC_featured_image_nocaption":"","_FSMCFIC_featured_image_hide":""},"categories":[28,29],"tags":[3052],"acf":[],"_links":{"self":[{"href":"https:\/\/smago.de\/ws2\/wp-json\/wp\/v2\/posts\/208299"}],"collection":[{"href":"https:\/\/smago.de\/ws2\/wp-json\/wp\/v2\/posts"}],"about":[{"href":"https:\/\/smago.de\/ws2\/wp-json\/wp\/v2\/types\/post"}],"author":[{"embeddable":true,"href":"https:\/\/smago.de\/ws2\/wp-json\/wp\/v2\/users\/2"}],"replies":[{"embeddable":true,"href":"https:\/\/smago.de\/ws2\/wp-json\/wp\/v2\/comments?post=208299"}],"version-history":[{"count":2,"href":"https:\/\/smago.de\/ws2\/wp-json\/wp\/v2\/posts\/208299\/revisions"}],"predecessor-version":[{"id":208302,"href":"https:\/\/smago.de\/ws2\/wp-json\/wp\/v2\/posts\/208299\/revisions\/208302"}],"wp:featuredmedia":[{"embeddable":true,"href":"https:\/\/smago.de\/ws2\/wp-json\/wp\/v2\/media\/208300"}],"wp:attachment":[{"href":"https:\/\/smago.de\/ws2\/wp-json\/wp\/v2\/media?parent=208299"}],"wp:term":[{"taxonomy":"category","embeddable":true,"href":"https:\/\/smago.de\/ws2\/wp-json\/wp\/v2\/categories?post=208299"},{"taxonomy":"post_tag","embeddable":true,"href":"https:\/\/smago.de\/ws2\/wp-json\/wp\/v2\/tags?post=208299"}],"curies":[{"name":"wp","href":"https:\/\/api.w.org\/{rel}","templated":true}]}}