{"id":208193,"date":"2023-08-27T00:00:13","date_gmt":"2023-08-26T22:00:13","guid":{"rendered":"https:\/\/smago.de\/ws2\/?p=208193"},"modified":"2023-08-26T23:27:52","modified_gmt":"2023-08-26T21:27:52","slug":"steffen-sturm-am-01-09-2023-erscheint-sein-neuer-popschlager-ohrwurm-schachmatt","status":"publish","type":"post","link":"https:\/\/smago.de\/ws2\/pop-schlager\/steffen-sturm-am-01-09-2023-erscheint-sein-neuer-popschlager-ohrwurm-schachmatt\/","title":{"rendered":"STEFFEN STURM <br>Am 01.09.2023 erscheint sein neuer Popschlager-Ohrwurm &#8222;Schachmatt&#8220;!"},"content":{"rendered":"<p>F\u00fcr den Herbst ist ein ganzes Album geplant, \u00a0was seine st\u00e4ndig wachsende Fangemeinde sicher freuen wird!<br \/>\n<!--more--><\/p>\n<p>&nbsp;<\/p>\n<p style=\"text-align: justify;\">\n<p style=\"text-align: justify;\">STEFFEN STURM ist kein unbeschriebenes Blatt mehr in der Schlagerszene: Mit seinen bisherigen Singles wie &#8222;Achterbahn&#8220;, &#8222;H\u00f6r wieder auf dein Herz&#8220; oder &#8222;Geh deinen Weg&#8220;, sang sich der sympathische Crailsheimer in die Herzen vieler Schlagerfans, was Platzierungen in den Offiziellen Radio- und DJ-Charts, dutzende TV-Auftritte und sechsstellige Streaming-Zahlen eindrucksvoll belegen.<\/p>\n<p>In seinem neuen und eing\u00e4ngigen Titel \u201eSchachmatt\u201c beschreibt der singende Profi-Schlagzeuger die gro\u00dfe Liebe und das wunderbare Gef\u00fchl, das einen manchmal au\u00dfer Gefecht setzen kann.<\/p>\n<p>Der Titel besticht durch einen mitrei\u00dfenden Refrain und einen Text der einen wahrlich \u201eSchachmatt\u201c setzt. Ein Popschlager vom Feinsten, der von niemand Geringerem als Top-Produzent Willy Kl\u00fcter produziert wurde.<\/p>\n<p>&nbsp;<\/p>\n<p>&nbsp;<\/p>\n<p>&nbsp;<\/p>\n<p style=\"text-align: justify;\">***<\/p>\n<p>Sechsstellige Plays und Views bei Spotify und Youtube, Chartpositionen in vielen Radio-und Dance-Charts und als Kr\u00f6nung Top 10-Platzierungen in den Schlagercharts beim Marktf\u00fchrer Amazon: Mit nur f\u00fcnf Single-Ver\u00f6ffentlichungen schaffte es Steffen Sturm aus Crailsheim seit seinem Solo-Deb\u00fct zum \u201eAufsteiger der Schlagerszene\u201c. Der Bl\u00e4tterwald rauscht gewaltig: Der sympathische S\u00e4nger begeisterte nicht nur die H\u00f6rer des SWR4 und Radio VHR, bei welchem er von Platz 1 der H\u00f6rercharts gr\u00fc\u00dfte und eine Nominierung zum \u201eSong des Jahres\u201c erhielt, sondern auch die Zuschauer bei \u201eSonnenklar TV\u201c in der &#8222;Kunath &amp; Co Holiday-Show&#8220; und erhielt Berichte und Platzierungen in u.a. \u201ehossa!\u201c, \u201eFrau Im Spiegel\u201c, \u201eDie aktuelle\u201c und \u201eMusix\u201c.<\/p>\n<p>Nach seinem Musikstudium im Hauptfach Schlagzeug war Steffen, Preistr\u00e4ger des Deutschen Rock- und Pop-Preises, als Schlagzeuger mit verschiedenen Bands unterwegs, u.a. als Support-Act von Joe Cocker, Gary Moore, Manfred Man, The Beach Boys, The BossHoss, J\u00fcrgen Drews, Gregor Meyle und Joy Flemming. Dar\u00fcber hinaus stand er u.a. mit Musikern von Herbert Gr\u00f6nemeyer, RTL-DSDS Band und den No Angels auf der B\u00fchne. Auftritte bei Veranstaltungen von Radiosendern wie SWR1, SWR3, Radio Ton und Radio 7 runden sein vielseitiges Engagement ab. Schon seit seiner Jugend begleitet ihn der deutsche Schlager. Seine ambitionierte Passion ist das Komponieren, Texten und Singen seiner eigenen Lieder.<\/p>\n<p>F\u00fcr den Herbst ist ein ganzes Album geplant \u2013 was seine st\u00e4ndig wachsende weibliche Fangemeinde sicher freuen wird!<\/p>\n<p>&nbsp;<\/p>\n<p>&nbsp;<\/p>\n","protected":false},"excerpt":{"rendered":"<p>F\u00fcr den Herbst ist ein ganzes Album geplant, \u00a0was seine st\u00e4ndig wachsende Fangemeinde sicher freuen wird!<\/p>\n","protected":false},"author":2,"featured_media":208194,"comment_status":"open","ping_status":"closed","sticky":false,"template":"","format":"standard","meta":{"_FSMCFIC_featured_image_caption":"","_FSMCFIC_featured_image_nocaption":"","_FSMCFIC_featured_image_hide":""},"categories":[28,39],"tags":[2451],"acf":[],"_links":{"self":[{"href":"https:\/\/smago.de\/ws2\/wp-json\/wp\/v2\/posts\/208193"}],"collection":[{"href":"https:\/\/smago.de\/ws2\/wp-json\/wp\/v2\/posts"}],"about":[{"href":"https:\/\/smago.de\/ws2\/wp-json\/wp\/v2\/types\/post"}],"author":[{"embeddable":true,"href":"https:\/\/smago.de\/ws2\/wp-json\/wp\/v2\/users\/2"}],"replies":[{"embeddable":true,"href":"https:\/\/smago.de\/ws2\/wp-json\/wp\/v2\/comments?post=208193"}],"version-history":[{"count":1,"href":"https:\/\/smago.de\/ws2\/wp-json\/wp\/v2\/posts\/208193\/revisions"}],"predecessor-version":[{"id":208195,"href":"https:\/\/smago.de\/ws2\/wp-json\/wp\/v2\/posts\/208193\/revisions\/208195"}],"wp:featuredmedia":[{"embeddable":true,"href":"https:\/\/smago.de\/ws2\/wp-json\/wp\/v2\/media\/208194"}],"wp:attachment":[{"href":"https:\/\/smago.de\/ws2\/wp-json\/wp\/v2\/media?parent=208193"}],"wp:term":[{"taxonomy":"category","embeddable":true,"href":"https:\/\/smago.de\/ws2\/wp-json\/wp\/v2\/categories?post=208193"},{"taxonomy":"post_tag","embeddable":true,"href":"https:\/\/smago.de\/ws2\/wp-json\/wp\/v2\/tags?post=208193"}],"curies":[{"name":"wp","href":"https:\/\/api.w.org\/{rel}","templated":true}]}}