{"id":207808,"date":"2023-08-18T14:35:20","date_gmt":"2023-08-18T12:35:20","guid":{"rendered":"https:\/\/smago.de\/ws2\/?p=207808"},"modified":"2023-08-18T14:35:20","modified_gmt":"2023-08-18T12:35:20","slug":"dieter-bohlen-u-a-das-supertalent-ist-zurueck-im-fruehjahr-2024-bei-rtl","status":"publish","type":"post","link":"https:\/\/smago.de\/ws2\/schlager\/dieter-bohlen-u-a-das-supertalent-ist-zurueck-im-fruehjahr-2024-bei-rtl\/","title":{"rendered":"DIETER BOHLEN u.a. <br>&#8222;Das Supertalent&#8220; ist zur\u00fcck \u2013 im Fr\u00fchjahr 2024 bei RTL!"},"content":{"rendered":"<p style=\"text-align: justify;\">Die Hammer-Jury: Anna Ermakova, Ekaterina &#8222;Ekat&#8220; Leonova, Dieter Bohlen und Bruce Darnell! Bewerbungen sind ab sofort HIER m\u00f6glich &#8230;:<br \/>\n<!--more--><\/p>\n<p style=\"text-align: justify;\">\n<p style=\"text-align: justify;\">\n<p style=\"text-align: justify;\">&#8222;Das Supertalent&#8220; kehrt nach zweij\u00e4hriger Pause im Fr\u00fchjahr 2024 zur\u00fcck auf die Bildschirme. Neben Dieter Bohlen und Bruce Darnell nehmen Profit\u00e4nzerin Ekaterina &#8222;Ekat&#8220; Leonova (&#8222;Let&#8217;s Dance&#8220;) und unser aktueller &#8222;Dancing Star 2023&#8220;, Anna Ermakova, am Jurypult der beliebten Talentshow Platz.<\/p>\n<p style=\"text-align: justify;\">Inga Leschek, Programmgesch\u00e4ftsf\u00fchrerin RTL und RTL+: &#8222;RTL feiert im n\u00e4chsten Jahr seinen 40. Geburtstag und auf dieser Party darf &#8218;Das Supertalent&#8216; nat\u00fcrlich nicht fehlen. Unsere beliebte Hit-Show kommt zum Jubil\u00e4um wieder zur\u00fcck ins RTL-Programm. Begleitet vom etablierten &#8218;Supertalent&#8216;-Power-Duo Bruce und Dieter und den beiden &#8218;Let&#8217;s Dance&#8216;-Publikumslieblingen Ekaterina und Anna, die frischen Wind ans Jurypult bringen. Gemeinsam freuen wir uns auf viele neue Talente, die unser Publikum begeistern werden.&#8220;<\/p>\n<p style=\"text-align: justify;\">Anna Ermakova: &#8222;Ich freue mich sehr dar\u00fcber, zum ersten Mal selbst in einer Jury sitzen zu d\u00fcrfen. Teil von &#8218;Das Supertalent&#8216; zu sein, ist wie ein Ritterschlag f\u00fcr mich. Durch meine Teilnahme bei &#8218;Let&#8217;s Dance&#8216; wei\u00df ich genau, wie es sich als Kandidatin einer solchen Show anf\u00fchlt. Ich habe gelernt, immer an sich zu glauben und nie aufzugeben. Die Talente nun auf ihrer Reise begleiten und zu Bestleistungen anspornen zu d\u00fcrfen, ist f\u00fcr mich eine Herzensangelegenheit.&#8220;<\/p>\n<p style=\"text-align: justify;\">Dieter Bohlen: &#8222;Ein gro\u00dfer Wunsch von mir ist in Erf\u00fcllung gegangen. &#8218;Das Supertalent&#8216; ist wieder da. Und mein Freund Bruce ist dabei. Wir beide geh\u00f6ren einfach zusammen. Und es gibt noch zwei neue Jurorinnen, Ekat und Anna Ermakova, auf die ich mich super freue. Das wird eine ganz spannende, neue Staffel. Ich bin hei\u00df darauf, all die tollen Talente erleben zu d\u00fcrfen.&#8220;<\/p>\n<p style=\"text-align: justify;\">Bruce Darnell: &#8222;F\u00fcr mich ist es wie nach Hause kommen! Back to the best Juryplatz! Ich bin stolz und dankbar, neben Dieter wieder die Jury zu rocken. Ich freue mich auf die beiden neuen Jury-Kolleginnen und auf die amazing Talents.\u201d<\/p>\n<p style=\"text-align: justify;\">Ekaterina Leonova: &#8222;Es ist eine aufregende neue Herausforderung f\u00fcr mich, Teil der &#8218;Supertalent&#8216;-Jury zu sein! Als Profi-T\u00e4nzerin bei &#8218;Let&#8217;s Dance&#8216; habe ich in all den Jahren gelernt, dass es nicht immer nur um Perfektion geht, sondern auch um Freude und Leidenschaft. Aus eigener Erfahrung wei\u00df ich, wie wichtig konstruktive Kritik und wertvolle Tipps f\u00fcr eine erfolgreiche Performance sind und darf jetzt erleben, wie sich Herr Llambi auf der anderen Seite des Bewertungstisches f\u00fchlt. Gemeinsam mit meinen Jurykollegen bin ich gespannt darauf, die Vielfalt der Darbietungen zu sehen und die Kandidaten auf ihrem Weg zu begleiten.&#8220;<\/p>\n<p style=\"text-align: justify;\">Die Erfolgsshow &#8222;Das Supertalent&#8220; startet im Fr\u00fchjahr 2024 bei RTL in die 16. Staffel und ab sofort k\u00f6nnen sich alle Talente, die gerne auf die gro\u00dfe B\u00fchne m\u00f6chten, bewerben. Ob Einzeltalente oder Gruppenperformances, jung oder alt, Laien oder Profis, Mensch oder Tier: In dieser Show ist jeder willkommen. Bei &#8222;Das Supertalent&#8220; kann jeder sein ganz pers\u00f6nliches Talent unter Beweis stellen. Bewerbungen sind ab sofort \u00fcber das Castingformular\u00a0<a href=\"https:\/\/www.rtl.de\/cms\/bewerbungsaufrufe.html\"><strong>\u00fcber RTL.de<\/strong><\/a> m\u00f6glich. Produziert wird die Castingshow von UFA Show &amp; Factual GmbH.<\/p>\n<p>&nbsp;<\/p>\n<p>&nbsp;<\/p>\n<p>&nbsp;<\/p>\n<figure id=\"attachment_207809\" aria-describedby=\"caption-attachment-207809\" style=\"width: 800px\" class=\"wp-caption alignnone\"><img decoding=\"async\" loading=\"lazy\" class=\"size-large wp-image-207809\" src=\"https:\/\/smago.de\/ws2\/wp-content\/uploads\/2023\/08\/dassupertal.ent_-800x451.jpg\" alt=\"\" width=\"800\" height=\"451\" srcset=\"https:\/\/smago.de\/ws2\/wp-content\/uploads\/2023\/08\/dassupertal.ent_-800x451.jpg 800w, https:\/\/smago.de\/ws2\/wp-content\/uploads\/2023\/08\/dassupertal.ent_-522x294.jpg 522w, https:\/\/smago.de\/ws2\/wp-content\/uploads\/2023\/08\/dassupertal.ent_-266x150.jpg 266w, https:\/\/smago.de\/ws2\/wp-content\/uploads\/2023\/08\/dassupertal.ent_-768x433.jpg 768w, https:\/\/smago.de\/ws2\/wp-content\/uploads\/2023\/08\/dassupertal.ent_-392x221.jpg 392w, https:\/\/smago.de\/ws2\/wp-content\/uploads\/2023\/08\/dassupertal.ent_-130x73.jpg 130w, https:\/\/smago.de\/ws2\/wp-content\/uploads\/2023\/08\/dassupertal.ent_-790x445.jpg 790w, https:\/\/smago.de\/ws2\/wp-content\/uploads\/2023\/08\/dassupertal.ent_-870x489.jpg 870w, https:\/\/smago.de\/ws2\/wp-content\/uploads\/2023\/08\/dassupertal.ent_-292x165.jpg 292w, https:\/\/smago.de\/ws2\/wp-content\/uploads\/2023\/08\/dassupertal.ent_-435x245.jpg 435w, https:\/\/smago.de\/ws2\/wp-content\/uploads\/2023\/08\/dassupertal.ent_-895x503.jpg 895w, https:\/\/smago.de\/ws2\/wp-content\/uploads\/2023\/08\/dassupertal.ent_.jpg 1150w\" sizes=\"(max-width: 800px) 100vw, 800px\" \/><figcaption id=\"caption-attachment-207809\" class=\"wp-caption-text\"><em>&#8222;Das Supertalent&#8220; 2024<\/em><\/p>\n<p><em>Foto-Credit: RTL \/ Stefan Gregorowius<\/em><\/p>\n<p><em>Bitte beachten Sie auch <strong><a href=\"http:\/\/www.tvnow.de\">RTL+<\/a><\/strong>!<\/em><\/figcaption><\/figure>\n","protected":false},"excerpt":{"rendered":"<p>Die Hammer-Jury: Anna Ermakova, Ekaterina &#8222;Ekat&#8220; Leonova, Dieter Bohlen und Bruce Darnell! Bewerbungen sind ab sofort HIER m\u00f6glich &#8230;:<\/p>\n","protected":false},"author":2,"featured_media":207809,"comment_status":"open","ping_status":"closed","sticky":false,"template":"","format":"standard","meta":{"_FSMCFIC_featured_image_caption":"","_FSMCFIC_featured_image_nocaption":"","_FSMCFIC_featured_image_hide":""},"categories":[29,39,128],"tags":[265,223],"acf":[],"_links":{"self":[{"href":"https:\/\/smago.de\/ws2\/wp-json\/wp\/v2\/posts\/207808"}],"collection":[{"href":"https:\/\/smago.de\/ws2\/wp-json\/wp\/v2\/posts"}],"about":[{"href":"https:\/\/smago.de\/ws2\/wp-json\/wp\/v2\/types\/post"}],"author":[{"embeddable":true,"href":"https:\/\/smago.de\/ws2\/wp-json\/wp\/v2\/users\/2"}],"replies":[{"embeddable":true,"href":"https:\/\/smago.de\/ws2\/wp-json\/wp\/v2\/comments?post=207808"}],"version-history":[{"count":1,"href":"https:\/\/smago.de\/ws2\/wp-json\/wp\/v2\/posts\/207808\/revisions"}],"predecessor-version":[{"id":207810,"href":"https:\/\/smago.de\/ws2\/wp-json\/wp\/v2\/posts\/207808\/revisions\/207810"}],"wp:featuredmedia":[{"embeddable":true,"href":"https:\/\/smago.de\/ws2\/wp-json\/wp\/v2\/media\/207809"}],"wp:attachment":[{"href":"https:\/\/smago.de\/ws2\/wp-json\/wp\/v2\/media?parent=207808"}],"wp:term":[{"taxonomy":"category","embeddable":true,"href":"https:\/\/smago.de\/ws2\/wp-json\/wp\/v2\/categories?post=207808"},{"taxonomy":"post_tag","embeddable":true,"href":"https:\/\/smago.de\/ws2\/wp-json\/wp\/v2\/tags?post=207808"}],"curies":[{"name":"wp","href":"https:\/\/api.w.org\/{rel}","templated":true}]}}