{"id":206777,"date":"2023-07-31T00:00:28","date_gmt":"2023-07-30T22:00:28","guid":{"rendered":"https:\/\/smago.de\/ws2\/?p=206777"},"modified":"2023-07-30T23:58:34","modified_gmt":"2023-07-30T21:58:34","slug":"andy-borg-sommer-spass-mit-andy-borg-die-absolut-ultimative-gartenparty-verlangt-nach-einer-zugabe","status":"publish","type":"post","link":"https:\/\/smago.de\/ws2\/schlager\/andy-borg-sommer-spass-mit-andy-borg-die-absolut-ultimative-gartenparty-verlangt-nach-einer-zugabe\/","title":{"rendered":"ANDY BORG <br>&#8222;Sommer-Spa\u00df mit Andy Borg&#8220;: Das &#8222;Gartenfest&#8220; verlangt nach einer Zugabe!"},"content":{"rendered":"<p>Das Konzept wurde vollumf\u00e4nglich angenommen!<br \/>\n<!--more--><\/p>\n<p>&nbsp;<\/p>\n<p>&nbsp;<\/p>\n<p>&nbsp;<\/p>\n<p style=\"text-align: justify;\">Ein St\u00fcck weit erinnert die Live-Show &#8222;Sommer-Spa\u00df mit Andy Borg&#8220;, die \u2013 mit riesengro\u00dfem Erfolg \u2013 am Samstagabend (29.07.2023) parallel im SWR Fernsehen UND im MDR Fernsehen gesendet wurde (ingesamt wurden stolze 2,16 Millionen Zuschauer ermittelt), an &#8222;Das gro\u00dfe Sommerhitfestival&#8220; von und mit Dieter Thomas Heck, das in den Jahren 1999 bis 2007 im ZDF zu sehen war. Nur, dass Andy Borg sich ins Freie wagte \u2013 konkret: in die &#8222;Immer wieder sonntags&#8220; Arena seines Kollegen und Kumpelfreundes Stefan Mross.<\/p>\n<p style=\"text-align: justify;\"><em>&#8222;Unser Motto an diesem Abend war und ist: JEDES Lied muss bekannt sein. ALLES man mitsingen k\u00f6nnen. Es ist uns zu 95 Prozent gelungen.&#8220;<\/em> \u2013 So &#8222;Schlager-Spa\u00df-&#8220; und &#8222;Sommer-Spa\u00df-&#8220; Macher Stefan Fuchs zu <strong><a href=\"http:\/\/www.smago.de\">www.smago.de<\/a><\/strong>, der die 2 \u00bd-st\u00fcndige Live-Sendung in\u00a0k\u00fcrzester Zeit gro\u00dfartig vorbereitet hatte (und mit dem gesamten &#8222;Schlager-Spa\u00df mit Andy Borg&#8220; Team&#8220;, das \u2013 trotz Urlaubszeit \u2013 vollst\u00e4ndig versammelt war,<em> noch gro\u00dfartiger<\/em> umsetzte \u2013 mit den exakt zu diesem Format passenden G\u00e4sten!).<\/p>\n<p style=\"text-align: justify;\">\u201eIch h\u00e4tte nie gedacht, dass in diesem kleinen Vorgarten so viele Menschen Platz haben\u201c, witzelte Andy Borg gleich zu Beginn der Sendung. Und untertrieb damit nat\u00fcrlich \u2013 und das ganz bewusst \u2013 ma\u00dflos, denn die gar nicht mal so kleine Arena war bis auf den letzten Platz restlos ausverkauft. (Nat\u00fcrlich stellte Andy Borg seinen kleinen Scherz im Laufe der Sendung richtig &#8230;)<\/p>\n<p style=\"text-align: justify;\"><em>&#8222;Der Jens, die Alma und ich, wir haben ganz viele Dinge aus unserem Weinstadl herausgetragen: Die F\u00e4sser sind da, die Tische sind da &#8230; Alma und Jens sind da &#8230;&#8220;<\/em>. (Jens begleitete die gesamte Sendung diesmal mit seiner Formation <em>Die Jauchzaaa<\/em>.)<\/p>\n<p style=\"text-align: justify;\"><em>&#8222;Dank meines Freundes Stefan Mross haben wir diese B\u00fchne. Dank ihm d\u00fcrfen wir hier unseren &#8218;Schlager-Spa\u00df&#8216; feiern. Herrlich!&#8220;,<\/em> freute sich Andy Borg.<em> &#8222;Ich kann gar nicht sagen, wie wohl ich mich hier f\u00fchle.<\/em>\u00a0<em>Und so wie immer, ist unsere Musikzusammenstellung so verschieden, so bunt, wie das Leben selber.&#8220;<\/em><\/p>\n<p style=\"text-align: justify;\">Als G\u00e4ste begr\u00fc\u00dfte Andy Borg \u2013 neben Stefan Mross \u2013\u00a0Semino Rossi, Ramon Roselly, Mungo Jerry, Fantasy, Chris Andrews, Truck Stop, Sigrid &amp; Marina, Luna Klee, Rosanna Rocci, Die Jungen Zillertaler, Die Jauchzaaa, die Stadtkapelle Offenburg sowie das KHG-Orchester aus Freiburg.<\/p>\n<p class=\"bodytext\" style=\"text-align: justify;\">Bereits jetzt l\u00e4sst sich g\u00e4nzlich uneingeschr\u00e4nkt sagen: Dieser &#8222;Sommer-Spa\u00df mit Andy Borg&#8220; erfordert eine Zugabe im kommenden Jahr &#8230;<\/p>\n<p style=\"text-align: justify;\">PS: Ein ausf\u00fchrlicher, detaillierter Sendungsbericht wird in K\u00fcrze nachgereicht &#8230;<\/p>\n<p>&nbsp;<\/p>\n<p>&nbsp;<\/p>\n<figure id=\"attachment_206647\" aria-describedby=\"caption-attachment-206647\" style=\"width: 800px\" class=\"wp-caption alignnone\"><img decoding=\"async\" loading=\"lazy\" class=\"size-large wp-image-206647\" src=\"https:\/\/smago.de\/ws2\/wp-content\/uploads\/2023\/07\/1_Sommer_Spass_mit_Andy_Borg-2-800x528.jpg\" alt=\"\" width=\"800\" height=\"528\" srcset=\"https:\/\/smago.de\/ws2\/wp-content\/uploads\/2023\/07\/1_Sommer_Spass_mit_Andy_Borg-2-800x528.jpg 800w, https:\/\/smago.de\/ws2\/wp-content\/uploads\/2023\/07\/1_Sommer_Spass_mit_Andy_Borg-2-522x345.jpg 522w, https:\/\/smago.de\/ws2\/wp-content\/uploads\/2023\/07\/1_Sommer_Spass_mit_Andy_Borg-2-227x150.jpg 227w, https:\/\/smago.de\/ws2\/wp-content\/uploads\/2023\/07\/1_Sommer_Spass_mit_Andy_Borg-2-768x507.jpg 768w, https:\/\/smago.de\/ws2\/wp-content\/uploads\/2023\/07\/1_Sommer_Spass_mit_Andy_Borg-2-1536x1014.jpg 1536w, https:\/\/smago.de\/ws2\/wp-content\/uploads\/2023\/07\/1_Sommer_Spass_mit_Andy_Borg-2-2048x1352.jpg 2048w, https:\/\/smago.de\/ws2\/wp-content\/uploads\/2023\/07\/1_Sommer_Spass_mit_Andy_Borg-2-392x259.jpg 392w, https:\/\/smago.de\/ws2\/wp-content\/uploads\/2023\/07\/1_Sommer_Spass_mit_Andy_Borg-2-130x86.jpg 130w, https:\/\/smago.de\/ws2\/wp-content\/uploads\/2023\/07\/1_Sommer_Spass_mit_Andy_Borg-2-674x445.jpg 674w, https:\/\/smago.de\/ws2\/wp-content\/uploads\/2023\/07\/1_Sommer_Spass_mit_Andy_Borg-2-791x522.jpg 791w, https:\/\/smago.de\/ws2\/wp-content\/uploads\/2023\/07\/1_Sommer_Spass_mit_Andy_Borg-2-288x190.jpg 288w, https:\/\/smago.de\/ws2\/wp-content\/uploads\/2023\/07\/1_Sommer_Spass_mit_Andy_Borg-2-435x287.jpg 435w, https:\/\/smago.de\/ws2\/wp-content\/uploads\/2023\/07\/1_Sommer_Spass_mit_Andy_Borg-2-150x100.jpg 150w\" sizes=\"(max-width: 800px) 100vw, 800px\" \/><figcaption id=\"caption-attachment-206647\" class=\"wp-caption-text\"><em>Andy Borg in der Kulisse seiner Sendung &#8222;Sommer-Spa\u00df mit Andy Borg&#8220; in Rust<\/em><\/p>\n<p><em>\u00a9 SWR<\/em><\/figcaption><\/figure>\n","protected":false},"excerpt":{"rendered":"<p>Das Konzept wurde vollumf\u00e4nglich angenommen!<\/p>\n","protected":false},"author":2,"featured_media":206647,"comment_status":"open","ping_status":"closed","sticky":false,"template":"","format":"standard","meta":{"_FSMCFIC_featured_image_caption":"","_FSMCFIC_featured_image_nocaption":"","_FSMCFIC_featured_image_hide":""},"categories":[29,39,128],"tags":[182],"acf":[],"_links":{"self":[{"href":"https:\/\/smago.de\/ws2\/wp-json\/wp\/v2\/posts\/206777"}],"collection":[{"href":"https:\/\/smago.de\/ws2\/wp-json\/wp\/v2\/posts"}],"about":[{"href":"https:\/\/smago.de\/ws2\/wp-json\/wp\/v2\/types\/post"}],"author":[{"embeddable":true,"href":"https:\/\/smago.de\/ws2\/wp-json\/wp\/v2\/users\/2"}],"replies":[{"embeddable":true,"href":"https:\/\/smago.de\/ws2\/wp-json\/wp\/v2\/comments?post=206777"}],"version-history":[{"count":4,"href":"https:\/\/smago.de\/ws2\/wp-json\/wp\/v2\/posts\/206777\/revisions"}],"predecessor-version":[{"id":206782,"href":"https:\/\/smago.de\/ws2\/wp-json\/wp\/v2\/posts\/206777\/revisions\/206782"}],"wp:featuredmedia":[{"embeddable":true,"href":"https:\/\/smago.de\/ws2\/wp-json\/wp\/v2\/media\/206647"}],"wp:attachment":[{"href":"https:\/\/smago.de\/ws2\/wp-json\/wp\/v2\/media?parent=206777"}],"wp:term":[{"taxonomy":"category","embeddable":true,"href":"https:\/\/smago.de\/ws2\/wp-json\/wp\/v2\/categories?post=206777"},{"taxonomy":"post_tag","embeddable":true,"href":"https:\/\/smago.de\/ws2\/wp-json\/wp\/v2\/tags?post=206777"}],"curies":[{"name":"wp","href":"https:\/\/api.w.org\/{rel}","templated":true}]}}