{"id":206701,"date":"2023-07-30T00:00:16","date_gmt":"2023-07-29T22:00:16","guid":{"rendered":"https:\/\/smago.de\/ws2\/?p=206701"},"modified":"2023-07-29T16:09:17","modified_gmt":"2023-07-29T14:09:17","slug":"ralf-cerne-es-laeuft-bei-ralf-cerne","status":"publish","type":"post","link":"https:\/\/smago.de\/ws2\/pop-schlager\/ralf-cerne-es-laeuft-bei-ralf-cerne\/","title":{"rendered":"RALF CERNE <br>&#8222;Es l\u00e4uft&#8220; &#8230; bei Ralf Cerne!"},"content":{"rendered":"<p>Gerade ist sein neuer Titel erschienen, der wieder in Zusammenarbeit mit Peter Sebastian entstanden ist!<br \/>\n<!--more--><\/p>\n<p>&nbsp;<\/p>\n<p>&nbsp;<\/p>\n<p style=\"text-align: justify;\">\n<p style=\"text-align: justify;\">\u00dcber 30 Jahre ist es her, dass RALF CERNE erstmals mit PETER SEBASTIAN zusammengearbeitet hat \u2013 damals war der K\u00fcnstler sogar noch Teenager. &#8211; Nachdem sich RALF leider einige Jahre vom Musikgesch\u00e4ft zur\u00fcckgezogen hat, ist er zur Freude seiner Fans nun wieder da \u2013 nat\u00fcrlich erneut auf dem TOI TOI TOI RECORDS-Label seines damaligen Mentors.<\/p>\n<p style=\"text-align: justify;\">Mit \u201eDein Leben ist mein Programm\u201c, \u201eBaby Blue\u201c und \u201eSonnenlicht bei Nacht\u201c konnte der geb\u00fcrtige Herner nahtlos an alte Erfolge ankn\u00fcpfen.<\/p>\n<p style=\"text-align: justify;\">Mit seinem aktuellen Song schl\u00e4gt RALF nun neue T\u00f6ne an und beweist, dass Partyschlager auch originelle Texte haben k\u00f6nnen. Beim mitsingbaren Titel \u201eEs l\u00e4uft\u201c haut der beliebte S\u00e4nger augenzwinkernd \u201eauf die Kacke\u201c \u2013 diese Ausdrucksweise sei angesichts der Textstelle \u201eEs l\u00e4uft wie Klopapier\u201c vielleicht ausnahmsweise erlaubt.<\/p>\n<p style=\"text-align: justify;\">Selbstironisch erz\u00e4hlt RALF in seinem neuen Song n\u00e4mlich davon, wie erfolgreich ist. Mit den Frauen l\u00e4uft es bei ihm \u2013 da sind nicht nur seine 16 Kinder, die er gezeugt haben will, ein Beleg f\u00fcr. Wer eine eigene Airline besitzt und Z\u00fcchter von Rindern in Texas ist \u2013 der sagt mit Fug und Recht: \u201eEs k\u00f6nnte alles nicht besser sein. Es l\u00e4uft!\u201c. Die originelle Aufl\u00f6sung dieser Erfolgsgeschichte bzw. was genau dahintersteckt, gibt es im neuen Song von RALF zu h\u00f6ren.<\/p>\n<p style=\"text-align: justify;\">Insgesamt ist &#8222;Es l\u00e4uft&#8220; eine informelle Art, um auszudr\u00fccken, dass es einem gut geht oder dass man mit den aktuellen Entwicklungen zufrieden ist. Es ist eine positive Redewendung, die Optimismus und Erfolg zum Ausdruck bringt.<\/p>\n<p style=\"text-align: justify;\">So hatte PETER SEBASTIAN beim Texten viel spa\u00df, den Song, der von ULRICH G\u00d6LITZ komponiert wurde und im Wetcat Studio von J\u00d6RG LAMSTER, der als Toningenieur und Arrangeur des Songs fungierte, mit Ralf zu produzieren.<\/p>\n<p style=\"text-align: justify;\">\u201eEs l\u00e4uft\u201c ist ein Partyschlager der besonderen Art, der beweist, dass Schlager dieser Art auch dann funktionieren k\u00f6nnen, wenn ihr Interpret ein guter S\u00e4nger ist und der Text augenzwinkernd-originell ist. Und wenn der Titel in den einschl\u00e4gigen DJ- und Radio-Hitparaden platziert ist, kann sich RALF CERNE zur\u00fcckziehen und zufrieden sagen: \u201eEs l\u00e4uft\u201c \u2026<\/p>\n","protected":false},"excerpt":{"rendered":"<p>Gerade ist sein neuer Titel erschienen, der wieder in Zusammenarbeit mit Peter Sebastian entstanden ist!<\/p>\n","protected":false},"author":2,"featured_media":206702,"comment_status":"open","ping_status":"closed","sticky":false,"template":"","format":"standard","meta":{"_FSMCFIC_featured_image_caption":"","_FSMCFIC_featured_image_nocaption":"","_FSMCFIC_featured_image_hide":""},"categories":[28],"tags":[2750],"acf":[],"_links":{"self":[{"href":"https:\/\/smago.de\/ws2\/wp-json\/wp\/v2\/posts\/206701"}],"collection":[{"href":"https:\/\/smago.de\/ws2\/wp-json\/wp\/v2\/posts"}],"about":[{"href":"https:\/\/smago.de\/ws2\/wp-json\/wp\/v2\/types\/post"}],"author":[{"embeddable":true,"href":"https:\/\/smago.de\/ws2\/wp-json\/wp\/v2\/users\/2"}],"replies":[{"embeddable":true,"href":"https:\/\/smago.de\/ws2\/wp-json\/wp\/v2\/comments?post=206701"}],"version-history":[{"count":2,"href":"https:\/\/smago.de\/ws2\/wp-json\/wp\/v2\/posts\/206701\/revisions"}],"predecessor-version":[{"id":206704,"href":"https:\/\/smago.de\/ws2\/wp-json\/wp\/v2\/posts\/206701\/revisions\/206704"}],"wp:featuredmedia":[{"embeddable":true,"href":"https:\/\/smago.de\/ws2\/wp-json\/wp\/v2\/media\/206702"}],"wp:attachment":[{"href":"https:\/\/smago.de\/ws2\/wp-json\/wp\/v2\/media?parent=206701"}],"wp:term":[{"taxonomy":"category","embeddable":true,"href":"https:\/\/smago.de\/ws2\/wp-json\/wp\/v2\/categories?post=206701"},{"taxonomy":"post_tag","embeddable":true,"href":"https:\/\/smago.de\/ws2\/wp-json\/wp\/v2\/tags?post=206701"}],"curies":[{"name":"wp","href":"https:\/\/api.w.org\/{rel}","templated":true}]}}