{"id":206137,"date":"2023-07-21T00:00:08","date_gmt":"2023-07-20T22:00:08","guid":{"rendered":"https:\/\/smago.de\/ws2\/?p=206137"},"modified":"2023-07-20T09:28:32","modified_gmt":"2023-07-20T07:28:32","slug":"mark-keller-u-a-heute-21-07-2023-in-der-ndr-talk-show-zu-gast","status":"publish","type":"post","link":"https:\/\/smago.de\/ws2\/schlager\/mark-keller-u-a-heute-21-07-2023-in-der-ndr-talk-show-zu-gast\/","title":{"rendered":"MARK KELLER u.a. <br>Heute (21.07.2023) in der &#8222;NDR Talk Show&#8220; zu Gast!"},"content":{"rendered":"<p style=\"text-align: justify;\">NDR Fernsehen + HR Fernsehen, 22:00 Uhr &#8211; 00:00 Uhr! Moderation:\u00a0Bettina Tietjen und Hubertus Meyer-Burckhardt!<br \/>\n<!--more--><\/p>\n<p>Bettina Tietjen und Hubertus Meyer-Burckhardt begr\u00fc\u00dfen in der &#8222;NDR Talk Show&#8220; folgende G\u00e4ste &#8230;:<\/p>\n<ul style=\"text-align: justify;\">\n<li>Paulina Krasa und Laura Wohlers, Podcasterinnen<\/li>\n<li>Mark Keller, Schauspieler und Musiker<\/li>\n<li>Mathias Schilling, Landwirt<\/li>\n<li>Felix Magath, Fu\u00dfballtrainer, -manager und ehemalige Fu\u00dfballspieler<\/li>\n<li>Richy M\u00fcller, Schauspieler<\/li>\n<li>Radost Bokel, Schauspielerin<\/li>\n<\/ul>\n<p style=\"text-align: justify;\">\n<p style=\"text-align: justify;\">\n<p style=\"text-align: justify;\">\n<p style=\"text-align: justify;\">\n<ul style=\"text-align: justify;\">\n<li><strong>Paulina Krasa und Laura Wohlers, Podcasterinnen<\/strong><\/li>\n<\/ul>\n<p style=\"text-align: justify;\">\n<p style=\"text-align: justify;\">Was sind die Schwierigkeiten bei einem Indizienprozess? Wie \u00fcberredet man Unbeteiligte zu einem falschen Gest\u00e4ndnis? Und wie h\u00e4tte eine Straftat wom\u00f6glich verhindert werden k\u00f6nnen? Diesen Fragen gehen die Reporterinnen Paulina Krasa und Laura Wohlers in ihrem Podcast &#8222;Mordlust&#8220; nach. Im boomenden &#8222;True Crime&#8220;-Genre geh\u00f6rt ihre Sendung seit Jahren immer wieder zu den erfolgreichsten. In jeder Folge suchen die beiden Reporterinnen nach einer Erkl\u00e4rung f\u00fcr ein Verbrechen, das in Deutschland stattgefunden hat. Mord aus Habgier, niedrigen Beweggr\u00fcnden oder purer Mordlust &#8211; nichts bleibt von den beiden unbesprochen. Au\u00dferdem diskutieren die Freundinnen \u00fcber legend\u00e4re Gerichtsprozesse und f\u00fchren Interviews mit Expertinnen und Experten zum Thema Mord und Totschlag. Warum der M\u00f6rder nicht immer der G\u00e4rtner ist, welcher Fall f\u00fcr sie immer noch r\u00e4tselhaft ist und warum die Faszination f\u00fcr wahre Verbrechen auf so viele H\u00f6rerinnen und H\u00f6rer einen Reiz aus\u00fcbt, erz\u00e4hlen Paulina und Laura in der NDR Talk Show.<\/p>\n<p style=\"text-align: justify;\">\n<p style=\"text-align: justify;\">\n<p style=\"text-align: justify;\">\n<p style=\"text-align: justify;\">\n<p style=\"text-align: justify;\">\n<ul style=\"text-align: justify;\">\n<li><strong>Mark Keller, Schauspieler und Musiker<\/strong><\/li>\n<\/ul>\n<p style=\"text-align: justify;\">\n<p style=\"text-align: justify;\">Dieser Mann hat drei gro\u00dfe Leidenschaften: Schauspielerei, Musik und seine zwei S\u00f6hne Aaron und Joshua, mit denen er als &#8222;Los Kelleros&#8220; und mit Tanzvideos f\u00fcr gute Laune und Millionen Klicks sorgt. &#8222;Diese zwei sind mein ganz gro\u00dfes Gl\u00fcck&#8220;, sagt der 58-J\u00e4hrige. Kein Wunder, dass der Sportbegeisterte vom Bodensee jetzt zu einem echten Experten f\u00fcr das Thema &#8222;Gl\u00fcck&#8220; geworden ist. Nach seinem ersten deutschsprachigen Album mit dem Titel &#8222;Mein kleines Gl\u00fcck&#8220; erscheint jetzt seine Biografie. In &#8222;\u00dcber Gl\u00fcck&#8220; erz\u00e4hlt er, wie er es trotz des fr\u00fchen Todes seiner Mutter geschafft hat, ein Gl\u00fcckskind zu sein und erkl\u00e4rt auch, wieso seine Rolle als Dr. Kahnweiler in der Erfolgsserie &#8222;Der Bergdoktor&#8220; ein echter Gl\u00fccksfall ist. Vom permanenten Streben nach Gl\u00fcckseligkeit, was der gr\u00f6\u00dfte unverhoffte Zufall seines Lebens gewesen ist und wie er selbst auch mit Ungl\u00fcck umgehen kann, erz\u00e4hlt Mark Keller in der NDR Talk Show.<\/p>\n<p style=\"text-align: justify;\">\n<p style=\"text-align: justify;\">\n<p style=\"text-align: justify;\">\n<p style=\"text-align: justify;\">\n<p style=\"text-align: justify;\">\n<ul style=\"text-align: justify;\">\n<li><strong>Mathias Schilling, Landwirt<\/strong><\/li>\n<\/ul>\n<p style=\"text-align: justify;\">\n<p style=\"text-align: justify;\">Im Norden gibt es mehr als 50.000 Bauernh\u00f6fe &#8211; und jeder hat seine eigene Geschichte. Die ARD-&#8222;Hofgeschichten&#8220; erz\u00e4hlen vom b\u00e4uerlichen Alltag und begleiten unter anderem den Rinderbauern Mathias Schilling. 2006 \u00fcbernahm der geborene Schleswig-Holsteiner die Privatinsel \u00d6he zwischen Hiddensee und R\u00fcgen von seinen Gro\u00dfeltern. &#8222;Auf \u00d6he bin ich, weil ich etwas Neues schaffen will, ohne das zu zerst\u00f6ren, was meine Familie seit Jahrhunderten bewahrt hat&#8220;, betont der Landwirt. Heute lebt er mit seiner Familie, Rindern, Heidschnucken und Hund auf der 75 Hektar gro\u00dfen Insel. Wie oft er mit dem Boot ans Festland pendelt und ob ihn manchmal der Inselkoller packt, das verr\u00e4t Mathias Schilling in der NDR Talk Show.<\/p>\n<p style=\"text-align: justify;\">\n<p style=\"text-align: justify;\">\n<p style=\"text-align: justify;\">\n<p style=\"text-align: justify;\">\n<p style=\"text-align: justify;\">\n<ul style=\"text-align: justify;\">\n<li><strong>Felix Magath, Fu\u00dfballtrainer, -manager und ehemaliger Fu\u00dfballspieler<\/strong><\/li>\n<\/ul>\n<p style=\"text-align: justify;\">\n<p style=\"text-align: justify;\">Er ist eine Fu\u00dfball-Legende: Felix Magath. In Aschaffenburg als Sohn einer Deutschen und eines Puerto-Ricaners geboren, macht er schnell eine beeindruckende Karriere. Zehn Jahre lang, von 1976 bis zu seinem Karriereende 1986, spielt er beim Hamburger SV, von 1977 bis 1986 spielt er auch in der deutschen Nationalmannschaft. Mit dem HSV wird er dreimal deutscher Meister und zweimal Europapokalsieger. Vor 40 Jahren schie\u00dft er sein wohl wichtigstes Tor seiner Spielerkarriere: das 1:0 im Finale des Europapokals der Landesmeister gegen Juventus Turin. Damit gelang dem Deutschen Meister HSV sogar das Double. Nach dem Ende seiner Spielerlaufbahn arbeitet Magath, der im Juli dieses Jahres 70 Jahre alt wird, als Fu\u00dfballmanager und Trainer f\u00fcr verschiedene Mannschaften. Dreimal wurde der Wahl-M\u00fcnchner als &#8222;Trainer des Jahres&#8220; ausgezeichnet. In seiner Biografie &#8222;Gegens\u00e4tzliches&#8220; und in der NDR Talk Show blickt Felix Magath auf die entscheidenden Momente seiner Karriere zur\u00fcck.<\/p>\n<p style=\"text-align: justify;\">\n<p style=\"text-align: justify;\">\n<p style=\"text-align: justify;\">\n<p style=\"text-align: justify;\">\n<p style=\"text-align: justify;\">\n<ul style=\"text-align: justify;\">\n<li><strong>Richy M\u00fcller, Schauspieler<\/strong><\/li>\n<\/ul>\n<p style=\"text-align: justify;\">\n<p style=\"text-align: justify;\">Seit 1979 ist dieser Mann im Film- und Fernsehgesch\u00e4ft erfolgreich: Richy M\u00fcller. Der gelernte Werkzeugmacher versteht das Handwerk des Schauspiels ausgezeichnet und ist seit genau 15 Jahren &#8222;Tatort&#8220;-Kommissar in Stuttgart. Der 67-J\u00e4hrige ist begeisterter Motorsportler und f\u00e4hrt weltweit Autorennen. Vollgas gibt er aber auch in anderer Sache: Er ist nicht nur Lesebotschafter f\u00fcr Kinder, sondern seit fast 10 Jahren ebenfalls &#8222;BOOTschafter&#8220; f\u00fcr &#8222;ARCHE IntensivKinder&#8220;. Er engagiert sich damit f\u00fcr die Intensivpflege von erkrankten Kindern, Therapieformen und spezielle Behandlungen. F\u00fcr seinen Einsatz wird er 2017 mit dem Verdienstorden des Landes Baden-W\u00fcrttemberg ausgezeichnet. Mehr von seinem Engagement erz\u00e4hlt er in der NDR Talk Show.<\/p>\n<p style=\"text-align: justify;\">\n<p style=\"text-align: justify;\">\n<p style=\"text-align: justify;\">\n<p style=\"text-align: justify;\">\n<p style=\"text-align: justify;\">\n<ul style=\"text-align: justify;\">\n<li><strong>Radost Bokel, Schauspielerin<\/strong><\/li>\n<\/ul>\n<p style=\"text-align: justify;\">\n<p style=\"text-align: justify;\">Vor genau 50 Jahren erschien der Michael Ende-Besteller &#8222;Momo&#8220;. 1986 spielt sie sich in der Verfilmung als s\u00fc\u00dfer Lockenkopf in die Herzen des Kinopublikums: Radost Bokel. Geboren wird die Schauspielerin 1975 im th\u00fcringischen Bad Langensalza. Als sie f\u00fcnf ist, stellt die Mutter einen Ausreiseantrag und siedelt mit den Kindern nach Frankfurt am Main um. Vier Jahre sp\u00e4ter setzt sich Radost beim Casting f\u00fcr &#8222;Momo&#8220; als J\u00fcngste gegen tausende Mitbewerberinnen durch und wird zum Kinderstar. Es folgen Preise und viele weitere Schauspielrollen, auch Hollywood klopft an. Heute ist Bokel Mutter eines Teenager-Sohnes und m\u00f6chte Kinder f\u00fcr das Thema Toleranz sensibilisieren.<\/p>\n<p>&nbsp;<\/p>\n<p>&nbsp;<\/p>\n<p>&nbsp;<\/p>\n<figure id=\"attachment_206138\" aria-describedby=\"caption-attachment-206138\" style=\"width: 800px\" class=\"wp-caption alignnone\"><img decoding=\"async\" loading=\"lazy\" class=\"size-large wp-image-206138\" src=\"https:\/\/smago.de\/ws2\/wp-content\/uploads\/2023\/07\/3_NDR_Talk_Show_2016-800x534.jpg\" alt=\"\" width=\"800\" height=\"534\" srcset=\"https:\/\/smago.de\/ws2\/wp-content\/uploads\/2023\/07\/3_NDR_Talk_Show_2016-800x534.jpg 800w, https:\/\/smago.de\/ws2\/wp-content\/uploads\/2023\/07\/3_NDR_Talk_Show_2016-522x348.jpg 522w, https:\/\/smago.de\/ws2\/wp-content\/uploads\/2023\/07\/3_NDR_Talk_Show_2016-225x150.jpg 225w, https:\/\/smago.de\/ws2\/wp-content\/uploads\/2023\/07\/3_NDR_Talk_Show_2016-768x512.jpg 768w, https:\/\/smago.de\/ws2\/wp-content\/uploads\/2023\/07\/3_NDR_Talk_Show_2016-1536x1024.jpg 1536w, https:\/\/smago.de\/ws2\/wp-content\/uploads\/2023\/07\/3_NDR_Talk_Show_2016-2048x1366.jpg 2048w, https:\/\/smago.de\/ws2\/wp-content\/uploads\/2023\/07\/3_NDR_Talk_Show_2016-392x261.jpg 392w, https:\/\/smago.de\/ws2\/wp-content\/uploads\/2023\/07\/3_NDR_Talk_Show_2016-130x87.jpg 130w, https:\/\/smago.de\/ws2\/wp-content\/uploads\/2023\/07\/3_NDR_Talk_Show_2016-667x445.jpg 667w, https:\/\/smago.de\/ws2\/wp-content\/uploads\/2023\/07\/3_NDR_Talk_Show_2016-783x522.jpg 783w, https:\/\/smago.de\/ws2\/wp-content\/uploads\/2023\/07\/3_NDR_Talk_Show_2016-285x190.jpg 285w, https:\/\/smago.de\/ws2\/wp-content\/uploads\/2023\/07\/3_NDR_Talk_Show_2016-435x290.jpg 435w, https:\/\/smago.de\/ws2\/wp-content\/uploads\/2023\/07\/3_NDR_Talk_Show_2016-150x100.jpg 150w, https:\/\/smago.de\/ws2\/wp-content\/uploads\/2023\/07\/3_NDR_Talk_Show_2016-370x247.jpg 370w\" sizes=\"(max-width: 800px) 100vw, 800px\" \/><figcaption id=\"caption-attachment-206138\" class=\"wp-caption-text\"><em>Barbara Sch\u00f6neberger und Hubertus Meyer-Burckhardt sind die Gastgeber der NDR Talk Show<\/em><\/p>\n<p><em>\u00a9 NDR \/ Uwe Ernst<\/em><\/figcaption><\/figure>\n","protected":false},"excerpt":{"rendered":"<p>NDR Fernsehen + HR Fernsehen, 22:00 Uhr &#8211; 00:00 Uhr! Moderation:\u00a0Bettina Tietjen und Hubertus Meyer-Burckhardt!<\/p>\n","protected":false},"author":2,"featured_media":206138,"comment_status":"open","ping_status":"closed","sticky":false,"template":"","format":"standard","meta":{"_FSMCFIC_featured_image_caption":"","_FSMCFIC_featured_image_nocaption":"","_FSMCFIC_featured_image_hide":""},"categories":[29,128],"tags":[254],"acf":[],"_links":{"self":[{"href":"https:\/\/smago.de\/ws2\/wp-json\/wp\/v2\/posts\/206137"}],"collection":[{"href":"https:\/\/smago.de\/ws2\/wp-json\/wp\/v2\/posts"}],"about":[{"href":"https:\/\/smago.de\/ws2\/wp-json\/wp\/v2\/types\/post"}],"author":[{"embeddable":true,"href":"https:\/\/smago.de\/ws2\/wp-json\/wp\/v2\/users\/2"}],"replies":[{"embeddable":true,"href":"https:\/\/smago.de\/ws2\/wp-json\/wp\/v2\/comments?post=206137"}],"version-history":[{"count":1,"href":"https:\/\/smago.de\/ws2\/wp-json\/wp\/v2\/posts\/206137\/revisions"}],"predecessor-version":[{"id":206139,"href":"https:\/\/smago.de\/ws2\/wp-json\/wp\/v2\/posts\/206137\/revisions\/206139"}],"wp:featuredmedia":[{"embeddable":true,"href":"https:\/\/smago.de\/ws2\/wp-json\/wp\/v2\/media\/206138"}],"wp:attachment":[{"href":"https:\/\/smago.de\/ws2\/wp-json\/wp\/v2\/media?parent=206137"}],"wp:term":[{"taxonomy":"category","embeddable":true,"href":"https:\/\/smago.de\/ws2\/wp-json\/wp\/v2\/categories?post=206137"},{"taxonomy":"post_tag","embeddable":true,"href":"https:\/\/smago.de\/ws2\/wp-json\/wp\/v2\/tags?post=206137"}],"curies":[{"name":"wp","href":"https:\/\/api.w.org\/{rel}","templated":true}]}}