{"id":206050,"date":"2023-07-18T23:59:18","date_gmt":"2023-07-18T21:59:18","guid":{"rendered":"https:\/\/smago.de\/ws2\/?p=206050"},"modified":"2023-07-18T23:17:30","modified_gmt":"2023-07-18T21:17:30","slug":"seventino-mit-seinem-neuen-song-moechte-er-fuer-eine-ganze-ewigkeit-an-den-start-gehen","status":"publish","type":"post","link":"https:\/\/smago.de\/ws2\/pop-schlager\/seventino-mit-seinem-neuen-song-moechte-er-fuer-eine-ganze-ewigkeit-an-den-start-gehen\/","title":{"rendered":"SEVENTINO <br>Mit seinem neuen Song m\u00f6chte er &#8222;F\u00fcr eine ganze Ewigkeit&#8220; an den Start gehen!"},"content":{"rendered":"<p>Die Ver\u00f6ffentlichung erfolgt zum 21.07.2023 via Fiesta Records (Andreas Rosmiarek)!<br \/>\n<!--more--><\/p>\n<p>&nbsp;<\/p>\n<p>&nbsp;<\/p>\n<p>&nbsp;<\/p>\n<p style=\"text-align: justify;\">Endlich ist es so weit! SEVENTINO meldet sich mit brandneuer Single und tollem Team zur\u00fcck!<\/p>\n<p style=\"text-align: justify;\">Mit seinem noch aktuellen Song \u201eD\u00e9j\u00e0 Vu\u201c feierte der heute 36-j\u00e4hrige Hechinger Schlagers\u00e4nger\u00a0im Jahr 2021 tolle Erfolge. \u201eD\u00e9j\u00e0 Vu\u201c platzierte sich in den ersten paar Wochen direkt unter\u00a0den Top 100 der Radio Charts &#8222;Deutschland Konservativ Pop&#8220;. Kurze Zeit sp\u00e4ter durfte Seventino sich und seinen Song in der ARD-Sendung \u201eImmer wieder sonntags\u201c pr\u00e4sentieren und feierte so gleichzeitig sein erstes gro\u00dfes TV-Deb\u00fct. Jetzt versucht er mit neuer Kraft und frischem Wind in den Segeln, an alte Erfolge anzukn\u00fcpfen&#8230;<\/p>\n<p style=\"text-align: justify;\">Hierzu hat er sich die beiden Erfolgssongwriter Jascha Welzel und Andreas Schulze an die Seite\u00a0geholt und gemeinsam schrieben sie den wohl herzergreifendsten Song in Seventinos Karriere mit\u00a0dem Titel \u201eF\u00fcr eine ganze Ewigkeit\u201c. Diesen Song widmet Seventino alleinig seinem Sohn als eine ganz pers\u00f6nliche Liebeserkl\u00e4rung.<\/p>\n<p style=\"text-align: justify;\">Musikalisch gab Jascha Welzel als Komponist seine kreativen Ideen dazu. Die Produktion \u00fcbernahm Christian Zikeli (bekannt als C-Base) und Tom Spier. In Summe ergibt das eine schlagkr\u00e4ftige Kompetenz im deutschen Schlager, die man wohl kaum besser zusammenstellen k\u00f6nnte.<\/p>\n<p style=\"text-align: justify;\">\u201eF\u00fcr eine ganze Ewigkeit\u201c ist ein sch\u00f6n-vertr\u00e4umter und zugleich tanzbarer Discofox- und Schlagertitel, den man sich gerne im Radio oder TV anh\u00f6ren mag, aber auch f\u00fcr Tanzlokale und Live-Auftritte perfekt geeignet ist. Szene-Insider sagen hier bereits einen kleinen Radio-Erfolg voraus, um nicht mit dem Wort \u201eHit\u201c zu jonglieren.<\/p>\n","protected":false},"excerpt":{"rendered":"<p>Die Ver\u00f6ffentlichung erfolgt zum 21.07.2023 via Fiesta Records (Andreas Rosmiarek)!<\/p>\n","protected":false},"author":2,"featured_media":206051,"comment_status":"open","ping_status":"closed","sticky":false,"template":"","format":"standard","meta":{"_FSMCFIC_featured_image_caption":"","_FSMCFIC_featured_image_nocaption":"","_FSMCFIC_featured_image_hide":""},"categories":[28],"tags":[2141],"acf":[],"_links":{"self":[{"href":"https:\/\/smago.de\/ws2\/wp-json\/wp\/v2\/posts\/206050"}],"collection":[{"href":"https:\/\/smago.de\/ws2\/wp-json\/wp\/v2\/posts"}],"about":[{"href":"https:\/\/smago.de\/ws2\/wp-json\/wp\/v2\/types\/post"}],"author":[{"embeddable":true,"href":"https:\/\/smago.de\/ws2\/wp-json\/wp\/v2\/users\/2"}],"replies":[{"embeddable":true,"href":"https:\/\/smago.de\/ws2\/wp-json\/wp\/v2\/comments?post=206050"}],"version-history":[{"count":2,"href":"https:\/\/smago.de\/ws2\/wp-json\/wp\/v2\/posts\/206050\/revisions"}],"predecessor-version":[{"id":206053,"href":"https:\/\/smago.de\/ws2\/wp-json\/wp\/v2\/posts\/206050\/revisions\/206053"}],"wp:featuredmedia":[{"embeddable":true,"href":"https:\/\/smago.de\/ws2\/wp-json\/wp\/v2\/media\/206051"}],"wp:attachment":[{"href":"https:\/\/smago.de\/ws2\/wp-json\/wp\/v2\/media?parent=206050"}],"wp:term":[{"taxonomy":"category","embeddable":true,"href":"https:\/\/smago.de\/ws2\/wp-json\/wp\/v2\/categories?post=206050"},{"taxonomy":"post_tag","embeddable":true,"href":"https:\/\/smago.de\/ws2\/wp-json\/wp\/v2\/tags?post=206050"}],"curies":[{"name":"wp","href":"https:\/\/api.w.org\/{rel}","templated":true}]}}